{"id":4817,"date":"2025-10-22T13:43:42","date_gmt":"2025-10-22T12:43:42","guid":{"rendered":"https:\/\/ctalker.org\/?p=4817"},"modified":"2026-01-26T13:55:20","modified_gmt":"2026-01-26T12:55:20","slug":"kurbli-filmklub-19","status":"publish","type":"post","link":"https:\/\/ctalker.org\/rs\/2025\/10\/22\/kurbli-filmklub-19\/","title":{"rendered":"Kurbli Filmklub: Joshua Oppenheimer-Az \u00f6l\u00e9s aktusa"},"content":{"rendered":"\n<p><\/p>\n\n\n\n<p>2025.01.22.\/Szabadka<\/p>\n\n\n\n<p>Joshua Oppenheimer: Az \u00f6l\u00e9s aktusa (The Act of Killing), 2012 amerikai dokumentumfilm, 115 p.<\/p>\n\n\n\n<p class=\"has-text-align-center\">Joshua Oppenheimer amerikai dokumentumfilm-rendez\u0151 kock\u00e1zatos v\u00e1llalkoz\u00e1sba kezdett. 2005 \u00e9s 2011 k\u00f6z\u00f6tt Indon\u00e9zi\u00e1ban forgatott, ahol ekkorra nyugd\u00edjas korba \u00e9rtek azok a m\u00e9g mindig hatalmukat gyakorl\u00f3, gyal\u00e1zatos tetteikre b\u00fcszke gengszterek \u2013 ez a sz\u00f3 ott azt jelentette: \u201eszabad emberek\u201d. A rendhagy\u00f3 dokumentumfilm k\u00e9sz\u00edt\u0151i megszegnek egy fontos etikai szab\u00e1lyt: b\u00e1r l\u00e1tsz\u00f3lag tiszteletben tartj\u00e1k h\u00e1zigazd\u00e1ikat, val\u00f3j\u00e1ban \u00e1tverik a diktat\u00fara csatl\u00f3sait \u2013 m\u00e9ghozz\u00e1 nem is ak\u00e1rhogy.<\/p>\n\n\n\n<p>Bevonj\u00e1k \u0151ket\u00a0<strong><em>Az \u00f6l\u00e9s aktusa<\/em><\/strong>\u00a0elk\u00e9sz\u00edt\u00e9s\u00e9be, \u00edgy saj\u00e1t magukat alak\u00edthatj\u00e1k a rezsim b\u00fcszke gy\u0151ztesei. Oppenheimer\u00e9k elhitetik vel\u00fck, hogy az \u00fajra elj\u00e1tszatott, koreograf\u00e1lt, dramatiz\u00e1lt jelenetekre \u00e9p\u00fcl\u0151 filmet \u0151\u00e9rt\u00fck, v\u00e9res forradalmuk eml\u00e9k\u00e9nek dics\u0151\u00edt\u00e9s\u00e9re k\u00e9sz\u00edtik. Ezzel szemben siker\u00fcl bemutatniuk, ahogyan b\u0171neikkel szembes\u00fclnek a t\u00f6meggyilkosok.<\/p>\n\n\n\n<p>A sz\u00e1mtalan d\u00edjjal kit\u00fcntetett\u00a0<em>Az \u00f6l\u00e9s aktusa<\/em>\u00a0ez id\u00e1ig l\u00e1thatatlan pontjait t\u00e1rja fel egy harmadik vil\u00e1gbeli \u2013 mai sz\u00f3haszn\u00e1lattal: fejl\u0151d\u0151 \u2013 orsz\u00e1g b\u0171n\u00f6s, felel\u0151tlen hatalomgyakorl\u00e1s\u00e1nak, \u00e9s intim k\u00f6zels\u00e9gb\u0151l leplezi le kifejezetten hi\u00fa \u00e9s ostoba vezet\u0151it. Oppenheimer a\u00a0<em>Pancasila Ifj\u00fas\u00e1g<\/em>\u00a0f\u00e9lkatonai hal\u00e1losztag\u00e1nak egyik tagj\u00e1t \u00e9s b\u0171nt\u00e1rsait k\u00f6veti nyomon \u2013 azokat, akik r\u00e9szt vettek a 20. sz\u00e1zad egyik legkev\u00e9sb\u00e9 tanulm\u00e1nyozott \u00e9s emlegetett n\u00e9pirt\u00e1s\u00e1ban. A gyilkosok rendk\u00edv\u00fcli szemsz\u00f6g\u00e9b\u0151l t\u00e1rul el\u00e9nk az 1965-t\u0151l kezd\u0151d\u0151 kiv\u00e9gz\u00e9ssorozat, amely t\u00f6bb sz\u00e1zezer (m\u00e1s becsl\u00e9sek szerint ak\u00e1r 2,5 milli\u00f3) k\u00ednai, etnikai kisebbs\u00e9ghez tartoz\u00f3 \u00e9s szakszervezeti tag meggyilkol\u00e1s\u00e1val j\u00e1rt.<\/p>\n\n\n\n<p>A film f\u0151 jelent\u0151s\u00e9ge abban \u00e1ll, hogy Indon\u00e9zi\u00e1ban elkezd\u0151dhetett az addig elhallgatott t\u00e9ma kibesz\u00e9l\u00e9se. 2013-ban\u00a0<em>az indon\u00e9z korm\u00e1ny \u2013 imm\u00e1r nemzetk\u00f6zi nyom\u00e1s alatt \u2013 el\u0151sz\u00f6r volt k\u00e9nytelen nyilv\u00e1nosan elismerni, hogy az 1965-\u00f6s esem\u00e9nyek emberis\u00e9g elleni b\u0171ntettnek sz\u00e1m\u00edtanak, nem pedig h\u0151sies \u00f6nfel\u00e1ldoz\u00e1snak, ahogyan azt addig az indon\u00e9z iskol\u00e1kban tan\u00edtott\u00e1k.<\/em><br \/><em>(Chris O&#8217;Falt, The Hollywood Reporter)<\/em><\/p>\n\n\n\n<figure class=\"wp-block-gallery has-nested-images columns-default is-cropped wp-block-gallery-2 is-layout-flex wp-block-gallery-is-layout-flex\">\n<figure class=\"wp-block-image size-large\"><img data-opt-id=581787775  fetchpriority=\"high\" decoding=\"async\" width=\"1024\" height=\"576\" data-id=\"4819\" src=\"https:\/\/mladjxeqsxgv.i.optimole.com\/cb:B3zE.b136\/w:1024\/h:576\/q:mauto\/f:best\/https:\/\/ctalker.org\/wp-content\/uploads\/2026\/01\/568626914_10240893599218644_268871791324908681_n.jpg\" alt=\"\" class=\"wp-image-4819\" srcset=\"https:\/\/mladjxeqsxgv.i.optimole.com\/cb:B3zE.b136\/w:1024\/h:576\/q:mauto\/f:best\/https:\/\/ctalker.org\/wp-content\/uploads\/2026\/01\/568626914_10240893599218644_268871791324908681_n.jpg 1024w, https:\/\/mladjxeqsxgv.i.optimole.com\/cb:B3zE.b136\/w:300\/h:169\/q:mauto\/f:best\/https:\/\/ctalker.org\/wp-content\/uploads\/2026\/01\/568626914_10240893599218644_268871791324908681_n.jpg 300w, https:\/\/mladjxeqsxgv.i.optimole.com\/cb:B3zE.b136\/w:768\/h:432\/q:mauto\/f:best\/https:\/\/ctalker.org\/wp-content\/uploads\/2026\/01\/568626914_10240893599218644_268871791324908681_n.jpg 768w, https:\/\/mladjxeqsxgv.i.optimole.com\/cb:B3zE.b136\/w:1080\/h:608\/q:mauto\/f:best\/https:\/\/ctalker.org\/wp-content\/uploads\/2026\/01\/568626914_10240893599218644_268871791324908681_n.jpg 1080w, https:\/\/mladjxeqsxgv.i.optimole.com\/cb:B3zE.b136\/w:1080\/h:608\/q:mauto\/f:best\/dpr:2\/https:\/\/ctalker.org\/wp-content\/uploads\/2026\/01\/568626914_10240893599218644_268871791324908681_n.jpg 2x\" sizes=\"(max-width: 1000px) 100vw, 1000px\" \/><\/figure>\n\n\n\n<figure class=\"wp-block-image size-large\"><img data-opt-id=1515219303  fetchpriority=\"high\" decoding=\"async\" width=\"290\" height=\"173\" data-id=\"4818\" src=\"https:\/\/mladjxeqsxgv.i.optimole.com\/cb:B3zE.b136\/w:auto\/h:auto\/q:mauto\/f:best\/https:\/\/ctalker.org\/wp-content\/uploads\/2026\/01\/images.jpg\" alt=\"\" class=\"wp-image-4818\" srcset=\"https:\/\/mladjxeqsxgv.i.optimole.com\/cb:B3zE.b136\/w:290\/h:173\/q:mauto\/f:best\/https:\/\/ctalker.org\/wp-content\/uploads\/2026\/01\/images.jpg 290w, https:\/\/mladjxeqsxgv.i.optimole.com\/cb:B3zE.b136\/w:290\/h:173\/q:mauto\/f:best\/dpr:2\/https:\/\/ctalker.org\/wp-content\/uploads\/2026\/01\/images.jpg 2x\" sizes=\"(max-width: 290px) 100vw, 290px\" \/><\/figure>\n<\/figure>\n\n\n\n<p>A. O. Scott, a The New York Times \u00edr\u00f3ja jegyzi meg, hogy az emberi kegyetlens\u00e9gekr\u0151l sz\u00f3l\u00f3 filmek \u00e1ltal\u00e1ban az \u00e1ldozatok, t\u00fal\u00e9l\u0151k vagy ellen\u00e1ll\u00f3k szemsz\u00f6g\u00e9t k\u00f6vetik. A halottak megeml\u00e9kez\u00e9st k\u00f6vetelnek, az \u00e9l\u0151knek pedig sz\u00fcks\u00e9g\u00fck van b\u00e1tor\u00edt\u00f3 t\u00f6rt\u00e9netekre a h\u0151siess\u00e9gr\u0151l \u00e9s a kitart\u00e1sr\u00f3l. A n\u00e9z\u0151k t\u00f6bbnyire sz\u00edvesebben azonosulnak az \u00e1rtatlanokkal, a szerencs\u00e9sekkel \u00e9s a b\u00e1trakkal, semmint az emberis\u00e9g elleni b\u0171n\u00f6k sz\u00f6rny\u0171, de m\u00e9gis emberi elk\u00f6vet\u0151ivel. \u2026 Oppenheimer filmje behatol a b\u0171n\u00f6s\u00f6k elm\u00e9j\u00e9be \u00e9s motiv\u00e1ci\u00f3iba, \u00e9s megmutatja a gonosz ismer\u0151s-ban\u00e1lis arc\u00e1t. \u2026<\/p>\n\n\n<div class=\"wp-block-image\">\n<figure class=\"aligncenter size-full is-resized\"><img data-opt-id=464290616  decoding=\"async\" width=\"300\" height=\"168\" src=\"https:\/\/mladjxeqsxgv.i.optimole.com\/cb:B3zE.b136\/w:auto\/h:auto\/q:mauto\/f:best\/https:\/\/ctalker.org\/wp-content\/uploads\/2026\/01\/images-1.jpg\" alt=\"\" class=\"wp-image-4820\" style=\"aspect-ratio:1.7857958987311324;width:300px;height:auto\" srcset=\"https:\/\/mladjxeqsxgv.i.optimole.com\/cb:B3zE.b136\/w:300\/h:168\/q:mauto\/f:best\/https:\/\/ctalker.org\/wp-content\/uploads\/2026\/01\/images-1.jpg 300w, https:\/\/mladjxeqsxgv.i.optimole.com\/cb:B3zE.b136\/w:300\/h:168\/q:mauto\/f:best\/dpr:2\/https:\/\/ctalker.org\/wp-content\/uploads\/2026\/01\/images-1.jpg 2x\" sizes=\"(max-width: 300px) 100vw, 300px\" \/><\/figure>\n<\/div>\n\n\n<p>Oppenheimer t\u00f6bb \u00edzben is elmondta, hogy az indon\u00e9ziai forgat\u00e1s \u00e9lm\u00e9nye sz\u00e1m\u00e1ra olyan volt, mintha 40 \u00e9vvel a m\u00e1sodik vil\u00e1gh\u00e1bor\u00fa ut\u00e1n N\u00e9metorsz\u00e1gba utazott volna, \u00e9s ott m\u00e9g mindig a n\u00e1cikat l\u00e1tn\u00e1 hatalmon.<\/p>\n<p style=\"text-align: right;\">Sz\u00e1sz Csongor<\/p>\n","protected":false},"excerpt":{"rendered":"<p>2025.01.22.\/Szabadka Joshua Oppenheimer: Az \u00f6l\u00e9s aktusa (The Act of Killing), 2012 amerikai dokumentumfilm, 115 p. Joshua Oppenheimer amerikai dokumentumfilm-rendez\u0151 kock\u00e1zatos v\u00e1llalkoz\u00e1sba kezdett. 2005 \u00e9s 2011 k\u00f6z\u00f6tt Indon\u00e9zi\u00e1ban forgatott, ahol ekkorra nyugd\u00edjas korba \u00e9rtek azok&#46;&#46;&#46;<\/p>\n","protected":false},"author":3,"featured_media":4818,"comment_status":"closed","ping_status":"closed","sticky":false,"template":"","format":"standard","meta":{"rop_custom_images_group":[],"rop_custom_messages_group":[],"rop_publish_now":"yes","rop_publish_now_accounts":[],"rop_publish_now_history":[],"rop_publish_now_status":"pending","_themeisle_gutenberg_block_has_review":false,"footnotes":""},"categories":[8,9],"tags":[],"class_list":["post-4817","post","type-post","status-publish","format-standard","has-post-thumbnail","hentry","category-kurbli","category-kurbli-filmklub"],"featured_image_src":"https:\/\/mladjxeqsxgv.i.optimole.com\/cb:B3zE.b136\/w:auto\/h:auto\/q:mauto\/f:best\/https:\/\/ctalker.org\/wp-content\/uploads\/2026\/01\/images.jpg","featured_image_src_square":"https:\/\/mladjxeqsxgv.i.optimole.com\/cb:B3zE.b136\/w:auto\/h:auto\/q:mauto\/f:best\/https:\/\/ctalker.org\/wp-content\/uploads\/2026\/01\/images.jpg","author_info":{"display_name":"Kari","author_link":"https:\/\/ctalker.org\/rs\/author\/karina\/"},"_links":{"self":[{"href":"https:\/\/ctalker.org\/rs\/wp-json\/wp\/v2\/posts\/4817","targetHints":{"allow":["GET"]}}],"collection":[{"href":"https:\/\/ctalker.org\/rs\/wp-json\/wp\/v2\/posts"}],"about":[{"href":"https:\/\/ctalker.org\/rs\/wp-json\/wp\/v2\/types\/post"}],"author":[{"embeddable":true,"href":"https:\/\/ctalker.org\/rs\/wp-json\/wp\/v2\/users\/3"}],"replies":[{"embeddable":true,"href":"https:\/\/ctalker.org\/rs\/wp-json\/wp\/v2\/comments?post=4817"}],"version-history":[{"count":1,"href":"https:\/\/ctalker.org\/rs\/wp-json\/wp\/v2\/posts\/4817\/revisions"}],"predecessor-version":[{"id":4821,"href":"https:\/\/ctalker.org\/rs\/wp-json\/wp\/v2\/posts\/4817\/revisions\/4821"}],"wp:featuredmedia":[{"embeddable":true,"href":"https:\/\/ctalker.org\/rs\/wp-json\/wp\/v2\/media\/4818"}],"wp:attachment":[{"href":"https:\/\/ctalker.org\/rs\/wp-json\/wp\/v2\/media?parent=4817"}],"wp:term":[{"taxonomy":"category","embeddable":true,"href":"https:\/\/ctalker.org\/rs\/wp-json\/wp\/v2\/categories?post=4817"},{"taxonomy":"post_tag","embeddable":true,"href":"https:\/\/ctalker.org\/rs\/wp-json\/wp\/v2\/tags?post=4817"}],"curies":[{"name":"wp","href":"https:\/\/api.w.org\/{rel}","templated":true}]}}