{"id":4610,"date":"2025-04-30T12:38:51","date_gmt":"2025-04-30T11:38:51","guid":{"rendered":"https:\/\/ctalker.org\/?p=4610"},"modified":"2025-06-20T12:45:02","modified_gmt":"2025-06-20T11:45:02","slug":"kurbli-filmklub-fliegauf-bence-rogzitett-beszelgetes","status":"publish","type":"post","link":"https:\/\/ctalker.org\/rs\/2025\/04\/30\/kurbli-filmklub-fliegauf-bence-rogzitett-beszelgetes\/","title":{"rendered":"Kurbli Filmklub-Fliegauf Bence, r\u00f6gz\u00edtett besz\u00e9lget\u00e9s"},"content":{"rendered":"\n<p>Szabadka\/2025.04.30.<\/p>\n\n\n\n<p>A KURBLI Filmklub \u00e1prilis 30-i vend\u00e9ge Fliegauf Bence filmrendez\u0151 volt!<\/p>\n\n\n\n<p>A Ctalker Egyes\u00fclet \u00e1ltal m\u0171k\u00f6dtetett Kurbli idei tematikus vet\u00edt\u00e9ssorozatai t\u00f6bbs\u00e9g\u00e9ben <a><\/a>a filmes limin\u00e1lis terek \u00e9s a perif\u00e9ri\u00e1k \u00e1br\u00e1zol\u00e1s\u00e1val foglalkoztak. Ezen bel\u00fcl kiemelt figyelem ir\u00e1nyult a Vajdas\u00e1gban kev\u00e9sb\u00e9 kibesz\u00e9lt \u00e9s \u00e1tgondolt, szoci\u00e1lisan \u00e9rz\u00e9keny\u00edt\u0151 cig\u00e1ny\/roma t\u00e9m\u00e1ra, valamint az el\u0151\u00edt\u00e9letek \u00e9s az idegengy\u0171l\u00f6let k\u00e9rd\u00e9sk\u00f6r\u00e9re is.<\/p>\n\n\n\n<p>A Csak a sz\u00e9l m\u0171v\u00e9szi reflexi\u00f3 a magyar rom\u00e1kkal szembeni diszkrimin\u00e1ci\u00f3r\u00f3l, a 2008\u20132009-es romagyilkoss\u00e1gok \u00e1rny\u00e9k\u00e1ban.<\/p>\n\n\n\n<p>Ha a mellett\u00fcnk \u00e9l\u0151 cig\u00e1nys\u00e1gr\u00f3l vagy rom\u00e1kr\u00f3l besz\u00e9l\u00fcnk, mit jelent a t\u00f6bbs\u00e9gi t\u00e1rsadalom \u00e1ltal gerjesztett, a cig\u00e1nyok fel\u00e9 elv\u00e1r\u00e1ss\u00e1 v\u00e1lt &#8222;folkl\u00f3r show&#8220;? Mit jelent ebben a kontextusban a gentleman agreement vagy a szegreg\u00e1lt oktat\u00e1s \u00e9s a mindenkori politikai hozz\u00e1\u00e1ll\u00e1s \u00e1ls\u00e1goss\u00e1ga? Fliegauf Bence megd\u00f6bbent\u0151 filmj\u00e9t egy nagyon fontos \u00e9s hi\u00e1nyp\u00f3tl\u00f3 besz\u00e9lget\u00e9s k\u00f6vette.<\/p>\n\n\n\n<figure class=\"wp-block-embed is-type-video is-provider-youtube wp-block-embed-youtube wp-embed-aspect-16-9 wp-has-aspect-ratio\"><div class=\"wp-block-embed__wrapper\">\n<div class=\"video-container\"><iframe title=\"Besz\u00e9lget\u00e9s - Fliegauf Bence: Csak a sz\u00e9l - KURBLI filmklub\" width=\"500\" height=\"281\" src=\"https:\/\/www.youtube.com\/embed\/DocHdEdyDP4?feature=oembed&#038;wmode=opaque\" frameborder=\"0\" allow=\"accelerometer; autoplay; clipboard-write; encrypted-media; gyroscope; picture-in-picture; web-share\" referrerpolicy=\"strict-origin-when-cross-origin\" allowfullscreen><\/iframe><\/div>\n<\/div><\/figure>\n\n\n\n<p><\/p>\n","protected":false},"excerpt":{"rendered":"<p>Szabadka\/2025.04.30. A KURBLI Filmklub \u00e1prilis 30-i vend\u00e9ge Fliegauf Bence filmrendez\u0151 volt! A Ctalker Egyes\u00fclet \u00e1ltal m\u0171k\u00f6dtetett Kurbli idei tematikus vet\u00edt\u00e9ssorozatai t\u00f6bbs\u00e9g\u00e9ben a filmes limin\u00e1lis terek \u00e9s a perif\u00e9ri\u00e1k \u00e1br\u00e1zol\u00e1s\u00e1val foglalkoztak. Ezen bel\u00fcl kiemelt figyelem&#46;&#46;&#46;<\/p>\n","protected":false},"author":3,"featured_media":4543,"comment_status":"closed","ping_status":"closed","sticky":false,"template":"","format":"standard","meta":{"rop_custom_images_group":[],"rop_custom_messages_group":[],"rop_publish_now":"initial","rop_publish_now_accounts":[],"rop_publish_now_history":[],"rop_publish_now_status":"pending","_themeisle_gutenberg_block_has_review":false,"footnotes":""},"categories":[8,9],"tags":[],"class_list":["post-4610","post","type-post","status-publish","format-standard","has-post-thumbnail","hentry","category-kurbli","category-kurbli-filmklub"],"featured_image_src":"https:\/\/mladjxeqsxgv.i.optimole.com\/cb:B3zE.b136\/w:600\/h:400\/q:mauto\/rt:fill\/g:ce\/f:best\/https:\/\/ctalker.org\/wp-content\/uploads\/2025\/05\/Fliegauf-Bence1-990x556-1.webp","featured_image_src_square":"https:\/\/mladjxeqsxgv.i.optimole.com\/cb:B3zE.b136\/w:600\/h:556\/q:mauto\/f:best\/https:\/\/ctalker.org\/wp-content\/uploads\/2025\/05\/Fliegauf-Bence1-990x556-1.webp","author_info":{"display_name":"Kari","author_link":"https:\/\/ctalker.org\/rs\/author\/karina\/"},"_links":{"self":[{"href":"https:\/\/ctalker.org\/rs\/wp-json\/wp\/v2\/posts\/4610","targetHints":{"allow":["GET"]}}],"collection":[{"href":"https:\/\/ctalker.org\/rs\/wp-json\/wp\/v2\/posts"}],"about":[{"href":"https:\/\/ctalker.org\/rs\/wp-json\/wp\/v2\/types\/post"}],"author":[{"embeddable":true,"href":"https:\/\/ctalker.org\/rs\/wp-json\/wp\/v2\/users\/3"}],"replies":[{"embeddable":true,"href":"https:\/\/ctalker.org\/rs\/wp-json\/wp\/v2\/comments?post=4610"}],"version-history":[{"count":1,"href":"https:\/\/ctalker.org\/rs\/wp-json\/wp\/v2\/posts\/4610\/revisions"}],"predecessor-version":[{"id":4612,"href":"https:\/\/ctalker.org\/rs\/wp-json\/wp\/v2\/posts\/4610\/revisions\/4612"}],"wp:featuredmedia":[{"embeddable":true,"href":"https:\/\/ctalker.org\/rs\/wp-json\/wp\/v2\/media\/4543"}],"wp:attachment":[{"href":"https:\/\/ctalker.org\/rs\/wp-json\/wp\/v2\/media?parent=4610"}],"wp:term":[{"taxonomy":"category","embeddable":true,"href":"https:\/\/ctalker.org\/rs\/wp-json\/wp\/v2\/categories?post=4610"},{"taxonomy":"post_tag","embeddable":true,"href":"https:\/\/ctalker.org\/rs\/wp-json\/wp\/v2\/tags?post=4610"}],"curies":[{"name":"wp","href":"https:\/\/api.w.org\/{rel}","templated":true}]}}