{"id":3457,"date":"2024-06-28T17:00:00","date_gmt":"2024-06-28T16:00:00","guid":{"rendered":"https:\/\/ctalker.org\/?p=3457"},"modified":"2025-03-22T16:36:09","modified_gmt":"2025-03-22T15:36:09","slug":"kurbli-filmklub-dombos-fest-2","status":"publish","type":"post","link":"https:\/\/ctalker.org\/rs\/2024\/06\/28\/kurbli-filmklub-dombos-fest-2\/","title":{"rendered":"Kurbli Filmklub-DOMBOS FEST"},"content":{"rendered":"\n<p>M\u00e1sodik nap\/2024. j\u00fanius 28. p\u00e9ntek\/Kishegyes<\/p>\n\n\n\n<p>Ismertet\u0151 a m\u0171sor k\u00edn\u00e1lat\u00e1b\u00f3l:<\/p>\n\n\n\n<p>Jan \u0160vankmajer:<em><strong>&nbsp;A gy\u00f6ny\u00f6r \u00f6sszeesk\u00fcv\u0151i<\/strong><\/em><\/p>\n\n\n\n<p>Konzumkult\u00far\u00e1ban \u00e9l\u0151, mag\u00e1nyos, individualiz\u00e1l\u00f3d\u00f3 cseh polg\u00e1rt\u00e1rsaink elfajzott szabads\u00e1gban tobz\u00f3d\u00f3nak \u00e9s az erk\u00f6lcs\u00f6t csup\u00e1n sz\u00ednlelik. A k\u00fclvil\u00e1g nyilv\u00e1noss\u00e1g\u00e1t ignor\u00e1l\u00f3, zsigeri gy\u00f6ny\u00f6r\u00f6ket titokban meg\u00e9l\u0151, perverz v\u00e1gyak kiel\u00e9g\u00fcl\u00e9s\u00e9t hajszol\u00f3 devi\u00e1ns figur\u00e1k. Ami k\u00f6z\u00f6s benn\u00fck, az a konszenzusos, transzparens polg\u00e1ri \u00e9rt\u00e9kek hamiss\u00e1g\u00e1nak \u00e9s az egy\u00e9n elveszetts\u00e9g\u00e9nek tapasztalata, a csal\u00e1d \u00e9s a kort\u00e1rs kapcsolatok h\u00e1tt\u00e9rbe szorul\u00e1sa. A protokoll\u00e1ris terekben, mint pl. a munkahelyen elv\u00e1rt egy\u00e9ni \u00e9s t\u00e1rsas viselked\u00e9s \u00edrott \u00e9s \u00edratlan szab\u00e1lyai, a felettes \u00e9n seg\u00edts\u00e9g\u00e9vel korl\u00e1tozz\u00e1k a szem\u00e9lyis\u00e9g kreativit\u00e1s\u00e1nak kibontakoz\u00e1s\u00e1t. Ezt kompenz\u00e1lja az egy\u00e9nileg meg\u00e9lt szabadid\u0151s tev\u00e9kenys\u00e9g testet \u00e9s lelket felt\u00f6lt\u0151 id\u0151szaka, a h\u00e9tv\u00e9ge. \u0160vankmajern\u00e9l ebben az \u00e9lett\u00e9rben az ember boldogs\u00e1g\u00e1hoz az \u00f6nazonoss\u00e1g pihentet\u0151 \u00e1llapot\u00e1nak meg\u00e9l\u00e9s\u00e9n t\u00fal, term\u00e9keny akt\u00edv imagin\u00e1ci\u00f3k sz\u00fcks\u00e9gesek a szoci\u00e1lis l\u00e9ny elfojt\u00e1sokb\u00f3l \u00e9s v\u00e1gyakb\u00f3l fakad\u00f3 sz\u00fcks\u00e9gleteinek kiel\u00e9g\u00edt\u00e9s\u00e9re. \u0160vankmajer botr\u00e1nyos filmje ezeket a zugt\u00e9nyked\u00e9seket fesz\u00edti v\u00e1szonra, a film n\u00e9z\u0151inek szembogarai m\u00f6g\u00e9.<\/p>\n\n\n<div class=\"wp-block-image\">\n<figure class=\"aligncenter size-large is-resized\"><img data-opt-id=970857975  fetchpriority=\"high\" decoding=\"async\" width=\"1024\" height=\"727\" src=\"https:\/\/mladjxeqsxgv.i.optimole.com\/cb:B3zE.b136\/w:1024\/h:727\/q:mauto\/f:best\/https:\/\/ctalker.org\/wp-content\/uploads\/2024\/09\/448999797_10234426117615646_9126461663203427887_n.jpg\" alt=\"\" class=\"wp-image-3458\" style=\"width:348px;height:auto\" srcset=\"https:\/\/mladjxeqsxgv.i.optimole.com\/cb:B3zE.b136\/w:1024\/h:727\/q:mauto\/f:best\/https:\/\/ctalker.org\/wp-content\/uploads\/2024\/09\/448999797_10234426117615646_9126461663203427887_n.jpg 1024w, https:\/\/mladjxeqsxgv.i.optimole.com\/cb:B3zE.b136\/w:300\/h:213\/q:mauto\/f:best\/https:\/\/ctalker.org\/wp-content\/uploads\/2024\/09\/448999797_10234426117615646_9126461663203427887_n.jpg 300w, https:\/\/mladjxeqsxgv.i.optimole.com\/cb:B3zE.b136\/w:768\/h:545\/q:mauto\/f:best\/https:\/\/ctalker.org\/wp-content\/uploads\/2024\/09\/448999797_10234426117615646_9126461663203427887_n.jpg 768w, https:\/\/mladjxeqsxgv.i.optimole.com\/cb:B3zE.b136\/w:1521\/h:1080\/q:mauto\/f:best\/https:\/\/ctalker.org\/wp-content\/uploads\/2024\/09\/448999797_10234426117615646_9126461663203427887_n.jpg 1536w, https:\/\/mladjxeqsxgv.i.optimole.com\/cb:B3zE.b136\/w:1522\/h:1080\/q:mauto\/f:best\/https:\/\/ctalker.org\/wp-content\/uploads\/2024\/09\/448999797_10234426117615646_9126461663203427887_n.jpg 1680w, https:\/\/mladjxeqsxgv.i.optimole.com\/cb:B3zE.b136\/w:1522\/h:1080\/q:mauto\/f:best\/dpr:2\/https:\/\/ctalker.org\/wp-content\/uploads\/2024\/09\/448999797_10234426117615646_9126461663203427887_n.jpg 2x\" sizes=\"(max-width: 1000px) 100vw, 1000px\" \/><\/figure>\n<\/div>\n\n\n<p>A sz\u00fcrrealista filmm\u0171v\u00e9szet \u00fajra-felfedez\u0151je kezdetben, a hatvanas \u00e9vek k\u00f6zep\u00e9t\u0151l r\u00f6vid gyurma- \u00e9s b\u00e1banim\u00e1ci\u00f3kat alkot. Jellemz\u0151en stop-motion filmtr\u00fckkel&nbsp;<em>\u201eegyszerre \u00e1lomszer\u0171 \u00e9s illogikus, ugyanakkor zsigeri \u00e9s materi\u00e1lis\u201d<\/em>&nbsp;vil\u00e1gokat \u00e9p\u00edt. K\u00f6t\u0151dik a cseh \u00fajhull\u00e1mhoz, b\u00e1r annak ink\u00e1bb az ut\u00f3\u00e9let\u00e9ben v\u00e1lik meghat\u00e1roz\u00f3v\u00e1.&nbsp;<em>\u201eA kapcsol\u00f3d\u00e1si pontokat a groteszk figuraalkot\u00e1s, a j\u00e1t\u00e9kos, t\u00f6redezett formavil\u00e1g \u00e9s a balj\u00f3s, s\u00f6t\u00e9t humor jelentik.\u201d&nbsp;<\/em>(KR\u00c1NICZ, LICHTER) A 90-es \u00e9vekt\u0151l \u0160vankmajer az \u00e9l\u0151szerepl\u0151s j\u00e1t\u00e9kfilmek fel\u00e9 nyit,&nbsp;<em>\u201eezek a m\u0171vek nemcsak az \u00e9rz\u00e9ki tabus\u00e9rt\u00e9s szintj\u00e9n provokat\u00edvak, hanem gondolatilag is.\u201d<\/em>&nbsp;(VARGA)&nbsp;<em><strong>A gy\u00f6ny\u00f6r \u00f6sszeesk\u00fcv\u0151i&nbsp;<\/strong><\/em>f\u00e9rfih\u0151seiben porn\u00f3magazinok frusztr\u00e1lt b\u0171v\u00f6lete keveredik Jean-Claude Van Damme \u00e9s James Dean filmikonok olcs\u00f3 plak\u00e1tjainak ig\u00e9zet\u00e9vel, a t\u00e9v\u00e9k\u00e9perny\u0151 m\u00e1gi\u00e1j\u00e1nak m\u00e1ni\u00e1j\u00e1val vagy a csupasz b\u0151rh\u00f6z hozz\u00e1\u00e9r\u0151 sz\u0151rm\u00e9k cir\u00f3gat\u00f3 sz\u00e1lainak zsigeri \u00e9lvezet\u00e9vel. A 20. sz\u00e1zadi abszurdba ny\u00fal\u00f3 emberi kreativit\u00e1s, besz\u00e9d n\u00e9lk\u00fcli n\u00e9maj\u00e1t\u00e9kkal el\u0151adott \u00e9rz\u00e9ki formavil\u00e1g\u00e1t, itt komolyzenei al\u00e1fest\u00e9s emeli intellektu\u00e1lisabb t\u00e9rbe, mik\u00f6zben a n\u00e9z\u0151i \u00e9szlel\u00e9st is felfokoz\u00f3 zajok-z\u00f6rejek \u00e9s emberi testhangok dokumentum\u00e9rt\u00e9k\u0171 \u00e9rz\u00e9ki r\u00e9tegei tel\u00edtik az elbesz\u00e9l\u00e9st. A film k\u00e9pvil\u00e1ga olykor pornogr\u00e1f \u00e9s nyersen k\u00f6z\u00f6ns\u00e9ges, de intimit\u00e1s\u00e1nak forr\u00e1sa az emberi pszich\u00e9 egyedi m\u0171k\u00f6d\u00e9s\u00e9nek p\u00e9ld\u00e1z\u00e1s\u00e1n \u00e9s a viselked\u00e9sform\u00e1k elmek\u00f3rtan\u00e1n alapszik. \u0160vankmajer filmj\u00e9t pont \u00e9rz\u00e9keny\u00edtett embers\u00e9gess\u00e9ge t\u00e1vol\u00edtja el a benne rejl\u0151 obszcenit\u00e1s durv\u00e1bb n\u00e9z\u0151i asszoci\u00e1ci\u00f3it\u00f3l.&nbsp;<em>Mert h\u00e1t kinek f\u00e1j az, ha az \u00fagyis csak der\u00e9kig l\u00e1tsz\u00f3 bemond\u00f3n\u0151 l\u00e1b\u00e1t egy lav\u00f3rba, nagyl\u00e1ba ujj\u00e1t egy k\u00f6v\u00e9r hal sz\u00e1j\u00e1ba dugva, s igaz\u00e1n csak apr\u00f3kat sikongatva konfer\u00e1lja be a Dallast?<\/em>&nbsp;(BORI)<\/p>\n\n\n\n<p class=\"has-text-align-right\">Sz\u00e1sz Csongor<\/p>\n\n\n\n<p>Ny\u00edri Kov\u00e1cs Istv\u00e1n: <em><strong>R\u00f6vid, de kem\u00e9ny \u2026 \u00e9letem<\/strong><\/em><\/p>\n\n\n\n<p>Ny\u00edri Kov\u00e1cs Istv\u00e1n budapesti forgat\u00f3k\u00f6nyv\u00edr\u00f3-rendez\u0151 \u00e9s lelkes f\u00fcggetlen-filmes alkot\u00f3t\u00e1rsainak t\u00f6bbs\u00e9ge az ezredfordul\u00f3n indul\u00f3, m\u00e1sodik magyar filmm\u0171v\u00e9szeti aranykor hull\u00e1main bontogatt\u00e1k tehets\u00e9g\u00fcket. Ebben az id\u0151szakban indulnak a meg\u00fajul\u00e1st hull\u00e1mm\u00e1 dagaszt\u00f3 nagyobbak, mint T\u00f6r\u00f6k Ferenc, Hajdu Szabolcs, Fliegauf Benedek, P\u00e1lfi Gy\u00f6rgy, Mundrucz\u00f3 Korn\u00e9l \u00e9s persze Kocsis \u00c1gnes. \u00dagyszint\u00e9n ebben a korban \u00fajul meg \u00e9s indul utols\u00f3 alkot\u00f3i korszaka Hern\u00e1di Gyula \u00e9s Jancs\u00f3 Mikl\u00f3s p\u00e1ros\u00e1nak. Ekkor indulnak \u00faj filmes iskol\u00e1k, mint p\u00e9ld\u00e1ul a Sz\u0151ke Andr\u00e1s \u00e9s Merza G\u00e1bor vezette Polifilm Technikum, amelynek Istv\u00e1n \u00e9s n\u00e9mely alkot\u00f3t\u00e1rsa mellet \u00e9n is a tanul\u00f3ja voltam, \u00e9s ekkor \u00e9li f\u00e9nykor\u00e1t a Mediawave, ahol vet\u00edtik a&nbsp;<em><strong>R\u00f6vid, de kem\u00e9ny \u2026<\/strong><\/em>&nbsp;-t is.<\/p>\n\n\n\n<p>Ny\u00edri Kov\u00e1cs Istv\u00e1n\u00e9k kezdetben k\u00f6lts\u00e9gvet\u00e9s n\u00e9lk\u00fcli r\u00f6vidfilmeket k\u00e9sz\u00edtettek, mint pl. a 2003-as&nbsp;<em><a href=\"https:\/\/www.youtube.com\/watch?v=Dm2T5nq6i64\">\u00c1ramsz\u00fcnet<\/a><\/em>  c\u00edm\u0171, horror m\u0171faj\u00e1t kibelez\u0151 kisj\u00e1t\u00e9kfilm, amelynek operat\u0151rk\u00e9nt magam is a r\u00e9szese lehettem, Ny\u00edri Kov\u00e1cs Istv\u00e1n pedig az egyik f\u0151szerepl\u0151, akinek alkot\u00f3i habitusa&nbsp;<em>Sz\u0171zij\u00e1t\u00e9k&nbsp;<\/em>c\u00edm\u0171 2006-os j\u00e1t\u00e9kfilmj\u00e9vel kezdett mark\u00e1nsabban kirajzol\u00f3dni. Itt m\u00e1r a f\u0151v\u00e1rosi k\u00f6z\u00e9let h\u00edrhedt figur\u00e1it\u00f3l kezdve, a profi, az amat\u0151r- \u00e9s a f\u00fcggetlen-filmes szc\u00e9na nagyjaival dolgozott, mint p\u00e9ld\u00e1ul az&nbsp;<em>uristen@menny.hu<\/em>-b\u00f3l j\u00f3l ismert Di\u00f3ssi G\u00e1borral vagy Jancs\u00f3 szt\u00e1rj\u00e1val Scherer P\u00e9terrel.<\/p>\n\n\n\n<figure class=\"wp-block-gallery has-nested-images columns-default is-cropped wp-block-gallery-2 is-layout-flex wp-block-gallery-is-layout-flex\">\n<figure class=\"wp-block-image size-large\"><img data-opt-id=1874552476  fetchpriority=\"high\" decoding=\"async\" width=\"712\" height=\"401\" data-id=\"3465\" src=\"https:\/\/mladjxeqsxgv.i.optimole.com\/cb:B3zE.b136\/w:auto\/h:auto\/q:mauto\/f:best\/https:\/\/ctalker.org\/wp-content\/uploads\/2024\/06\/441868630_10234425875689598_7317899810164593587_n.jpg\" alt=\"\" class=\"wp-image-3465\" srcset=\"https:\/\/mladjxeqsxgv.i.optimole.com\/cb:B3zE.b136\/w:712\/h:401\/q:mauto\/f:best\/https:\/\/ctalker.org\/wp-content\/uploads\/2024\/06\/441868630_10234425875689598_7317899810164593587_n.jpg 712w, https:\/\/mladjxeqsxgv.i.optimole.com\/cb:B3zE.b136\/w:300\/h:169\/q:mauto\/f:best\/https:\/\/ctalker.org\/wp-content\/uploads\/2024\/06\/441868630_10234425875689598_7317899810164593587_n.jpg 300w, https:\/\/mladjxeqsxgv.i.optimole.com\/cb:B3zE.b136\/w:712\/h:401\/q:mauto\/f:best\/dpr:2\/https:\/\/ctalker.org\/wp-content\/uploads\/2024\/06\/441868630_10234425875689598_7317899810164593587_n.jpg 2x\" sizes=\"(max-width: 712px) 100vw, 712px\" \/><\/figure>\n\n\n\n<figure class=\"wp-block-image size-large\"><img data-opt-id=2057787728  decoding=\"async\" width=\"712\" height=\"401\" data-id=\"3464\" src=\"https:\/\/mladjxeqsxgv.i.optimole.com\/cb:B3zE.b136\/w:auto\/h:auto\/q:mauto\/f:best\/https:\/\/ctalker.org\/wp-content\/uploads\/2024\/06\/448999169_10234425875729599_9151870653503970411_n.jpg\" alt=\"\" class=\"wp-image-3464\" srcset=\"https:\/\/mladjxeqsxgv.i.optimole.com\/cb:B3zE.b136\/w:712\/h:401\/q:mauto\/f:best\/https:\/\/ctalker.org\/wp-content\/uploads\/2024\/06\/448999169_10234425875729599_9151870653503970411_n.jpg 712w, https:\/\/mladjxeqsxgv.i.optimole.com\/cb:B3zE.b136\/w:300\/h:169\/q:mauto\/f:best\/https:\/\/ctalker.org\/wp-content\/uploads\/2024\/06\/448999169_10234425875729599_9151870653503970411_n.jpg 300w, https:\/\/mladjxeqsxgv.i.optimole.com\/cb:B3zE.b136\/w:712\/h:401\/q:mauto\/f:best\/dpr:2\/https:\/\/ctalker.org\/wp-content\/uploads\/2024\/06\/448999169_10234425875729599_9151870653503970411_n.jpg 2x\" sizes=\"(max-width: 712px) 100vw, 712px\" \/><\/figure>\n<\/figure>\n\n\n\n<p>A titokzatos, okkult ezot\u00e9ri\u00e1hoz, a fantasy m\u0171faj\u00e1hoz, a v\u00e1rosi legend\u00e1khoz \u00e9sa h\u00e9tk\u00f6znapi szexualit\u00e1s t\u00f6rt\u00e9neteihez vonz\u00f3d\u00f3 rendez\u0151 m\u00e1sodik nagy dob\u00e1sa a Mester \u00c1kossal \u00e9s Kertai G\u00e1borral k\u00f6z\u00f6sen alkotott&nbsp;<em><strong>R\u00f6vid, de kem\u00e9ny&#8230; \u00e9letem<\/strong><\/em>&nbsp;c\u00edm\u0171 2008-as filmdr\u00e1ma. Ak\u00fcl\u00f6nutas filmrendez\u0151 jellemz\u0151i a<em>&nbsp;<\/em>szatirikus felhang, sok szem\u00e9lyes mot\u00edvum \u00e9s \u00f6nir\u00f3nia.<\/p>\n\n\n\n<p><strong>T\u00f6rt\u00e9net:&nbsp;<\/strong>Korn\u00e9l harmincadik sz\u00fclet\u00e9snapja ut\u00e1n kider\u00fcl, hogy az \u00e1tlagosn\u00e1l sokkal r\u00f6videbb az \u00e9letvonala. A j\u00f6vend\u0151mond\u00f3 szerint, ha nem sz\u00fcletik gyermeke, hamarosan brut\u00e1lis esem\u00e9ny vet v\u00e9get az \u00e9let\u00e9nek. Amikor munkahely\u00e9t fel akarja robbantani k\u00e9t kult\u00farterrorista \u00e9s egy h\u00fasv\u00e9ti ny\u00fal ez \u00e9let\u00e9re t\u00f6r, Korn\u00e9l elkezdi komolyan venni a j\u00f3sn\u0151 intelmeit.<\/p>\n\n\n\n<figure class=\"wp-block-image size-large\"><a href=\"https:\/\/bgazrt.hu\/\" target=\"_blank\" rel=\" noreferrer noopener\"><img data-opt-id=1421912597  loading=\"lazy\" decoding=\"async\" width=\"6000\" height=\"1200\" src=\"https:\/\/mladjxeqsxgv.i.optimole.com\/cb:B3zE.b136\/w:1024\/h:205\/q:mauto\/f:best\/https:\/\/ctalker.org\/wp-content\/uploads\/2024\/06\/NEA_ME_BGA.png?wsr\" alt=\"\" class=\"wp-image-4395\" srcset=\"https:\/\/mladjxeqsxgv.i.optimole.com\/cb:B3zE.b136\/w:1920\/h:384\/q:mauto\/f:best\/https:\/\/ctalker.org\/wp-content\/uploads\/2024\/06\/NEA_ME_BGA.png 6000w, https:\/\/mladjxeqsxgv.i.optimole.com\/cb:B3zE.b136\/w:300\/h:60\/q:mauto\/f:best\/https:\/\/ctalker.org\/wp-content\/uploads\/2024\/06\/NEA_ME_BGA.png 300w, https:\/\/mladjxeqsxgv.i.optimole.com\/cb:B3zE.b136\/w:1024\/h:205\/q:mauto\/f:best\/https:\/\/ctalker.org\/wp-content\/uploads\/2024\/06\/NEA_ME_BGA.png 1024w, https:\/\/mladjxeqsxgv.i.optimole.com\/cb:B3zE.b136\/w:768\/h:154\/q:mauto\/f:best\/https:\/\/ctalker.org\/wp-content\/uploads\/2024\/06\/NEA_ME_BGA.png 768w, https:\/\/mladjxeqsxgv.i.optimole.com\/cb:B3zE.b136\/w:1536\/h:307\/q:mauto\/f:best\/https:\/\/ctalker.org\/wp-content\/uploads\/2024\/06\/NEA_ME_BGA.png 1536w, https:\/\/mladjxeqsxgv.i.optimole.com\/cb:B3zE.b136\/w:1920\/h:384\/q:mauto\/f:best\/https:\/\/ctalker.org\/wp-content\/uploads\/2024\/06\/NEA_ME_BGA.png 2048w, https:\/\/mladjxeqsxgv.i.optimole.com\/cb:B3zE.b136\/w:1920\/h:384\/q:mauto\/f:best\/dpr:2\/https:\/\/ctalker.org\/wp-content\/uploads\/2024\/06\/NEA_ME_BGA.png 2x\" sizes=\"(max-width: 1000px) 100vw, 1000px\" \/><\/a><\/figure>\n\n\n\n<figure class=\"wp-block-image size-large\"><img data-opt-id=274150454  loading=\"lazy\" decoding=\"async\" width=\"1024\" height=\"724\" src=\"https:\/\/mladjxeqsxgv.i.optimole.com\/cb:B3zE.b136\/w:1024\/h:724\/q:mauto\/f:best\/https:\/\/ctalker.org\/wp-content\/uploads\/2024\/09\/3.jpg\" alt=\"\" class=\"wp-image-3459\" srcset=\"https:\/\/mladjxeqsxgv.i.optimole.com\/cb:B3zE.b136\/w:1024\/h:724\/q:mauto\/f:best\/https:\/\/ctalker.org\/wp-content\/uploads\/2024\/09\/3.jpg 1024w, https:\/\/mladjxeqsxgv.i.optimole.com\/cb:B3zE.b136\/w:300\/h:212\/q:mauto\/f:best\/https:\/\/ctalker.org\/wp-content\/uploads\/2024\/09\/3.jpg 300w, https:\/\/mladjxeqsxgv.i.optimole.com\/cb:B3zE.b136\/w:768\/h:543\/q:mauto\/f:best\/https:\/\/ctalker.org\/wp-content\/uploads\/2024\/09\/3.jpg 768w, https:\/\/mladjxeqsxgv.i.optimole.com\/cb:B3zE.b136\/w:1527\/h:1080\/q:mauto\/f:best\/https:\/\/ctalker.org\/wp-content\/uploads\/2024\/09\/3.jpg 1536w, https:\/\/mladjxeqsxgv.i.optimole.com\/cb:B3zE.b136\/w:1527\/h:1080\/q:mauto\/f:best\/https:\/\/ctalker.org\/wp-content\/uploads\/2024\/09\/3.jpg 2000w, https:\/\/mladjxeqsxgv.i.optimole.com\/cb:B3zE.b136\/w:1527\/h:1080\/q:mauto\/f:best\/dpr:2\/https:\/\/ctalker.org\/wp-content\/uploads\/2024\/09\/3.jpg 2x\" sizes=\"(max-width: 1000px) 100vw, 1000px\" \/><\/figure>\n","protected":false},"excerpt":{"rendered":"<p>M\u00e1sodik nap\/2024. j\u00fanius 28. p\u00e9ntek\/Kishegyes Ismertet\u0151 a m\u0171sor k\u00edn\u00e1lat\u00e1b\u00f3l: Jan \u0160vankmajer:&nbsp;A gy\u00f6ny\u00f6r \u00f6sszeesk\u00fcv\u0151i Konzumkult\u00far\u00e1ban \u00e9l\u0151, mag\u00e1nyos, individualiz\u00e1l\u00f3d\u00f3 cseh polg\u00e1rt\u00e1rsaink elfajzott szabads\u00e1gban tobz\u00f3d\u00f3nak \u00e9s az erk\u00f6lcs\u00f6t csup\u00e1n sz\u00ednlelik. A k\u00fclvil\u00e1g nyilv\u00e1noss\u00e1g\u00e1t ignor\u00e1l\u00f3, zsigeri gy\u00f6ny\u00f6r\u00f6ket titokban&#46;&#46;&#46;<\/p>\n","protected":false},"author":3,"featured_media":3459,"comment_status":"closed","ping_status":"closed","sticky":false,"template":"","format":"standard","meta":{"rop_custom_images_group":[],"rop_custom_messages_group":[],"rop_publish_now":"initial","rop_publish_now_accounts":[],"rop_publish_now_history":[],"rop_publish_now_status":"pending","_themeisle_gutenberg_block_has_review":false,"footnotes":""},"categories":[8,9],"tags":[77],"class_list":["post-3457","post","type-post","status-publish","format-standard","has-post-thumbnail","hentry","category-kurbli","category-kurbli-filmklub","tag-dombos-fest"],"featured_image_src":"https:\/\/mladjxeqsxgv.i.optimole.com\/cb:B3zE.b136\/w:auto\/h:auto\/q:mauto\/f:best\/https:\/\/ctalker.org\/wp-content\/uploads\/2024\/09\/3.jpg","featured_image_src_square":"https:\/\/mladjxeqsxgv.i.optimole.com\/cb:B3zE.b136\/w:auto\/h:auto\/q:mauto\/f:best\/https:\/\/ctalker.org\/wp-content\/uploads\/2024\/09\/3.jpg","author_info":{"display_name":"Kari","author_link":"https:\/\/ctalker.org\/rs\/author\/karina\/"},"_links":{"self":[{"href":"https:\/\/ctalker.org\/rs\/wp-json\/wp\/v2\/posts\/3457","targetHints":{"allow":["GET"]}}],"collection":[{"href":"https:\/\/ctalker.org\/rs\/wp-json\/wp\/v2\/posts"}],"about":[{"href":"https:\/\/ctalker.org\/rs\/wp-json\/wp\/v2\/types\/post"}],"author":[{"embeddable":true,"href":"https:\/\/ctalker.org\/rs\/wp-json\/wp\/v2\/users\/3"}],"replies":[{"embeddable":true,"href":"https:\/\/ctalker.org\/rs\/wp-json\/wp\/v2\/comments?post=3457"}],"version-history":[{"count":5,"href":"https:\/\/ctalker.org\/rs\/wp-json\/wp\/v2\/posts\/3457\/revisions"}],"predecessor-version":[{"id":4398,"href":"https:\/\/ctalker.org\/rs\/wp-json\/wp\/v2\/posts\/3457\/revisions\/4398"}],"wp:featuredmedia":[{"embeddable":true,"href":"https:\/\/ctalker.org\/rs\/wp-json\/wp\/v2\/media\/3459"}],"wp:attachment":[{"href":"https:\/\/ctalker.org\/rs\/wp-json\/wp\/v2\/media?parent=3457"}],"wp:term":[{"taxonomy":"category","embeddable":true,"href":"https:\/\/ctalker.org\/rs\/wp-json\/wp\/v2\/categories?post=3457"},{"taxonomy":"post_tag","embeddable":true,"href":"https:\/\/ctalker.org\/rs\/wp-json\/wp\/v2\/tags?post=3457"}],"curies":[{"name":"wp","href":"https:\/\/api.w.org\/{rel}","templated":true}]}}