{"id":3384,"date":"2024-04-23T17:49:09","date_gmt":"2024-04-23T16:49:09","guid":{"rendered":"https:\/\/ctalker.org\/?p=3384"},"modified":"2024-12-18T14:04:38","modified_gmt":"2024-12-18T13:04:38","slug":"kurbli-filmlub-cristian-nemescu-california-dreamin","status":"publish","type":"post","link":"https:\/\/ctalker.org\/rs\/2024\/04\/23\/kurbli-filmlub-cristian-nemescu-california-dreamin\/","title":{"rendered":"Kurbli Filmklub: Cristian Nemescu-California Dreamin&#8217;"},"content":{"rendered":"\n<p>Szabadka\/2024.04.23.<\/p>\n\n\n\n<p>Cristian Nemescu: California Dreamin&#8217; (Nesf\u00e2r\u0219it), 2007, h\u00e1bor\u00fas szat\u00edra, 149 perc<\/p>\n\n\n\n<p class=\"has-text-align-center\">A rom\u00e1n film felemelked\u00e9s\u00e9nek legfontosabb id\u0151szak\u00e1ban k\u00e9sz\u00fclt&nbsp;<em><strong>California Dreamin&#8217;<\/strong><\/em>, k\u00e9zikamer\u00e1s k\u00e9palkot\u00f3 st\u00edlussal oper\u00e1l\u00f3 abszurd humort \u00e9s kisrealizmust vegy\u00edt\u0151 h\u00e1bor\u00fas tragikom\u00e9dia. Alapja igaz t\u00f6rt\u00e9net! A fiatalon elhunyt Cristian Nemescu egyetlen j\u00e1t\u00e9kfilmje az ut\u00f3munka sor\u00e1n maradt befejezetlen. Az el\u0151tte 5 db r\u00f6vidfilmet rendez\u0151 Nemescu alkot\u00e1sa, \u00edgy is sokr\u00e9t\u0171 \u00e9s fergeteges!<\/p>\n\n\n\n<p>1999-ben a koszov\u00f3i h\u00e1bor\u00fa idej\u00e9n NATO katon\u00e1k fontos radar-lok\u00e1tort sz\u00e1ll\u00edtanak Konstanca kik\u00f6t\u0151j\u00e9b\u0151l Szerbia ir\u00e1ny\u00e1ba, \u00e1m egy rom\u00e1niai alf\u00f6ldi vas\u00fat\u00e1llom\u00e1son a sz\u00e1ll\u00edtm\u00e1ny elakad. Doug Jones kapit\u00e1ny (Armand Assante) felh\u00e1borodva tapasztalja, hogy b\u00fcrokratikus okokb\u00f3l, k\u00e9nytelen napokat v\u00e1rakozni az isten h\u00e1ta m\u00f6g\u00f6tt, ahol a lak\u00f3k az ameriaki katon\u00e1k jelenl\u00e9te miatt, k\u00fcl\u00f6nb\u00f6z\u0151 terveket d\u00e9delgetnek j\u00f6v\u0151j\u00fck felvir\u00e1goztat\u00e1s\u00e1ra. C\u00e3p\u00e2lni\u0163a falu el\u00f6lj\u00e1r\u00f3i elhat\u00e1rozz\u00e1k, hogy \u00fcnneps\u00e9get szerveznek. A&nbsp;<em>kelet-eur\u00f3pai kult\u00farsokkot<\/em>&nbsp;szenvedett katon\u00e1k alak\u00edt\u00e1sa sem rossz, de a R\u0103zvan Vasilescu \u00e1ltal j\u00e1tszott \u00e1llom\u00e1sf\u0151n\u00f6k megjelen\u00e9s\u00e9vel a sz\u00edn\u00e9szi hiteless\u00e9g \u00faj \u00e9rtelmet nyer. Mik\u00f6zben szerelmi sz\u00e1lak \u00e9s korrupci\u00f3 bimb\u00f3znak, Johns kapit\u00e1ny hamar megunja a t\u00e9tlens\u00e9get \u00e9s akci\u00f3ba lend\u00fcl.<\/p>\n\n\n\n<figure class=\"wp-block-gallery has-nested-images columns-default is-cropped wp-block-gallery-2 is-layout-flex wp-block-gallery-is-layout-flex\">\n<figure class=\"wp-block-image size-large\"><img data-opt-id=1344058777  fetchpriority=\"high\" decoding=\"async\" width=\"800\" height=\"501\" data-id=\"3386\" src=\"https:\/\/mladjxeqsxgv.i.optimole.com\/cb:B3zE.b136\/w:auto\/h:auto\/q:mauto\/f:best\/https:\/\/ctalker.org\/wp-content\/uploads\/2024\/04\/437728132_10234003172762289_2397628076541569432_n.jpg\" alt=\"\" class=\"wp-image-3386\" srcset=\"https:\/\/mladjxeqsxgv.i.optimole.com\/cb:B3zE.b136\/w:800\/h:501\/q:mauto\/f:best\/https:\/\/ctalker.org\/wp-content\/uploads\/2024\/04\/437728132_10234003172762289_2397628076541569432_n.jpg 800w, https:\/\/mladjxeqsxgv.i.optimole.com\/cb:B3zE.b136\/w:300\/h:188\/q:mauto\/f:best\/https:\/\/ctalker.org\/wp-content\/uploads\/2024\/04\/437728132_10234003172762289_2397628076541569432_n.jpg 300w, https:\/\/mladjxeqsxgv.i.optimole.com\/cb:B3zE.b136\/w:768\/h:481\/q:mauto\/f:best\/https:\/\/ctalker.org\/wp-content\/uploads\/2024\/04\/437728132_10234003172762289_2397628076541569432_n.jpg 768w, https:\/\/mladjxeqsxgv.i.optimole.com\/cb:B3zE.b136\/w:800\/h:501\/q:mauto\/f:best\/dpr:2\/https:\/\/ctalker.org\/wp-content\/uploads\/2024\/04\/437728132_10234003172762289_2397628076541569432_n.jpg 2x\" sizes=\"(max-width: 800px) 100vw, 800px\" \/><\/figure>\n\n\n\n<figure class=\"wp-block-image size-large\"><img data-opt-id=1188859839  fetchpriority=\"high\" decoding=\"async\" width=\"1024\" height=\"674\" data-id=\"3387\" src=\"https:\/\/mladjxeqsxgv.i.optimole.com\/cb:B3zE.b136\/w:1024\/h:674\/q:mauto\/f:best\/https:\/\/ctalker.org\/wp-content\/uploads\/2024\/04\/438088598_10234003173202300_2412813197874623044_n.jpg\" alt=\"\" class=\"wp-image-3387\" srcset=\"https:\/\/mladjxeqsxgv.i.optimole.com\/cb:B3zE.b136\/w:1024\/h:674\/q:mauto\/f:best\/https:\/\/ctalker.org\/wp-content\/uploads\/2024\/04\/438088598_10234003173202300_2412813197874623044_n.jpg 1024w, https:\/\/mladjxeqsxgv.i.optimole.com\/cb:B3zE.b136\/w:300\/h:197\/q:mauto\/f:best\/https:\/\/ctalker.org\/wp-content\/uploads\/2024\/04\/438088598_10234003173202300_2412813197874623044_n.jpg 300w, https:\/\/mladjxeqsxgv.i.optimole.com\/cb:B3zE.b136\/w:768\/h:506\/q:mauto\/f:best\/https:\/\/ctalker.org\/wp-content\/uploads\/2024\/04\/438088598_10234003173202300_2412813197874623044_n.jpg 768w, https:\/\/mladjxeqsxgv.i.optimole.com\/cb:B3zE.b136\/w:1536\/h:1011\/q:mauto\/f:best\/https:\/\/ctalker.org\/wp-content\/uploads\/2024\/04\/438088598_10234003173202300_2412813197874623044_n.jpg 1536w, https:\/\/mladjxeqsxgv.i.optimole.com\/cb:B3zE.b136\/w:1640\/h:1080\/q:mauto\/f:best\/https:\/\/ctalker.org\/wp-content\/uploads\/2024\/04\/438088598_10234003173202300_2412813197874623044_n.jpg 2048w, https:\/\/mladjxeqsxgv.i.optimole.com\/cb:B3zE.b136\/w:1640\/h:1080\/q:mauto\/f:best\/dpr:2\/https:\/\/ctalker.org\/wp-content\/uploads\/2024\/04\/438088598_10234003173202300_2412813197874623044_n.jpg 2x\" sizes=\"(max-width: 1000px) 100vw, 1000px\" \/><\/figure>\n\n\n\n<figure class=\"wp-block-image size-large\"><img data-opt-id=1238839252  decoding=\"async\" width=\"580\" height=\"369\" data-id=\"3385\" src=\"https:\/\/mladjxeqsxgv.i.optimole.com\/cb:B3zE.b136\/w:auto\/h:auto\/q:mauto\/f:best\/https:\/\/ctalker.org\/wp-content\/uploads\/2024\/04\/438089180_10234003172802290_5775333468986510820_n.jpg\" alt=\"\" class=\"wp-image-3385\" srcset=\"https:\/\/mladjxeqsxgv.i.optimole.com\/cb:B3zE.b136\/w:580\/h:369\/q:mauto\/f:best\/https:\/\/ctalker.org\/wp-content\/uploads\/2024\/04\/438089180_10234003172802290_5775333468986510820_n.jpg 580w, https:\/\/mladjxeqsxgv.i.optimole.com\/cb:B3zE.b136\/w:300\/h:191\/q:mauto\/f:best\/https:\/\/ctalker.org\/wp-content\/uploads\/2024\/04\/438089180_10234003172802290_5775333468986510820_n.jpg 300w, https:\/\/mladjxeqsxgv.i.optimole.com\/cb:B3zE.b136\/w:580\/h:369\/q:mauto\/f:best\/dpr:2\/https:\/\/ctalker.org\/wp-content\/uploads\/2024\/04\/438089180_10234003172802290_5775333468986510820_n.jpg 2x\" sizes=\"(max-width: 580px) 100vw, 580px\" \/><\/figure>\n<\/figure>\n\n\n\n<div class=\"x1e56ztr\"><span class=\"x193iq5w xeuugli x13faqbe x1vvkbs x1xmvt09 x6prxxf xvq8zen xo1l8bm xzsf02u\"><i>Nemescu a gazdag, kelet-eur\u00f3pai filmes hagyom\u00e1nyokb\u00f3l \u00e9p\u00edtkez\u0151 h\u00e1tt\u00e9r el\u00e9 helyezte a r\u00f6vidfilmjeiben taglalt p\u00e1rkapcsolati problematik\u00e1t.&nbsp;<\/i>Menzelhez vagy Formanhoz&nbsp;<i>m\u00e9lt\u00f3 parabol\u00e1t rendezett, mely humoros, szerelemmel \u00e1titatott szat\u00edra, mar\u00f3 t\u00e1rsadalomkritika \u00e9s \u00e1t\u00e9lhet\u0151 trag\u00e9dia egyben.<\/i>&nbsp;<i>\u2026 szabad sz\u00e1j\u00fa humora \u00e9s a balk\u00e1ni \u00e1llapotokat b\u00e9kaperspekt\u00edv\u00e1b\u00f3l bemutat\u00f3, kifejezetten hangulatos szc\u00e9n\u00e1i miatt pedig Kusturica r\u00e9gebbi filmjei \u2013 kiv\u00e1lt a\u201995-\u00f6s Underground \u00e9s a \u201998-as Macska-jaj \u2013 juthatnak az esz\u00fcnkbe.&nbsp;<\/i>(Megyeri D\u00e1niel)<\/span><\/div>\n<div class=\"x1e56ztr\"><span class=\"x193iq5w xeuugli x13faqbe x1vvkbs x1xmvt09 x6prxxf xvq8zen xo1l8bm xzsf02u\"><i>A&nbsp;<b>California Dreamin&#8217;<\/b>&nbsp;szat\u00edr\u00e1j\u00e1nak egyar\u00e1nt c\u00e9lpontja a rom\u00e1n kisember, a kelet-eur\u00f3pai b\u00fcrokr\u00e1cia \u00e9s az amerikai k\u00fcldet\u00e9studat. \u2026 h\u00e9zagmentesen illeszkedik a rom\u00e1n \u00fajhull\u00e1m keser\u0171, szkeptikus alkot\u00e1saihoz,&nbsp;<\/i>mint p\u00e9ld\u00e1ul a<i>&nbsp;Lazarescu \u00far hal\u00e1la&nbsp;<\/i>vagy a&nbsp;<i>4 h\u00f3nap, 3 h\u00e9t \u00e9s 2 nap&nbsp;<\/i>\u2013 \u00e1ll\u00edtja Schreiber Andr\u00e1s.<\/span><\/div>\n<div class=\"x1e56ztr\"><span class=\"x193iq5w xeuugli x13faqbe x1vvkbs x1xmvt09 x6prxxf xvq8zen xo1l8bm xzsf02u\">\u2026&nbsp;<i>a vil\u00e1gba \u00fcv\u00f6ltetik mindaz, ami egy kelet-eur\u00f3painak f\u00e1j: a komporsz\u00e1g\u00e9rz\u00e9s, a sehonnais\u00e1g, a k\u00f6r\u00fclker\u00edtetts\u00e9g, az elnyomat\u00e1s, a minden mindegy \u00e9s a mindent lehet \u00e1llatias igazs\u00e1ga. Diplom\u00e1cia? A vil\u00e1gban, ahol egy faxlev\u00e9l sosem \u00e9r c\u00e9lba, ahol a parancsok, a sz\u00e1ll\u00edtm\u00e1nyok, az \u00e9letek elvesznek (elkall\u00f3dnak) a b\u00fcrokr\u00e1cia \u00fatveszt\u0151j\u00e9ben, ott a diplom\u00e1ciai megold\u00e1s alatt k\u00f6z\u00f6s p\u00e1link\u00e1z\u00e1st \u00e9s kurv\u00e1z\u00e1st lehet \u00e9rteni legfeljebb.&nbsp;<\/i>(Muray G\u00e1bor)<\/span><\/div>\n<div class=\"x1e56ztr\" style=\"text-align: justify;\"><span class=\"x193iq5w xeuugli x13faqbe x1vvkbs x1xmvt09 x6prxxf xvq8zen xo1l8bm xzsf02u\"><i>A rom\u00e1noknak vend\u00e9gl\u00e1t\u00e1sb\u00f3l mindenesetre jeles.<\/i>&nbsp;(Z\u00e1goni Bal\u00e1zs)<\/span><\/div>\n<div>&nbsp;<\/div>\n\n\n\n<figure class=\"wp-block-gallery has-nested-images columns-default is-cropped wp-block-gallery-3 is-layout-flex wp-block-gallery-is-layout-flex\">\n<figure class=\"wp-block-image size-large\"><img data-opt-id=197551460  loading=\"lazy\" decoding=\"async\" width=\"1024\" height=\"645\" data-id=\"3389\" src=\"https:\/\/mladjxeqsxgv.i.optimole.com\/cb:B3zE.b136\/w:1024\/h:645\/q:mauto\/f:best\/https:\/\/ctalker.org\/wp-content\/uploads\/2024\/04\/438093889_10234003173962319_5669959365011946453_n.jpg\" alt=\"\" class=\"wp-image-3389\" srcset=\"https:\/\/mladjxeqsxgv.i.optimole.com\/cb:B3zE.b136\/w:1024\/h:645\/q:mauto\/f:best\/https:\/\/ctalker.org\/wp-content\/uploads\/2024\/04\/438093889_10234003173962319_5669959365011946453_n.jpg 1024w, https:\/\/mladjxeqsxgv.i.optimole.com\/cb:B3zE.b136\/w:300\/h:189\/q:mauto\/f:best\/https:\/\/ctalker.org\/wp-content\/uploads\/2024\/04\/438093889_10234003173962319_5669959365011946453_n.jpg 300w, https:\/\/mladjxeqsxgv.i.optimole.com\/cb:B3zE.b136\/w:768\/h:484\/q:mauto\/f:best\/https:\/\/ctalker.org\/wp-content\/uploads\/2024\/04\/438093889_10234003173962319_5669959365011946453_n.jpg 768w, https:\/\/mladjxeqsxgv.i.optimole.com\/cb:B3zE.b136\/w:1536\/h:968\/q:mauto\/f:best\/https:\/\/ctalker.org\/wp-content\/uploads\/2024\/04\/438093889_10234003173962319_5669959365011946453_n.jpg 1536w, https:\/\/mladjxeqsxgv.i.optimole.com\/cb:B3zE.b136\/w:1600\/h:1008\/q:mauto\/f:best\/https:\/\/ctalker.org\/wp-content\/uploads\/2024\/04\/438093889_10234003173962319_5669959365011946453_n.jpg 1600w, https:\/\/mladjxeqsxgv.i.optimole.com\/cb:B3zE.b136\/w:1600\/h:1008\/q:mauto\/f:best\/dpr:2\/https:\/\/ctalker.org\/wp-content\/uploads\/2024\/04\/438093889_10234003173962319_5669959365011946453_n.jpg 2x\" sizes=\"(max-width: 1000px) 100vw, 1000px\" \/><\/figure>\n\n\n\n<figure class=\"wp-block-image size-large\"><img data-opt-id=1192441691  loading=\"lazy\" decoding=\"async\" width=\"430\" height=\"270\" data-id=\"3388\" src=\"https:\/\/mladjxeqsxgv.i.optimole.com\/cb:B3zE.b136\/w:auto\/h:auto\/q:mauto\/f:best\/https:\/\/ctalker.org\/wp-content\/uploads\/2024\/04\/438094412_10234003173722313_1760151702764896834_n.jpg\" alt=\"\" class=\"wp-image-3388\" srcset=\"https:\/\/mladjxeqsxgv.i.optimole.com\/cb:B3zE.b136\/w:430\/h:270\/q:mauto\/f:best\/https:\/\/ctalker.org\/wp-content\/uploads\/2024\/04\/438094412_10234003173722313_1760151702764896834_n.jpg 430w, https:\/\/mladjxeqsxgv.i.optimole.com\/cb:B3zE.b136\/w:300\/h:188\/q:mauto\/f:best\/https:\/\/ctalker.org\/wp-content\/uploads\/2024\/04\/438094412_10234003173722313_1760151702764896834_n.jpg 300w, https:\/\/mladjxeqsxgv.i.optimole.com\/cb:B3zE.b136\/w:430\/h:270\/q:mauto\/f:best\/dpr:2\/https:\/\/ctalker.org\/wp-content\/uploads\/2024\/04\/438094412_10234003173722313_1760151702764896834_n.jpg 2x\" sizes=\"(max-width: 430px) 100vw, 430px\" \/><\/figure>\n<\/figure>\n\n\n\n<p>A film kezd\u0151 inzertj\u00e9n k\u00f6zlem\u00e9ny: a rendez\u0151 2006 augusztus\u00e1ban, a film ut\u00f3munk\u00e1latai idej\u00e9n, aut\u00f3balesetben elhunyt, a filmet abban az \u00e1llapotban mutatj\u00e1k be, ahogy Nemescu \u00f6sszev\u00e1gta, mondv\u00e1n, ez a kor\u00e1ntsem v\u00e9gleges v\u00e1ltozat t\u00fckr\u00f6zi legink\u00e1bb a rendez\u0151 elk\u00e9pzel\u00e9seit. &#8211; \u00cdrja Schreiber Andr\u00e1s a Filmvil\u00e1g Foly\u00f3iratban.<\/p>\n<p>&nbsp;<\/p>\n\n\n<div class=\"wp-block-image\">\n<figure class=\"aligncenter size-full is-resized\"><img data-opt-id=532652539  loading=\"lazy\" decoding=\"async\" width=\"318\" height=\"158\" src=\"https:\/\/mladjxeqsxgv.i.optimole.com\/cb:B3zE.b136\/w:auto\/h:auto\/q:mauto\/f:best\/https:\/\/ctalker.org\/wp-content\/uploads\/2024\/04\/download.jpg\" alt=\"\" class=\"wp-image-3390\" style=\"width:350px;height:auto\" srcset=\"https:\/\/mladjxeqsxgv.i.optimole.com\/cb:B3zE.b136\/w:318\/h:158\/q:mauto\/f:best\/https:\/\/ctalker.org\/wp-content\/uploads\/2024\/04\/download.jpg 318w, https:\/\/mladjxeqsxgv.i.optimole.com\/cb:B3zE.b136\/w:300\/h:149\/q:mauto\/f:best\/https:\/\/ctalker.org\/wp-content\/uploads\/2024\/04\/download.jpg 300w, https:\/\/mladjxeqsxgv.i.optimole.com\/cb:B3zE.b136\/w:318\/h:158\/q:mauto\/f:best\/dpr:2\/https:\/\/ctalker.org\/wp-content\/uploads\/2024\/04\/download.jpg 2x\" sizes=\"(max-width: 318px) 100vw, 318px\" \/><figcaption class=\"wp-element-caption\">Cristian Nemescu rendez\u0151<\/figcaption><\/figure>\n<\/div>\n\n\n<p style=\"text-align: justify;\"><strong>Megyeri D\u00e1niel, Nemescu r\u00f6vidfilmjeir\u0151l:<\/strong><\/p>\n\n\n\n<p style=\"text-align: justify;\">\u201eNemescu a 2000-es La bloc oamenii mor dupa musica \u00e9s a szint\u00e9n beszerezhetetlen Mecano (2001) c\u00edm\u0171 r\u00f6vidfilmekkel kezdte filmes tev\u00e9kenys\u00e9g\u00e9t. A m\u00e9g ebben az \u00e9vben k\u00e9sz\u00fclt, fekete-feh\u00e9r Mihai and Cristina (Mihai si Cristina) m\u00e1r hozz\u00e1f\u00e9rhet\u0151 (megn\u00e9zem). Ebben, a m\u00e1r-m\u00e1r k\u00eds\u00e9rleti formanyelvvel kokett\u00e1l\u00f3 darabban kezdenek el k\u00f6rvonalaz\u00f3dni a Nemescut izgat\u00f3 t\u00e9m\u00e1k, mint a viszonzatlan vagy beteljes\u00fcl(het)etlen szerelem, a N\u0151r\u0151l val\u00f3 mereng\u00e9s, \u00e1br\u00e1ndoz\u00e1s, tov\u00e1bb\u00e1 a rendez\u0151, k\u00fclf\u00f6ldi (f\u0151leg pop \u00e9s rock) bet\u00e9tdalokhoz, valamint abszurd, olykor mesei fordulatokhoz val\u00f3 vonz\u00f3d\u00e1sa is kit\u00fcremkedik. A Mihai and Cristina egy \u00e9jszaka alatt lezajl\u00f3 \u201el\u00e1nyk\u00e9r\u00e9si\u201d k\u00e1lv\u00e1ri\u00e1j\u00e1t pedig ak\u00e1r a Martin Scorsese-f\u00e9le Lid\u00e9rces \u00f3r\u00e1k laza parafr\u00e1zisak\u00e9nt is \u00e9rtelmezhetj\u00fck. A k\u00e9t \u00e9vvel k\u00e9s\u0151bb \u2013 imm\u00e1r sz\u00ednesben \u2013 forgatott C Block Story-ban (Poveste la scara \u2019C\u2019 \u2013 megn\u00e9zem) Nemescu tov\u00e1bb bontogatta ezeket a mot\u00edvumokat, \u00e9s ism\u00e9t egy fiatal, l\u00e1ny ut\u00e1n s\u00f3v\u00e1rg\u00f3 fi\u00fat \u00e1ll\u00edtott filmje k\u00f6z\u00e9ppontj\u00e1ba. A rom\u00e1n r\u00f6gval\u00f3s\u00e1got \u2013 omladoz\u00f3 panelh\u00e1zak, l\u00e1tsz\u00f3lag kommunik\u00e1ci\u00f3k\u00e9ptelen csal\u00e1d, szextelefon-c\u00e9gn\u00e9l dolgoz\u00f3 anya, varr\u00f3gy\u00e1rban dolgoz\u00f3 apa \u2013 Nemescu egy szerepl\u0151k k\u00f6zti apr\u00f3 f\u00e9lre\u00e9rt\u00e9s k\u00f6vetkezt\u00e9ben tudja kiford\u00edtani k\u00f6ny\u00f6rtelen val\u00f3j\u00e1b\u00f3l, \u00e9s egy igaz\u00e1n emberk\u00f6zeli happy enddel lez\u00e1rni cirka negyed\u00f3r\u00e1s filmj\u00e9t. \u00c9s ez az, ami igaz\u00e1n jellemz\u0151 Nemescura: a szem\u00e9lyess\u00e9g. M\u00edg fent eml\u00edtett kort\u00e1rsai 2006-ban a rom\u00e1n rendszerv\u00e1lt\u00e1st k\u00fcl\u00f6nb\u00f6z\u0151 aspektusb\u00f3l meg\u00e9nekl\u0151 opusokat k\u00e9sz\u00edtettek, addig Nemescu a k\u00e9s\u0151bb California Dreamin\u2019 (Nesfarsit \u2013 2007) c\u00edmen ismertt\u00e9 v\u00e1lt, hal\u00e1la miatt be nem fejezett nagyj\u00e1t\u00e9kfilmj\u00e9hez k\u00e9sz\u00edtett el\u0151tanulm\u00e1nyt a Marilena from P7 (Marilena de la P7 \u2013 megn\u00e9zem) k\u00e9p\u00e9ben.\u201d<\/p>\n\n\n\n<p><a href=\"https:\/\/l.facebook.com\/l.php?u=http%3A%2F%2Fprizmafolyoirat.com%2F2010%2F01%2F04%2Fmegyeri-daniel-a-tuzijatek-masik-oldalan-cristian-nemescu-california-dreamin%25E2%2580%2599%2F%3Ffbclid%3DIwZXh0bgNhZW0CMTAAAR1aXHY0J18mdY4y2pD9kT_gmpXetpQxVIknEPAvuZBz_RWx8aexGKJUK84_aem_ATn1WjDRwavzrSt9-nQPdsSuEIxYMJAsmzWKEgMzVEmVod2ueEaMNVPD1njnO4MDNmBBiGKXEHrU5qVpso3hkEpy&#038;h=AT1Iwlg7yeKj59m37rdoH2g2cPeljnPXeJShyvGc1dEQiw0cBNUilTNwCs5UGtJn801xLyimbrQctuYreA3FJDzGYfihFXDPnh7u8ele59VMyyehNR_twKGqafGoX_SzHw&#038;__tn__=R]-R&#038;c[0]=AT2qa0TbTEM65-dftcla1VCodfpztxtvIQxuU4oEyAnngr9P3rZGpU9tibDfaOa6lm6McoOnEDr3XPkVejH2o2am4Bt6tAc5Syi7jr4ufFknCYDY4F5hmyeep-2y1m_8KcP9HZMn0ae19JcXs2lZHHhv0l-C0EiUzd0mrqiKLlfJ5_51mgl7IdhCd5xfth0U85L8YPyRv8g9F3pk0cHUEhilxDCSPfb3t8t7Wl3REt-v0g52\" target=\"_blank\" rel=\"noreferrer noopener\">http:\/\/prizmafolyoirat.com\/&#8230;\/megyeri-daniel-a..<\/a><\/p>\n\n\n\n<p class=\"has-text-align-right\">Sz\u00e1sz Csongor<\/p>\n\n\n\n<p>A programot t\u00e1mogatta: <\/p>\n\n\n\n<figure class=\"wp-block-image size-full is-resized\"><img data-opt-id=196346715  loading=\"lazy\" decoding=\"async\" width=\"490\" height=\"138\" src=\"https:\/\/mladjxeqsxgv.i.optimole.com\/cb:B3zE.b136\/w:auto\/h:auto\/q:mauto\/f:best\/https:\/\/ctalker.org\/wp-content\/uploads\/2024\/01\/Tartomanyi-Oktatasi-Jogalkotasi-Kozigazgatasi-es-Nemzeti-Kissebsegi-Nemzeti-Kozossegi-Titkarsag.jpg\" alt=\"\" class=\"wp-image-4136\" style=\"width:337px;height:auto\" srcset=\"https:\/\/mladjxeqsxgv.i.optimole.com\/cb:B3zE.b136\/w:490\/h:138\/q:mauto\/f:best\/https:\/\/ctalker.org\/wp-content\/uploads\/2024\/01\/Tartomanyi-Oktatasi-Jogalkotasi-Kozigazgatasi-es-Nemzeti-Kissebsegi-Nemzeti-Kozossegi-Titkarsag.jpg 490w, https:\/\/mladjxeqsxgv.i.optimole.com\/cb:B3zE.b136\/w:300\/h:84\/q:mauto\/f:best\/https:\/\/ctalker.org\/wp-content\/uploads\/2024\/01\/Tartomanyi-Oktatasi-Jogalkotasi-Kozigazgatasi-es-Nemzeti-Kissebsegi-Nemzeti-Kozossegi-Titkarsag.jpg 300w, https:\/\/mladjxeqsxgv.i.optimole.com\/cb:B3zE.b136\/w:490\/h:138\/q:mauto\/f:best\/dpr:2\/https:\/\/ctalker.org\/wp-content\/uploads\/2024\/01\/Tartomanyi-Oktatasi-Jogalkotasi-Kozigazgatasi-es-Nemzeti-Kissebsegi-Nemzeti-Kozossegi-Titkarsag.jpg 2x\" sizes=\"(max-width: 490px) 100vw, 490px\" \/><\/figure>\n","protected":false},"excerpt":{"rendered":"<p>Szabadka\/2024.04.23. Cristian Nemescu: California Dreamin&#8217; (Nesf\u00e2r\u0219it), 2007, h\u00e1bor\u00fas szat\u00edra, 149 perc A rom\u00e1n film felemelked\u00e9s\u00e9nek legfontosabb id\u0151szak\u00e1ban k\u00e9sz\u00fclt&nbsp;California Dreamin&#8217;, k\u00e9zikamer\u00e1s k\u00e9palkot\u00f3 st\u00edlussal oper\u00e1l\u00f3 abszurd humort \u00e9s kisrealizmust vegy\u00edt\u0151 h\u00e1bor\u00fas tragikom\u00e9dia. Alapja igaz t\u00f6rt\u00e9net! A&#46;&#46;&#46;<\/p>\n","protected":false},"author":3,"featured_media":3391,"comment_status":"closed","ping_status":"closed","sticky":false,"template":"","format":"standard","meta":{"rop_custom_images_group":[],"rop_custom_messages_group":[],"rop_publish_now":"initial","rop_publish_now_accounts":[],"rop_publish_now_history":[],"rop_publish_now_status":"pending","_themeisle_gutenberg_block_has_review":false,"footnotes":""},"categories":[8,9],"tags":[],"class_list":["post-3384","post","type-post","status-publish","format-standard","has-post-thumbnail","hentry","category-kurbli","category-kurbli-filmklub"],"featured_image_src":"https:\/\/mladjxeqsxgv.i.optimole.com\/cb:B3zE.b136\/w:auto\/h:auto\/q:mauto\/f:best\/https:\/\/ctalker.org\/wp-content\/uploads\/2024\/04\/437529812_10234003172722288_4743736858689553456_n.jpg","featured_image_src_square":"https:\/\/mladjxeqsxgv.i.optimole.com\/cb:B3zE.b136\/w:auto\/h:auto\/q:mauto\/f:best\/https:\/\/ctalker.org\/wp-content\/uploads\/2024\/04\/437529812_10234003172722288_4743736858689553456_n.jpg","author_info":{"display_name":"Kari","author_link":"https:\/\/ctalker.org\/rs\/author\/karina\/"},"_links":{"self":[{"href":"https:\/\/ctalker.org\/rs\/wp-json\/wp\/v2\/posts\/3384","targetHints":{"allow":["GET"]}}],"collection":[{"href":"https:\/\/ctalker.org\/rs\/wp-json\/wp\/v2\/posts"}],"about":[{"href":"https:\/\/ctalker.org\/rs\/wp-json\/wp\/v2\/types\/post"}],"author":[{"embeddable":true,"href":"https:\/\/ctalker.org\/rs\/wp-json\/wp\/v2\/users\/3"}],"replies":[{"embeddable":true,"href":"https:\/\/ctalker.org\/rs\/wp-json\/wp\/v2\/comments?post=3384"}],"version-history":[{"count":3,"href":"https:\/\/ctalker.org\/rs\/wp-json\/wp\/v2\/posts\/3384\/revisions"}],"predecessor-version":[{"id":4160,"href":"https:\/\/ctalker.org\/rs\/wp-json\/wp\/v2\/posts\/3384\/revisions\/4160"}],"wp:featuredmedia":[{"embeddable":true,"href":"https:\/\/ctalker.org\/rs\/wp-json\/wp\/v2\/media\/3391"}],"wp:attachment":[{"href":"https:\/\/ctalker.org\/rs\/wp-json\/wp\/v2\/media?parent=3384"}],"wp:term":[{"taxonomy":"category","embeddable":true,"href":"https:\/\/ctalker.org\/rs\/wp-json\/wp\/v2\/categories?post=3384"},{"taxonomy":"post_tag","embeddable":true,"href":"https:\/\/ctalker.org\/rs\/wp-json\/wp\/v2\/tags?post=3384"}],"curies":[{"name":"wp","href":"https:\/\/api.w.org\/{rel}","templated":true}]}}