{"id":3072,"date":"2023-11-21T11:50:31","date_gmt":"2023-11-21T10:50:31","guid":{"rendered":"https:\/\/ctalker.org\/?p=3072"},"modified":"2023-12-04T12:11:28","modified_gmt":"2023-12-04T11:11:28","slug":"kurbli-filmklub-guillermo-del-toro-ordoggerinc","status":"publish","type":"post","link":"https:\/\/ctalker.org\/rs\/2023\/11\/21\/kurbli-filmklub-guillermo-del-toro-ordoggerinc\/","title":{"rendered":"Kurbli Filmklub: Guillermo Del Toro-\u00d6rd\u00f6ggerinc"},"content":{"rendered":"\n<p>Szabadka\/2023.11.21.<\/p>\n\n\n\n<p>Guillermo Del Toro: \u00d6rd\u00f6ggerinc, 2001, spanyol-mexik\u00f3i h\u00e1bor\u00fas horror dr\u00e1ma, 106 p.<\/p>\n\n\n\n<p class=\"has-text-align-center\">A popul\u00e1ris amerikai zs\u00e1nerfilmeket k\u00e9sz\u00edt\u0151 mexik\u00f3i rendez\u0151t, spanyol polg\u00e1rh\u00e1bor\u00fas keretbe helyezett, er\u0151teljes szerz\u0151is\u00e9get \u00e1raszt\u00f3 r\u00e9m-dr\u00e1m\u00e1i teszik naggy\u00e1. F\u0151bb ismertet\u0151jegyei, \u201ea maszk- \u00e9s tr\u00fckk szakm\u00e1b\u00f3l ad\u00f3d\u00f3 l\u00e1tv\u00e1nyelemek \u00e9s egyedi vonz\u00f3d\u00e1sa a rovarvil\u00e1ghoz \u2026 \u00e9s a katolikus szimb\u00f3lumrendszer adapt\u00e1l\u00e1sa.\u201d (F. Gy.)<\/p>\n\n\n<p style=\"text-align: justify;\">A mitikus t\u00falvil\u00e1ghoz \u00e9s a helyes t\u00f6rt\u00e9nelmi traumakezel\u00e9shez vonz\u00f3d\u00f3 Del Toro legizgalmasabb tulajdons\u00e1ga, hogy k\u00fcl\u00f6nb\u00f6z\u0151 m\u0171faj\u00fa t\u00f6rt\u00e9nets\u00edkokat illeszt egym\u00e1sra. Els\u0151sorban a horror \u00e9s fantasy s\u00edkj\u00e1t vegy\u00edti t\u00f6rt\u00e9nelmi t\u00e9m\u00e1j\u00fa (h\u00e1bor\u00fas) dr\u00e1m\u00e1val. Hibrid m\u0171faj\u00fa remekm\u0171vei miatt nevezhetj\u00fck ez egyik utols\u00f3, nagy, eur\u00f3pai hang\u00fa filmszerz\u0151nek. Varr\u00f3 Attila \u00edrja 2007-ben: \u201e\u00f6n\u00e1ll\u00f3, \u00e9letk\u00e9pes \u00e9s \u00e9rv\u00e9nyes szerz\u0151i \u00e9letm\u0171vet b\u0151 negyed sz\u00e1zada nem \u00e9p\u00edtget friss zs\u00e1nerfilmes.\u201d<\/p>\n\n\n<p style=\"text-align: justify;\">M\u00e1sodik filmje az\u00a0<em><strong>\u00d6rd\u00f6ggerinc\u00a0<\/strong><\/em>a mexik\u00f3i Carlos Taboada\u00a0<em>A sz\u00e9l is megr\u00e9m\u00fclt<\/em>\u00a0c\u00edm\u0171 \u00e1rvah\u00e1zi horrorj\u00e1t dolgozza \u00e1t. Del Toro itt foglalkozik el\u0151sz\u00f6r a Franco rezsim traum\u00e1j\u00e1val, amely \u201eszerinte m\u00e9g mindig egy lez\u00e1ratlan, feldolgozatlan \u00fcgy a spanyol t\u00e1rsadalomban. Szelleme mindm\u00e1ig ott k\u00eds\u00e9rt.\u201d Mes\u00e9inek tov\u00e1bbi fontos eleme az emberi gonoszs\u00e1got els\u00f6pr\u0151 gyermeki \u00e1rtatlans\u00e1g \u00e9s a gyermekkor v\u00e9ge, a kamasz kor zavaros, \u00e1tmeneti \u00e1llapota. \u201eEgy el\u0151\u00e9rzet, ami nagyon hasonl\u00f3 lehet egy k\u00eds\u00e9rtet l\u00e9tez\u00e9s\u00e9nek meg\u00e9rz\u00e9s\u00e9hez.\u201d (Farkas Gy\u00f6rgy)<\/p>\n\n\n\n<p style=\"text-align: justify;\"><em>\u201eMi egy szellem? Egy tragikus esem\u00e9ny, ami arra \u00edt\u00e9ltetett, hogy \u00fajra \u00e9s \u00fajra \u00f6nmag\u00e1t ism\u00e9telje? Egy pillanatnyi f\u00e1jdalom, tal\u00e1n. Valami r\u00e9g halott, ami m\u00e9g \u00e9l\u0151nek t\u0171nik. Egy \u00e9rz\u00e9s, amit nem halv\u00e1ny\u00edt el az id\u0151. Mint egy elmos\u00f3dott f\u00e9nyk\u00e9p. Mint egy borosty\u00e1nba z\u00e1rt bog\u00e1r.\u201d<\/em> (Guillermo del Toro)<\/p>\n\n\n\n<figure class=\"wp-block-gallery has-nested-images columns-default is-cropped wp-block-gallery-2 is-layout-flex wp-block-gallery-is-layout-flex\">\n<figure class=\"wp-block-image size-large\"><img data-opt-id=523426655  fetchpriority=\"high\" decoding=\"async\" width=\"1024\" height=\"576\" data-id=\"3074\" src=\"https:\/\/mladjxeqsxgv.i.optimole.com\/cb:B3zE.b136\/w:1024\/h:576\/q:mauto\/f:best\/https:\/\/ctalker.org\/wp-content\/uploads\/2023\/12\/21080-the-devil-s-backbone_1280x720.webp\" alt=\"\" class=\"wp-image-3074\" srcset=\"https:\/\/mladjxeqsxgv.i.optimole.com\/cb:B3zE.b136\/w:1024\/h:576\/q:mauto\/f:best\/https:\/\/ctalker.org\/wp-content\/uploads\/2023\/12\/21080-the-devil-s-backbone_1280x720.webp 1024w, https:\/\/mladjxeqsxgv.i.optimole.com\/cb:B3zE.b136\/w:300\/h:169\/q:mauto\/f:best\/https:\/\/ctalker.org\/wp-content\/uploads\/2023\/12\/21080-the-devil-s-backbone_1280x720.webp 300w, https:\/\/mladjxeqsxgv.i.optimole.com\/cb:B3zE.b136\/w:768\/h:432\/q:mauto\/f:best\/https:\/\/ctalker.org\/wp-content\/uploads\/2023\/12\/21080-the-devil-s-backbone_1280x720.webp 768w, https:\/\/mladjxeqsxgv.i.optimole.com\/cb:B3zE.b136\/w:1280\/h:720\/q:mauto\/f:best\/https:\/\/ctalker.org\/wp-content\/uploads\/2023\/12\/21080-the-devil-s-backbone_1280x720.webp 1280w, https:\/\/mladjxeqsxgv.i.optimole.com\/cb:B3zE.b136\/w:1280\/h:720\/q:mauto\/f:best\/dpr:2\/https:\/\/ctalker.org\/wp-content\/uploads\/2023\/12\/21080-the-devil-s-backbone_1280x720.webp 2x\" sizes=\"(max-width: 1000px) 100vw, 1000px\" \/><\/figure>\n\n\n\n<figure class=\"wp-block-image size-large\"><img data-opt-id=1443235613  fetchpriority=\"high\" decoding=\"async\" width=\"274\" height=\"184\" data-id=\"3073\" src=\"https:\/\/mladjxeqsxgv.i.optimole.com\/cb:B3zE.b136\/w:auto\/h:auto\/q:mauto\/f:best\/https:\/\/ctalker.org\/wp-content\/uploads\/2023\/12\/403124176_10233183511951281_7992727122414247458_n.jpg\" alt=\"\" class=\"wp-image-3073\" srcset=\"https:\/\/mladjxeqsxgv.i.optimole.com\/cb:B3zE.b136\/w:274\/h:184\/q:mauto\/f:best\/https:\/\/ctalker.org\/wp-content\/uploads\/2023\/12\/403124176_10233183511951281_7992727122414247458_n.jpg 274w, https:\/\/mladjxeqsxgv.i.optimole.com\/cb:B3zE.b136\/w:274\/h:184\/q:mauto\/f:best\/dpr:2\/https:\/\/ctalker.org\/wp-content\/uploads\/2023\/12\/403124176_10233183511951281_7992727122414247458_n.jpg 2x\" sizes=\"(max-width: 274px) 100vw, 274px\" \/><\/figure>\n<\/figure>\n\n\n\n<p style=\"text-align: justify;\">Az \u00f6rd\u00f6ggerinc 1940-ben elnevezett nyitott gerinc. \u201eA n\u00e9phit \u00fagy tartotta, ezek a gyermekek azok, akiknek nem kellett volna megsz\u00fcletni\u00fck. A Franco-f\u00e9le \u00faj Spanyolorsz\u00e1g is egy ilyen \u00fajsz\u00fcl\u00f6tt.\u201d (F. Gy.)<\/p>\n<p style=\"text-align: justify;\">\u201eEzekben a munk\u00e1kban az el\u0151d\u00f6k meg\u00e9rt\u00e9se, a r\u00e9gr\u0151l ered\u0151 tud\u00e1s helyes felhaszn\u00e1l\u00e1sa vagy a t\u00e1voli m\u00faltba vesz\u0151 relikvi\u00e1k megelevened\u00e9se jelent f\u00e9lelmetes pr\u00f3bat\u00e9telt. M\u00e1rpedig az ilyen kih\u00edv\u00e1sok \u2013 a cselekm\u00e9nyvil\u00e1gon bel\u00fcl \u00e9s azon k\u00edv\u00fcl is \u2013 a trad\u00edci\u00f3\u00a0\u00e9s a jelen m\u0171k\u00f6d\u0151k\u00e9pes egys\u00e9gbe rendez\u00e9s\u00e9t k\u00f6vetelik meg.\u201d (\u00c1rva M\u00e1rton)<\/p>\n\n\n\n<figure class=\"wp-block-gallery has-nested-images columns-default is-cropped wp-block-gallery-3 is-layout-flex wp-block-gallery-is-layout-flex\">\n<figure class=\"wp-block-image size-large\"><img data-opt-id=1566447874  decoding=\"async\" width=\"700\" height=\"459\" data-id=\"3075\" src=\"https:\/\/mladjxeqsxgv.i.optimole.com\/cb:B3zE.b136\/w:auto\/h:auto\/q:mauto\/f:best\/https:\/\/ctalker.org\/wp-content\/uploads\/2023\/12\/403193297_10233183510831253_8604526792330812227_n.jpg\" alt=\"\" class=\"wp-image-3075\" srcset=\"https:\/\/mladjxeqsxgv.i.optimole.com\/cb:B3zE.b136\/w:700\/h:459\/q:mauto\/f:best\/https:\/\/ctalker.org\/wp-content\/uploads\/2023\/12\/403193297_10233183510831253_8604526792330812227_n.jpg 700w, https:\/\/mladjxeqsxgv.i.optimole.com\/cb:B3zE.b136\/w:300\/h:197\/q:mauto\/f:best\/https:\/\/ctalker.org\/wp-content\/uploads\/2023\/12\/403193297_10233183510831253_8604526792330812227_n.jpg 300w, https:\/\/mladjxeqsxgv.i.optimole.com\/cb:B3zE.b136\/w:700\/h:459\/q:mauto\/f:best\/dpr:2\/https:\/\/ctalker.org\/wp-content\/uploads\/2023\/12\/403193297_10233183510831253_8604526792330812227_n.jpg 2x\" sizes=\"(max-width: 700px) 100vw, 700px\" \/><\/figure>\n\n\n\n<figure class=\"wp-block-image size-large\"><img data-opt-id=13711831  loading=\"lazy\" decoding=\"async\" width=\"1024\" height=\"576\" data-id=\"3076\" src=\"https:\/\/mladjxeqsxgv.i.optimole.com\/cb:B3zE.b136\/w:1024\/h:576\/q:mauto\/f:best\/https:\/\/ctalker.org\/wp-content\/uploads\/2023\/12\/403999148_10233183511071259_1284932740638259703_n.jpg\" alt=\"\" class=\"wp-image-3076\" srcset=\"https:\/\/mladjxeqsxgv.i.optimole.com\/cb:B3zE.b136\/w:1024\/h:576\/q:mauto\/f:best\/https:\/\/ctalker.org\/wp-content\/uploads\/2023\/12\/403999148_10233183511071259_1284932740638259703_n.jpg 1024w, https:\/\/mladjxeqsxgv.i.optimole.com\/cb:B3zE.b136\/w:300\/h:169\/q:mauto\/f:best\/https:\/\/ctalker.org\/wp-content\/uploads\/2023\/12\/403999148_10233183511071259_1284932740638259703_n.jpg 300w, https:\/\/mladjxeqsxgv.i.optimole.com\/cb:B3zE.b136\/w:768\/h:432\/q:mauto\/f:best\/https:\/\/ctalker.org\/wp-content\/uploads\/2023\/12\/403999148_10233183511071259_1284932740638259703_n.jpg 768w, https:\/\/mladjxeqsxgv.i.optimole.com\/cb:B3zE.b136\/w:1536\/h:864\/q:mauto\/f:best\/https:\/\/ctalker.org\/wp-content\/uploads\/2023\/12\/403999148_10233183511071259_1284932740638259703_n.jpg 1536w, https:\/\/mladjxeqsxgv.i.optimole.com\/cb:B3zE.b136\/w:1920\/h:1080\/q:mauto\/f:best\/https:\/\/ctalker.org\/wp-content\/uploads\/2023\/12\/403999148_10233183511071259_1284932740638259703_n.jpg 1920w, https:\/\/mladjxeqsxgv.i.optimole.com\/cb:B3zE.b136\/w:1920\/h:1080\/q:mauto\/f:best\/dpr:2\/https:\/\/ctalker.org\/wp-content\/uploads\/2023\/12\/403999148_10233183511071259_1284932740638259703_n.jpg 2x\" sizes=\"(max-width: 1000px) 100vw, 1000px\" \/><\/figure>\n<\/figure>\n\n\n\n<p class=\"has-text-align-right\">Sz\u00e1sz Csongor<\/p>\n","protected":false},"excerpt":{"rendered":"<p>Szabadka\/2023.11.21. Guillermo Del Toro: \u00d6rd\u00f6ggerinc, 2001, spanyol-mexik\u00f3i h\u00e1bor\u00fas horror dr\u00e1ma, 106 p. A popul\u00e1ris amerikai zs\u00e1nerfilmeket k\u00e9sz\u00edt\u0151 mexik\u00f3i rendez\u0151t, spanyol polg\u00e1rh\u00e1bor\u00fas keretbe helyezett, er\u0151teljes szerz\u0151is\u00e9get \u00e1raszt\u00f3 r\u00e9m-dr\u00e1m\u00e1i teszik naggy\u00e1. F\u0151bb ismertet\u0151jegyei, \u201ea maszk- \u00e9s&#46;&#46;&#46;<\/p>\n","protected":false},"author":3,"featured_media":3077,"comment_status":"closed","ping_status":"closed","sticky":false,"template":"","format":"standard","meta":{"rop_custom_images_group":[],"rop_custom_messages_group":[],"rop_publish_now":"initial","rop_publish_now_accounts":[],"rop_publish_now_history":[],"rop_publish_now_status":"pending","_themeisle_gutenberg_block_has_review":false,"footnotes":""},"categories":[8,9],"tags":[],"class_list":["post-3072","post","type-post","status-publish","format-standard","has-post-thumbnail","hentry","category-kurbli","category-kurbli-filmklub"],"featured_image_src":"https:\/\/mladjxeqsxgv.i.optimole.com\/cb:B3zE.b136\/w:auto\/h:auto\/q:mauto\/f:best\/https:\/\/ctalker.org\/wp-content\/uploads\/2023\/12\/403137744_10233183511111260_2992613877981810934_n.jpg","featured_image_src_square":"https:\/\/mladjxeqsxgv.i.optimole.com\/cb:B3zE.b136\/w:auto\/h:auto\/q:mauto\/f:best\/https:\/\/ctalker.org\/wp-content\/uploads\/2023\/12\/403137744_10233183511111260_2992613877981810934_n.jpg","author_info":{"display_name":"Kari","author_link":"https:\/\/ctalker.org\/rs\/author\/karina\/"},"_links":{"self":[{"href":"https:\/\/ctalker.org\/rs\/wp-json\/wp\/v2\/posts\/3072","targetHints":{"allow":["GET"]}}],"collection":[{"href":"https:\/\/ctalker.org\/rs\/wp-json\/wp\/v2\/posts"}],"about":[{"href":"https:\/\/ctalker.org\/rs\/wp-json\/wp\/v2\/types\/post"}],"author":[{"embeddable":true,"href":"https:\/\/ctalker.org\/rs\/wp-json\/wp\/v2\/users\/3"}],"replies":[{"embeddable":true,"href":"https:\/\/ctalker.org\/rs\/wp-json\/wp\/v2\/comments?post=3072"}],"version-history":[{"count":1,"href":"https:\/\/ctalker.org\/rs\/wp-json\/wp\/v2\/posts\/3072\/revisions"}],"predecessor-version":[{"id":3078,"href":"https:\/\/ctalker.org\/rs\/wp-json\/wp\/v2\/posts\/3072\/revisions\/3078"}],"wp:featuredmedia":[{"embeddable":true,"href":"https:\/\/ctalker.org\/rs\/wp-json\/wp\/v2\/media\/3077"}],"wp:attachment":[{"href":"https:\/\/ctalker.org\/rs\/wp-json\/wp\/v2\/media?parent=3072"}],"wp:term":[{"taxonomy":"category","embeddable":true,"href":"https:\/\/ctalker.org\/rs\/wp-json\/wp\/v2\/categories?post=3072"},{"taxonomy":"post_tag","embeddable":true,"href":"https:\/\/ctalker.org\/rs\/wp-json\/wp\/v2\/tags?post=3072"}],"curies":[{"name":"wp","href":"https:\/\/api.w.org\/{rel}","templated":true}]}}