{"id":2970,"date":"2023-10-14T20:25:00","date_gmt":"2023-10-14T19:25:00","guid":{"rendered":"https:\/\/ctalker.org\/?p=2970"},"modified":"2023-11-07T20:47:48","modified_gmt":"2023-11-07T19:47:48","slug":"kurbli-filmklub-jafar-panahi-a-kor","status":"publish","type":"post","link":"https:\/\/ctalker.org\/rs\/2023\/10\/14\/kurbli-filmklub-jafar-panahi-a-kor\/","title":{"rendered":"Kurbli Filmklub: Jafar Panahi-A k\u00f6r"},"content":{"rendered":"\n<p>Szabadka\/2013.10.24.<\/p>\n\n\n\n<p><em><strong>\u2013\u00a0<\/strong><\/em>Ir\u00e1ni \u00fajabb hull\u00e1m<\/p>\n\n\n\n<p class=\"has-text-align-center\">\u00dajabb rendszerkritikus \u00e1zsiai fesztiv\u00e1l-kedvenc filmk\u00e9sz\u00edt\u0151, vesz\u00e9lyesnek b\u00e9lyegezett m\u0171v\u00e9sz (Panahit 2010-ben tart\u00f3ztatj\u00e1k le \u2026), aki haz\u00e1j\u00e1ban nem k\u00e9sz\u00edthet filmet<\/p>\n\n\n<p>Jafar Panahi az ir\u00e1ni iszl\u00e1m forradalom ut\u00e1ni id\u0151szak f\u00fcggetlen filmrendez\u0151je. Telev\u00edzi\u00f3s F\u0151iskol\u00e1n v\u00e9gzett \u00e9s Abbas Kiarostami tan\u00edtv\u00e1nyak\u00e9nt kezdte. M\u00e9lyen humanista st\u00edlus\u00e1t, \u00faj-neorealizmusnak is nevezik, mert szociografikus \u00e9s l\u00e9lektani ig\u00e9ny\u0171 bemutat\u00e1st \u00e9s szembes\u00edt\u00e9st v\u00e9gez, mik\u00f6zben a perzsa n\u0151k ellen ir\u00e1nyul\u00f3, re\u00e1lis fizikai \u00e9s lelki terrort visz v\u00e1szonra. Els\u0151 j\u00e1t\u00e9kfilmj\u00e9t,\u00a0<em>A feh\u00e9r l\u00e9gg\u00f6mb<\/em>\u00f6t bemutatt\u00e1k, m\u00edg a m\u00e1sodik,\u00a0<em>A t\u00fck\u00f6r\u00a0<\/em>haz\u00e1j\u00e1ban ismeretlen maradt, a harmadikat,\u00a0<em><strong>A k\u00f6r<\/strong><\/em>t betiltott\u00e1k.<\/p>\n<p>Panahi ett\u0151l a filmj\u00e9t\u0151l kezdve (a val\u00f3s\u00e1gra rezon\u00e1l\u00f3 gyerekek ut\u00e1n:\u00a0<em>A feh\u00e9r l\u00e9gg\u00f6mb<\/em>,\u00a0<em>A t\u00fck\u00f6r<\/em>) \u201ekifejezetten kritikus hangon besz\u00e9l Ir\u00e1nr\u00f3l:\u00a0<em><strong>A k\u00f6r<\/strong><\/em>ben a t\u00e1rsadalom marg\u00f3j\u00e1ra szorult, az abszurd t\u00f6rv\u00e9nyek k\u00f6vetkezt\u00e9ben kriminaliz\u00e1l\u00f3dott n\u0151k\u00e9rt emelt sz\u00f3t.\u201d (Vincze Ter\u00e9z) El\u00e9nk t\u00e1rulnak a szeg\u00e9nyebb negyedekben \u00e9l\u0151 n\u0151k t\u00e1rsadalmi \u00e9s anyagi probl\u00e9m\u00e1i, tragikus jogtipr\u00e1sai \u00e9s kirekesztetts\u00e9g \u00e9lm\u00e9nyei. \u201eNem v\u00e9letlen, hogy ebben a patriarch\u00e1lis rendszerben a f\u0151h\u0151s csak n\u0151 lehet.\u201d (Sz\u0151ke Eszter)<\/p>\n<p>Panahi \u201edogma\u00edz\u0171\u201d asszony-od\u00fcsszei\u00e1ja a klasszikus filmes elbesz\u00e9l\u00e9sm\u00f3dot vegy\u00edti modern dramaturgiai szerkezettel. Dokumentarista krimij\u00e9nek form\u00e1ja \u00e9s tartalma p\u00e1ratlan \u00f6sszhangot k\u00e9peznek. Nem a t\u00f6rt\u00e9net\u00e9t ismerj\u00fck meg a szerepl\u0151knek, hanem a sorsfonal\u00e1t. \u201e\u00dagy s\u00e9t\u00e1l egyik sorsb\u00f3l a m\u00e1sikba a rendez\u0151 az \u00bb\u00e9szrev\u00e9tlen k\u00f6vet\u00e9s\u00ab egyfajta saj\u00e1tos technik\u00e1j\u00e1val, hogy a n\u00e9z\u0151 szinte \u00e9szre sem veszi ezeket a v\u00e1lt\u00e1sokat, s ett\u0151l \u00e1lland\u00f3 bizonytalans\u00e1gba, izgalomba ker\u00fcl, mik\u00e9nt a film f\u0151szerepl\u0151i is. Ez a technika egyr\u00e9szt a szerepl\u0151kkel val\u00f3 azonosul\u00e1st, m\u00e1sr\u00e9szt a figyelem folyamatos fenntart\u00e1s\u00e1t seg\u00edti.\u201d (Sz. E.)<\/p>\n\n<div class=\"wp-block-image\">\n<figure class=\"aligncenter size-full is-resized\"><img data-opt-id=1196458311  fetchpriority=\"high\" decoding=\"async\" width=\"780\" height=\"439\" src=\"https:\/\/mladjxeqsxgv.i.optimole.com\/cb:B3zE.b136\/w:auto\/h:auto\/q:mauto\/f:best\/https:\/\/ctalker.org\/wp-content\/uploads\/2023\/11\/394708669_10233050826714233_2977213541096315002_n.jpg\" alt=\"\" class=\"wp-image-2971\" style=\"aspect-ratio:1.7767653758542141;width:442px;height:auto\" srcset=\"https:\/\/mladjxeqsxgv.i.optimole.com\/cb:B3zE.b136\/w:780\/h:439\/q:mauto\/f:best\/https:\/\/ctalker.org\/wp-content\/uploads\/2023\/11\/394708669_10233050826714233_2977213541096315002_n.jpg 780w, https:\/\/mladjxeqsxgv.i.optimole.com\/cb:B3zE.b136\/w:300\/h:169\/q:mauto\/f:best\/https:\/\/ctalker.org\/wp-content\/uploads\/2023\/11\/394708669_10233050826714233_2977213541096315002_n.jpg 300w, https:\/\/mladjxeqsxgv.i.optimole.com\/cb:B3zE.b136\/w:768\/h:432\/q:mauto\/f:best\/https:\/\/ctalker.org\/wp-content\/uploads\/2023\/11\/394708669_10233050826714233_2977213541096315002_n.jpg 768w, https:\/\/mladjxeqsxgv.i.optimole.com\/cb:B3zE.b136\/w:780\/h:439\/q:mauto\/f:best\/dpr:2\/https:\/\/ctalker.org\/wp-content\/uploads\/2023\/11\/394708669_10233050826714233_2977213541096315002_n.jpg 2x\" sizes=\"(max-width: 780px) 100vw, 780px\" \/><\/figure>\n<\/div>\n\n\n<p style=\"text-align: justify;\">A helysz\u00edn \u2013 Panahin\u00e1l visszat\u00e9r\u0151en \u2013 Teher\u00e1n metropolisz\u00e1nak kiismerhetetlen dzsungele. Val\u00f3s\u00e1gos utc\u00e1k a d\u00edszletek \u00e9s h\u00e9tk\u00f6znapi emberek a mell\u00e9kszerepl\u0151k, j\u00e1r\u00f3kel\u0151k a statiszt\u00e1k, de m\u00e9g a f\u0151szerepl\u0151k k\u00f6z\u00f6tt is akad amat\u0151r. Az otthon bels\u0151i viszont ismeretlenek maradnak, mint ahogyan a f\u00e9rfiakat \u00e9s csal\u00e1dap\u00e1kat is t\u00e1vols\u00e1gtart\u00e1ssal szeml\u00e9lhetj\u00fck. M\u00e9gis, a film n\u00e9z\u00e9se k\u00f6zben, sz\u00e1mtalan helyzet\u00e9t \u00e9s jel\u00e9t ismerhetj\u00fck fel a mag\u00e1ba z\u00e1rt f\u00e9rfiuralom hagyom\u00e1ny\u00e1nak.<\/p>\n\n\n<div class=\"wp-block-image\">\n<figure class=\"aligncenter size-full is-resized\"><img data-opt-id=1250735431  fetchpriority=\"high\" decoding=\"async\" width=\"750\" height=\"492\" src=\"https:\/\/mladjxeqsxgv.i.optimole.com\/cb:B3zE.b136\/w:auto\/h:auto\/q:mauto\/f:best\/https:\/\/ctalker.org\/wp-content\/uploads\/2023\/11\/394524854_10233050827314248_3456602803694172213_n.jpg\" alt=\"\" class=\"wp-image-2972\" style=\"aspect-ratio:1.524390243902439;width:475px;height:auto\" srcset=\"https:\/\/mladjxeqsxgv.i.optimole.com\/cb:B3zE.b136\/w:750\/h:492\/q:mauto\/f:best\/https:\/\/ctalker.org\/wp-content\/uploads\/2023\/11\/394524854_10233050827314248_3456602803694172213_n.jpg 750w, https:\/\/mladjxeqsxgv.i.optimole.com\/cb:B3zE.b136\/w:300\/h:197\/q:mauto\/f:best\/https:\/\/ctalker.org\/wp-content\/uploads\/2023\/11\/394524854_10233050827314248_3456602803694172213_n.jpg 300w, https:\/\/mladjxeqsxgv.i.optimole.com\/cb:B3zE.b136\/w:750\/h:492\/q:mauto\/f:best\/dpr:2\/https:\/\/ctalker.org\/wp-content\/uploads\/2023\/11\/394524854_10233050827314248_3456602803694172213_n.jpg 2x\" sizes=\"(max-width: 750px) 100vw, 750px\" \/><\/figure>\n<\/div>\n\n\n<div dir=\"auto\" style=\"text-align: justify;\">Ha az ir\u00e1ni film t\u00f6rt\u00e9neti, tematikai v\u00e1ltoz\u00e1sait n\u00e9zz\u00fck a \u2013 filmcenz\u00fara m\u00f6g\u00f6tti fundamentalist\u00e1k c\u00e9ljait lassan, de biztosan rombol\u00f3 \u2013 n\u0151k mozg\u00f3k\u00e9pes \u00e1br\u00e1zol\u00e1s\u00e1nak evol\u00faci\u00f3j\u00e1b\u00f3l is kiindulhatunk. <em>\u201eA modern korszakot az \u00bbir\u00e1ni \u00fajhull\u00e1m\u00ab-nak is szokt\u00e1k\u00a0nevezni. Az 1978-84 k\u00f6z\u00f6tt lezajlott forradalom azonban \u2026 a n\u0151k \u00e1br\u00e1zol\u00e1s\u00e1nak megsz\u0171n\u00e9s\u00e9t eredm\u00e9nyezte az \u00e9ppen elindul\u00f3 filmm\u0171v\u00e9szetben. Kialakult az \u00fagynevezett emigr\u00e1ci\u00f3s film fogalma, melyben a hontalans\u00e1g \u00e9s identit\u00e1s k\u00e9rd\u00e9seit feszegett\u00e9k. Az 1983-86 k\u00f6z\u00f6tti konszolid\u00e1ci\u00f3s \u00e9vekben a n\u0151k ism\u00e9t v\u00e1szonra ker\u00fclhettek, soksz\u00edn\u0171 \u00e1br\u00e1zol\u00e1sban, de m\u00e9g ekkor is a k\u00f6telez\u0151 szem\u00e9rmess\u00e9g felt\u00e9tel\u00e9vel enged\u00e9lyezt\u00e9k szerepeltet\u00e9s\u00fcket. \u2026 A n\u0151k \u00e1br\u00e1zol\u00e1sa a 90-es \u00e9vekben lett mer\u00e9szebb. A \u00bbles\u00fct\u00f6tt szem\u00ab egyre ny\u00edltabb, b\u00e1trabb lett, a f\u00e9rfi-n\u0151 kapcsolatok bemutat\u00e1sa \u00e1rnyaltabb\u00e1 v\u00e1lt.\u201d (Sz. E.)<\/em><\/div>\n<div dir=\"auto\" style=\"text-align: justify;\"><em>\u201eNapjainkban egy m\u00e1sodik, cs\u00f6ndes forradalom zajlik, v\u00e1ltoz\u00f3 sikerrel, amelyben t\u00f6bbek k\u00f6z\u00f6tt az emancip\u00e1ci\u00f3 a t\u00e9t. Nem csak a n\u0151k\u00e9.\u201d<\/em> (Bori Erzs\u00e9bet, 2002)<\/div>\n<div dir=\"auto\" style=\"text-align: justify;\">A 2020-as \u00e9vekben is folytat\u00f3dik a m\u00e1r j\u00f3l bev\u00e1lt \u00e9les l\u00e1t\u00f3 val\u00f3s\u00e1g\u00e1br\u00e1zol\u00e1s. Az ir\u00e1ni film tov\u00e1bbra is a cs\u00facsokat j\u00e1rja. P\u00e1r \u00e9vente megjelenik egy \u00fajabb n\u00e9v a filmfesztiv\u00e1lok versenyprogramj\u00e1ban, aki ism\u00e9t egy saj\u00e1t kult\u00fark\u00f6rb\u0151l vett jellegzetess\u00e9get vagy probl\u00e9mak\u00f6rt hangs\u00falyoz a filmnyelv egyetemes st\u00edlust\u00f6rt\u00e9net\u00e9nek ihletetts\u00e9g\u00e9ben.<\/div>\n<div dir=\"auto\" style=\"text-align: right;\">Sz\u00e1sz Csongor<\/div>\n","protected":false},"excerpt":{"rendered":"<p>Szabadka\/2013.10.24. \u2013\u00a0Ir\u00e1ni \u00fajabb hull\u00e1m \u00dajabb rendszerkritikus \u00e1zsiai fesztiv\u00e1l-kedvenc filmk\u00e9sz\u00edt\u0151, vesz\u00e9lyesnek b\u00e9lyegezett m\u0171v\u00e9sz (Panahit 2010-ben tart\u00f3ztatj\u00e1k le \u2026), aki haz\u00e1j\u00e1ban nem k\u00e9sz\u00edthet filmet Jafar Panahi az ir\u00e1ni iszl\u00e1m forradalom ut\u00e1ni id\u0151szak f\u00fcggetlen filmrendez\u0151je. Telev\u00edzi\u00f3s F\u0151iskol\u00e1n&#46;&#46;&#46;<\/p>\n","protected":false},"author":3,"featured_media":2973,"comment_status":"open","ping_status":"closed","sticky":false,"template":"","format":"standard","meta":{"rop_custom_images_group":[],"rop_custom_messages_group":[],"rop_publish_now":"initial","rop_publish_now_accounts":[],"rop_publish_now_history":[],"rop_publish_now_status":"pending","_themeisle_gutenberg_block_has_review":false,"footnotes":""},"categories":[8,9],"tags":[],"class_list":["post-2970","post","type-post","status-publish","format-standard","has-post-thumbnail","hentry","category-kurbli","category-kurbli-filmklub"],"featured_image_src":"https:\/\/mladjxeqsxgv.i.optimole.com\/cb:B3zE.b136\/w:auto\/h:auto\/q:mauto\/f:best\/https:\/\/ctalker.org\/wp-content\/uploads\/2023\/11\/394625101_10233050828034266_5349649282911115340_n.jpg","featured_image_src_square":"https:\/\/mladjxeqsxgv.i.optimole.com\/cb:B3zE.b136\/w:auto\/h:auto\/q:mauto\/f:best\/https:\/\/ctalker.org\/wp-content\/uploads\/2023\/11\/394625101_10233050828034266_5349649282911115340_n.jpg","author_info":{"display_name":"Kari","author_link":"https:\/\/ctalker.org\/rs\/author\/karina\/"},"_links":{"self":[{"href":"https:\/\/ctalker.org\/rs\/wp-json\/wp\/v2\/posts\/2970","targetHints":{"allow":["GET"]}}],"collection":[{"href":"https:\/\/ctalker.org\/rs\/wp-json\/wp\/v2\/posts"}],"about":[{"href":"https:\/\/ctalker.org\/rs\/wp-json\/wp\/v2\/types\/post"}],"author":[{"embeddable":true,"href":"https:\/\/ctalker.org\/rs\/wp-json\/wp\/v2\/users\/3"}],"replies":[{"embeddable":true,"href":"https:\/\/ctalker.org\/rs\/wp-json\/wp\/v2\/comments?post=2970"}],"version-history":[{"count":1,"href":"https:\/\/ctalker.org\/rs\/wp-json\/wp\/v2\/posts\/2970\/revisions"}],"predecessor-version":[{"id":2974,"href":"https:\/\/ctalker.org\/rs\/wp-json\/wp\/v2\/posts\/2970\/revisions\/2974"}],"wp:featuredmedia":[{"embeddable":true,"href":"https:\/\/ctalker.org\/rs\/wp-json\/wp\/v2\/media\/2973"}],"wp:attachment":[{"href":"https:\/\/ctalker.org\/rs\/wp-json\/wp\/v2\/media?parent=2970"}],"wp:term":[{"taxonomy":"category","embeddable":true,"href":"https:\/\/ctalker.org\/rs\/wp-json\/wp\/v2\/categories?post=2970"},{"taxonomy":"post_tag","embeddable":true,"href":"https:\/\/ctalker.org\/rs\/wp-json\/wp\/v2\/tags?post=2970"}],"curies":[{"name":"wp","href":"https:\/\/api.w.org\/{rel}","templated":true}]}}