{"id":2698,"date":"2023-05-02T10:39:45","date_gmt":"2023-05-02T09:39:45","guid":{"rendered":"https:\/\/ctalker.org\/?p=2698"},"modified":"2023-06-05T11:12:47","modified_gmt":"2023-06-05T10:12:47","slug":"kurbli-filmklub-fekete-ibolya-bolse-vita","status":"publish","type":"post","link":"https:\/\/ctalker.org\/rs\/2023\/05\/02\/kurbli-filmklub-fekete-ibolya-bolse-vita\/","title":{"rendered":"Kurbli Filmklub: Fekete Ibolya-Bolse Vita"},"content":{"rendered":"\n<p>Szabadka\/2023.05.02.<\/p>\n\n\n\n<p>Fekete Ibolya: Bolse Vita, 1996, magyar filmdr\u00e1ma, 97 perc<\/p>\n\n\n\n<p>\u201cA rendszerv\u00e1lt\u00e1st k\u00f6vet\u0151 m\u00e1mor, az \u00fajkori n\u00e9pv\u00e1ndorl\u00e1s \u00e9s egy Kazinczy utcai rockkocsma t\u00f6rt\u00e9nete. \u2026 Fekete Ibolya kevert technik\u00e1val forgatta els\u0151 j\u00e1t\u00e9kfilmj\u00e9t, amelynek t\u00f6rt\u00e9neteit a Pesten ragadt oroszokr\u00f3l m\u00e1r Az apokalipszis gyermekei c\u00edm\u0171 dokumentumfilmj\u00e9ben feldolgozta. A\u00a0<em><strong>Bolse vita<\/strong><\/em>\u00a0az \u0151 sorsuk megrendezett, fikt\u00edv m\u00e1sa, amely pontosan k\u00f6veti az \u00e9lett\u00f6rt\u00e9net\u00fcket. Fekete ennek \u00e9rdek\u00e9ben arch\u00edv anyagokat, h\u00edrad\u00f3- \u00e9s dokumentumfelv\u00e9teleket v\u00e1g a j\u00e1t\u00e9kfilmbe. T\u00f6rt\u00e9nelmi horizontj\u00e1t a rendszerv\u00e1lt\u00e1st\u00f3l a d\u00e9lszl\u00e1v h\u00e1bor\u00fa kit\u00f6r\u00e9s\u00e9ig h\u00fazza, amikor a kelet-eur\u00f3pai szabads\u00e1geszm\u00e9ny az etnikai konfliktusok felsz\u00ednre robban\u00e1s\u00e1val v\u00e9gleg csal\u00f3d\u00e1sba fordult. \u2026 A Szovjetuni\u00f3b\u00f3l nyugatra, vagy legal\u00e1bb Jugoszl\u00e1vi\u00e1ba igyekeztek, de gyakran Budapesten k\u00f6t\u00f6ttek ki az emberek. Abban a v\u00e1rosban, amely a nyugatiakat is cs\u00e1b\u00edtotta, \u00e9s egy ideig az izgalmas, ellenz\u00e9ki kult\u00fara f\u0151v\u00e1ros\u00e1nak t\u0171nt. A keletiek sz\u00e1m\u00e1ra Budapest m\u00e1r az \u00e9lhet\u0151 nyugat, ahol kedves emberek laknak, a boltok tele vannak, \u00e9s el\u00e9rhet\u0151ek a nyugati \u00e1rucikkek \u2013 vagyis azt az ide\u00e1lk\u00e9pet testes\u00edti meg sz\u00e1mukra Magyarorsz\u00e1g, amit a magyarok Nyugat-Eur\u00f3p\u00e1ra vet\u00edtenek. A hazai n\u00e9z\u0151 sz\u00e1m\u00e1ra \u00edgy v\u00e1lik egyfajta g\u00f6rbe t\u00fck\u00f6rr\u00e9 a film, amelyben m\u00e1sok gondolatain kereszt\u00fcl ismerhet r\u00e1 saj\u00e1t, kelet-eur\u00f3pai identit\u00e1s\u00e1nak vissz\u00e1ss\u00e1gaira \u00e9s ismertet\u0151jegyeire.\u201d (alapfilmek.hu)<\/p>\n\n\n<div class=\"wp-block-image\">\n<figure class=\"aligncenter size-large is-resized\"><img data-opt-id=957207169  fetchpriority=\"high\" decoding=\"async\" src=\"https:\/\/mladjxeqsxgv.i.optimole.com\/cb:B3zE.b136\/w:1024\/h:741\/q:mauto\/f:best\/https:\/\/ctalker.org\/wp-content\/uploads\/2023\/06\/bolse_vita.jpg\" alt=\"\" class=\"wp-image-2699\" width=\"497\" height=\"359\" srcset=\"https:\/\/mladjxeqsxgv.i.optimole.com\/cb:B3zE.b136\/w:1024\/h:741\/q:mauto\/f:best\/https:\/\/ctalker.org\/wp-content\/uploads\/2023\/06\/bolse_vita.jpg 1024w, https:\/\/mladjxeqsxgv.i.optimole.com\/cb:B3zE.b136\/w:300\/h:217\/q:mauto\/f:best\/https:\/\/ctalker.org\/wp-content\/uploads\/2023\/06\/bolse_vita.jpg 300w, https:\/\/mladjxeqsxgv.i.optimole.com\/cb:B3zE.b136\/w:768\/h:555\/q:mauto\/f:best\/https:\/\/ctalker.org\/wp-content\/uploads\/2023\/06\/bolse_vita.jpg 768w, https:\/\/mladjxeqsxgv.i.optimole.com\/cb:B3zE.b136\/w:1416\/h:1024\/q:mauto\/f:best\/https:\/\/ctalker.org\/wp-content\/uploads\/2023\/06\/bolse_vita.jpg 1416w, https:\/\/mladjxeqsxgv.i.optimole.com\/cb:B3zE.b136\/w:1416\/h:1024\/q:mauto\/f:best\/dpr:2\/https:\/\/ctalker.org\/wp-content\/uploads\/2023\/06\/bolse_vita.jpg 2x\" sizes=\"(max-width: 497px) 100vw, 497px\" \/><\/figure>\n<\/div>\n\n\n<p>\u201cEgy percre \u00fagy t\u0171nik, ki-ki k\u00e9zbe veheti a sors\u00e1t, s noha az \u00faj j\u00e1t\u00e9kszab\u00e1lyok m\u00e9g nem teljesen tiszt\u00e1k, sejteni lehet, hogy a szabads\u00e1g ezen r\u00f6vid \u00e9s kavarg\u00f3an s\u0171r\u0171 napjaiban sok fontos dolog eld\u0151l. \u2026 A&nbsp;<em><strong>Bolse Vita<\/strong><\/em>&nbsp;t\u00f6rt\u00e9net\u00e9t els\u0151sorban az impresszi\u00f3k, \u00e9rzelmek hatj\u00e1k \u00e1t, a szerkezet c\u00edmekkel elv\u00e1lasztott, r\u00f6vid fejezetekb\u0151l \u00e1ll \u00f6ssze, fontos benne a kor hangulat\u00e1t t\u00fckr\u00f6z\u0151 zenehaszn\u00e1lat. A film a szerepl\u0151ket k\u00f6vetve a v\u00e1ros ment\u00e1lis \u00e9s fizikai \u00e1llapot\u00e1t is meg\u00f6r\u00f6k\u00edti, a gangos b\u00e9rh\u00e1zak vil\u00e1g\u00e1t\u00f3l a V\u00f6r\u00f6smarty t\u00e9r decens k\u00f6rnyezet\u00e9n \u00e1t a piac ny\u00fczsg\u0151 lepusztults\u00e1g\u00e1ig.\u201d (Bark\u00f3czi Janka)<\/p>\n\n\n\n<p>\u201c\u2026 itt l\u00e9trej\u00f6tt egy egyed\u00fcl\u00e1ll\u00f3 k\u00f6z\u00f6s t\u00f6rt\u00e9nelmi tapasztalat, ami, azt hiszem, m\u00e9lyebben \u00edv\u00f3dott be az emberekbe \u2026 t\u00fal sok minden t\u00f6rt\u00e9nt, \u00e9s t\u00fal gyorsan. Arra, hogy hogyan \u00e9rezt\u00fck magunkt mondjuk 1990-ben, \u2026 a fene sem eml\u00e9kszik. \u00c9s ez nagyon vesz\u00e9lyes \u2026\u201d (Bihari \u00c1gnes besz\u00e9lget\u00e9se Fekete Iboly\u00e1val)<\/p>\n\n\n\n<p>\u201cA film szerepl\u0151i pontosan, t\u00e9telesen sorolj\u00e1k a nemzed\u00e9kek sor\u00e1n el\u0151\u00e1ll\u00edtott homo sovieticus ism\u00e9rveit.\u201d (Bori Erzs\u00e9bet)<\/p>\n\n\n<div class=\"wp-block-image\">\n<figure class=\"aligncenter size-full\"><img data-opt-id=343639570  fetchpriority=\"high\" decoding=\"async\" width=\"620\" height=\"360\" src=\"https:\/\/mladjxeqsxgv.i.optimole.com\/cb:B3zE.b136\/w:auto\/h:auto\/q:mauto\/f:best\/https:\/\/ctalker.org\/wp-content\/uploads\/2023\/06\/bolse-vita-2.jpg\" alt=\"\" class=\"wp-image-2700\" srcset=\"https:\/\/mladjxeqsxgv.i.optimole.com\/cb:B3zE.b136\/w:620\/h:360\/q:mauto\/f:best\/https:\/\/ctalker.org\/wp-content\/uploads\/2023\/06\/bolse-vita-2.jpg 620w, https:\/\/mladjxeqsxgv.i.optimole.com\/cb:B3zE.b136\/w:300\/h:174\/q:mauto\/f:best\/https:\/\/ctalker.org\/wp-content\/uploads\/2023\/06\/bolse-vita-2.jpg 300w, https:\/\/mladjxeqsxgv.i.optimole.com\/cb:B3zE.b136\/w:620\/h:360\/q:mauto\/f:best\/dpr:2\/https:\/\/ctalker.org\/wp-content\/uploads\/2023\/06\/bolse-vita-2.jpg 2x\" sizes=\"(max-width: 620px) 100vw, 620px\" \/><\/figure>\n<\/div>\n\n\n<p>1973-t\u00f3l a BBS-ben a fikci\u00f3s dokumentumfilmek ker\u00fcltek el\u0151t\u00e9rbe a dokumentarista szeml\u00e9leten bel\u00fcl. A Budapesti Iskola mott\u00f3ja az volt, hogyan lehet a val\u00f3s\u00e1gos \u00e9letesem\u00e9nyek tagolatlan folyamat\u00e1b\u00f3l, egy dramaturgiailag megszerkeszthet\u0151 egys\u00e9get\u00a0kiragadni. A st\u00edlus \u00faj\u00edt\u00e1sainak az epicentrum\u00e1ban a k\u00f6z\u00e9rzet atmoszf\u00e9r\u00e1j\u00e1nak a kifejez\u00e9sre juttat\u00e1sa \u00e1llt. &#8230;<\/p>\n\n\n\n<p class=\"has-text-align-right\">Sz\u00e1sz Csongor<\/p>\n","protected":false},"excerpt":{"rendered":"<p>Szabadka\/2023.05.02. Fekete Ibolya: Bolse Vita, 1996, magyar filmdr\u00e1ma, 97 perc \u201cA rendszerv\u00e1lt\u00e1st k\u00f6vet\u0151 m\u00e1mor, az \u00fajkori n\u00e9pv\u00e1ndorl\u00e1s \u00e9s egy Kazinczy utcai rockkocsma t\u00f6rt\u00e9nete. \u2026 Fekete Ibolya kevert technik\u00e1val forgatta els\u0151 j\u00e1t\u00e9kfilmj\u00e9t, amelynek t\u00f6rt\u00e9neteit a&#46;&#46;&#46;<\/p>\n","protected":false},"author":3,"featured_media":2701,"comment_status":"open","ping_status":"closed","sticky":false,"template":"","format":"standard","meta":{"rop_custom_images_group":[],"rop_custom_messages_group":[],"rop_publish_now":"initial","rop_publish_now_accounts":[],"rop_publish_now_history":[],"rop_publish_now_status":"pending","_themeisle_gutenberg_block_has_review":false,"footnotes":""},"categories":[8,9],"tags":[],"class_list":["post-2698","post","type-post","status-publish","format-standard","has-post-thumbnail","hentry","category-kurbli","category-kurbli-filmklub"],"featured_image_src":"https:\/\/mladjxeqsxgv.i.optimole.com\/cb:B3zE.b136\/w:auto\/h:auto\/q:mauto\/f:best\/https:\/\/ctalker.org\/wp-content\/uploads\/2023\/06\/bolse-vita-4.jpg","featured_image_src_square":"https:\/\/mladjxeqsxgv.i.optimole.com\/cb:B3zE.b136\/w:auto\/h:auto\/q:mauto\/f:best\/https:\/\/ctalker.org\/wp-content\/uploads\/2023\/06\/bolse-vita-4.jpg","author_info":{"display_name":"Kari","author_link":"https:\/\/ctalker.org\/rs\/author\/karina\/"},"_links":{"self":[{"href":"https:\/\/ctalker.org\/rs\/wp-json\/wp\/v2\/posts\/2698","targetHints":{"allow":["GET"]}}],"collection":[{"href":"https:\/\/ctalker.org\/rs\/wp-json\/wp\/v2\/posts"}],"about":[{"href":"https:\/\/ctalker.org\/rs\/wp-json\/wp\/v2\/types\/post"}],"author":[{"embeddable":true,"href":"https:\/\/ctalker.org\/rs\/wp-json\/wp\/v2\/users\/3"}],"replies":[{"embeddable":true,"href":"https:\/\/ctalker.org\/rs\/wp-json\/wp\/v2\/comments?post=2698"}],"version-history":[{"count":1,"href":"https:\/\/ctalker.org\/rs\/wp-json\/wp\/v2\/posts\/2698\/revisions"}],"predecessor-version":[{"id":2702,"href":"https:\/\/ctalker.org\/rs\/wp-json\/wp\/v2\/posts\/2698\/revisions\/2702"}],"wp:featuredmedia":[{"embeddable":true,"href":"https:\/\/ctalker.org\/rs\/wp-json\/wp\/v2\/media\/2701"}],"wp:attachment":[{"href":"https:\/\/ctalker.org\/rs\/wp-json\/wp\/v2\/media?parent=2698"}],"wp:term":[{"taxonomy":"category","embeddable":true,"href":"https:\/\/ctalker.org\/rs\/wp-json\/wp\/v2\/categories?post=2698"},{"taxonomy":"post_tag","embeddable":true,"href":"https:\/\/ctalker.org\/rs\/wp-json\/wp\/v2\/tags?post=2698"}],"curies":[{"name":"wp","href":"https:\/\/api.w.org\/{rel}","templated":true}]}}