{"id":2685,"date":"2023-05-30T23:45:21","date_gmt":"2023-05-30T22:45:21","guid":{"rendered":"https:\/\/ctalker.org\/?p=2685"},"modified":"2023-06-02T23:46:20","modified_gmt":"2023-06-02T22:46:20","slug":"kurbli-filmklub-korosi-mate-divak","status":"publish","type":"post","link":"https:\/\/ctalker.org\/rs\/2023\/05\/30\/kurbli-filmklub-korosi-mate-divak\/","title":{"rendered":"Kurbli Filmklub: K\u0151r\u00f6si M\u00e1t\u00e9-D\u00edv\u00e1k"},"content":{"rendered":"\n<p>Szabadka\/2023.05.30.<\/p>\n\n\n\n<p>K\u0151r\u00f6si M\u00e1t\u00e9: D\u00edv\u00e1k, 2021, magyar dokumentumfilm, 80 perc<\/p>\n\n\n\n<p class=\"has-text-align-center\">Mi t\u00f6rt\u00e9nhet h\u00e1rom h\u00fasz\u00e9ves budapesti l\u00e1nnyal ma Magyarorsz\u00e1gon? \u2013 teszi fel naivan az els\u0151 k\u00e9rd\u00e9st a narr\u00e1tork\u00e9nt megsz\u00f3lal\u00f3 rendez\u0151<\/p>\n\n\n\n<p>K\u0151r\u00f6si M\u00e1t\u00e9 kamer\u00e1j\u00e1val t\u00f6bb \u00e9vig k\u00f6veti az els\u0151 r\u00e1n\u00e9z\u00e9sre komolytalan l\u00e1nyokat, mik\u00f6zben a fiatalokr\u00f3l r\u00e1 visszat\u00fckr\u00f6z\u0151d\u0151 egyre dr\u00e1maibb k\u00e9p \u00e9s a fiatal feln\u0151ttek tud\u00e1sa birtok\u00e1ban saj\u00e1t nevel\u0151d\u00e9st\u00f6rt\u00e9net\u00e9t is felrajzolja. \u201eMegmutatja, mi minden rejt\u0151zik a Z gener\u00e1ci\u00f3s fiatalok laza st\u00edlusa, tr\u00e1g\u00e1r besz\u00e9de \u00e9s hib\u00e1tlan sminkje m\u00f6g\u00f6tt. \u2026 k\u00f6nnyen n\u00e9zhet\u0151, s amellett, hogy roppant humoros \u00e9s vag\u00e1ny, igaz\u00e1n \u00e9rz\u00e9keny \u00e9s megr\u00e1z\u00f3 \u2026\u201d (T\u00f3th-Bert\u00f3k Eszter) Emese, Tina \u00e9s Szani j\u00f3 bar\u00e1tn\u0151kk\u00e9 v\u00e1lhattak, mert k\u00f6z\u00f6s \u00e9lettapasztalattal \u00e9s sorselemekkel rendelkeznek. Persze ami a felsz\u00ednen l\u00e1zad\u00f3, devi\u00e1ns viselked\u00e9s, a m\u00f6g\u00f6tt \u00e1ltal\u00e1ban t\u00f6bbr\u0151l van sz\u00f3. Ezek a karakteres, de semmik\u00e9ppen nem egyed\u00fcl\u00e1ll\u00f3 \u00e9lettapasztal\u00e1sok pedig felnagy\u00edtj\u00e1k azokat a kamaszokat \u00e9rint\u0151 beilleszked\u00e9si, \u00e9letvezet\u00e9si, \u00f6n\u00e9rt\u00e9kel\u00e9si stb. probl\u00e9m\u00e1kat, melyeket a vel\u00fck rokonszenvez\u0151 \u00f6nreflex\u00edv rendez\u0151nek brav\u00farosan siker\u00fcl kifejeznie.\u00a0<\/p>\n\n\n<div class=\"wp-block-image\">\n<figure class=\"aligncenter size-full is-resized\"><img data-opt-id=113226069  fetchpriority=\"high\" decoding=\"async\" src=\"https:\/\/mladjxeqsxgv.i.optimole.com\/cb:B3zE.b136\/w:auto\/h:auto\/q:mauto\/f:best\/https:\/\/ctalker.org\/wp-content\/uploads\/2023\/06\/350312603_801157128106475_8777855626745061035_n.jpg\" alt=\"\" class=\"wp-image-2686\" width=\"593\" height=\"334\" srcset=\"https:\/\/mladjxeqsxgv.i.optimole.com\/cb:B3zE.b136\/w:808\/h:455\/q:mauto\/f:best\/https:\/\/ctalker.org\/wp-content\/uploads\/2023\/06\/350312603_801157128106475_8777855626745061035_n.jpg 808w, https:\/\/mladjxeqsxgv.i.optimole.com\/cb:B3zE.b136\/w:300\/h:169\/q:mauto\/f:best\/https:\/\/ctalker.org\/wp-content\/uploads\/2023\/06\/350312603_801157128106475_8777855626745061035_n.jpg 300w, https:\/\/mladjxeqsxgv.i.optimole.com\/cb:B3zE.b136\/w:768\/h:432\/q:mauto\/f:best\/https:\/\/ctalker.org\/wp-content\/uploads\/2023\/06\/350312603_801157128106475_8777855626745061035_n.jpg 768w, https:\/\/mladjxeqsxgv.i.optimole.com\/cb:B3zE.b136\/w:808\/h:455\/q:mauto\/f:best\/dpr:2\/https:\/\/ctalker.org\/wp-content\/uploads\/2023\/06\/350312603_801157128106475_8777855626745061035_n.jpg 2x\" sizes=\"(max-width: 593px) 100vw, 593px\" \/><\/figure>\n<\/div>\n\n\n<p>A dokumentumfilm text\u00far\u00e1j\u00e1n kezdetben anim\u00e1ci\u00f3s figurak\u00e9nt, k\u00e9s\u0151bb \u00e9l\u0151 alakban is megjelen\u0151 kamer\u00e1s alkot\u00f3, ugyanis arra k\u00e9ri a l\u00e1nyokat, hogy k\u00e9sz\u00edtsenek vide\u00f3kat magukr\u00f3l. Ezek az intim, portr\u00e9szer\u0171 telefonos bejelentkez\u00e9sek k\u00e9pezik a film f\u0151 vizu\u00e1lis erej\u00e9t. Karizmatikus d\u00edv\u00e1ink beengednek \u00e9let\u00fck legintenz\u00edvebb id\u0151szak\u00e1nak legintimebb m\u00e9lys\u00e9geibe \u00e9s k\u00f6nnyed \u00f6r\u00f6meibe. Szavakba \u00f6nt\u00f6tt j\u00f3zan, s\u00falyos gondolataik \u0151szintes\u00e9g\u00e9n\u00e9l, tal\u00e1n csak az \u00e9letbe vetett bizalmuk \u00e9s felel\u0151ss\u00e9g\u00e9rzet\u00fck a rem\u00e9nykelt\u0151bb. A feln\u0151tt\u00e9 v\u00e1l\u00e1s t\u00f6rt\u00e9net\u00e9t feldolgoz\u00f3 (coming of age) sodr\u00f3 lend\u00fclet\u0171 dokumentumfilmet azon t\u00fal, hogy M\u00e1t\u00e9 nagyon szerencs\u00e9sen tal\u00e1l r\u00e1 bombasztikus karaktereire, az teszi hat\u00e1sos nemzed\u00e9ki k\u00f6z\u00e9rzetfilmm\u00e9, hogy a fiatal rendez\u0151 a m\u00e9rhetetlen\u00fcl nyitott l\u00e1nyokkal sz\u0151tt bizalmas bar\u00e1tkoz\u00e1s sor\u00e1n a k\u00f6z\u00f6s diskurzusban \u2013 a\u00a0<em><strong>D\u00edv\u00e1k<\/strong><\/em>b\u00f3l \u2013 \u00e9rint\u0151legesen saj\u00e1t t\u00f6rt\u00e9net\u00e9t is elmes\u00e9li.<\/p>\n\n\n<div class=\"wp-block-image\">\n<figure class=\"aligncenter size-large is-resized\"><img data-opt-id=1352209940  fetchpriority=\"high\" decoding=\"async\" src=\"https:\/\/mladjxeqsxgv.i.optimole.com\/cb:B3zE.b136\/w:1024\/h:576\/q:mauto\/f:best\/https:\/\/ctalker.org\/wp-content\/uploads\/2023\/06\/350534001_1292696421657488_9104953040051107710_n.jpg\" alt=\"\" class=\"wp-image-2687\" width=\"555\" height=\"311\" srcset=\"https:\/\/mladjxeqsxgv.i.optimole.com\/cb:B3zE.b136\/w:1024\/h:576\/q:mauto\/f:best\/https:\/\/ctalker.org\/wp-content\/uploads\/2023\/06\/350534001_1292696421657488_9104953040051107710_n.jpg 1024w, https:\/\/mladjxeqsxgv.i.optimole.com\/cb:B3zE.b136\/w:300\/h:169\/q:mauto\/f:best\/https:\/\/ctalker.org\/wp-content\/uploads\/2023\/06\/350534001_1292696421657488_9104953040051107710_n.jpg 300w, https:\/\/mladjxeqsxgv.i.optimole.com\/cb:B3zE.b136\/w:768\/h:432\/q:mauto\/f:best\/https:\/\/ctalker.org\/wp-content\/uploads\/2023\/06\/350534001_1292696421657488_9104953040051107710_n.jpg 768w, https:\/\/mladjxeqsxgv.i.optimole.com\/cb:B3zE.b136\/w:1536\/h:864\/q:mauto\/f:best\/https:\/\/ctalker.org\/wp-content\/uploads\/2023\/06\/350534001_1292696421657488_9104953040051107710_n.jpg 1536w, https:\/\/mladjxeqsxgv.i.optimole.com\/cb:B3zE.b136\/w:1777\/h:1000\/q:mauto\/f:best\/https:\/\/ctalker.org\/wp-content\/uploads\/2023\/06\/350534001_1292696421657488_9104953040051107710_n.jpg 1777w, https:\/\/mladjxeqsxgv.i.optimole.com\/cb:B3zE.b136\/w:1777\/h:1000\/q:mauto\/f:best\/dpr:2\/https:\/\/ctalker.org\/wp-content\/uploads\/2023\/06\/350534001_1292696421657488_9104953040051107710_n.jpg 2x\" sizes=\"(max-width: 555px) 100vw, 555px\" \/><\/figure>\n<\/div>\n\n\n<p>\u201e\u2026 m\u00f3dszeresen rombolja le az el\u0151\u00edt\u00e9leteket \u2026 \u00f3ri\u00e1si hi\u00e1ny, rengeteg csal\u00e1di trauma, anyagi probl\u00e9ma, mag\u00e1ny \u00e9s ment\u00e1lis betegs\u00e9g sejlik fel \u2026 \u00e9rvel\u00e9s sor\u00e1n gyakorlatilag megsemmis\u00edti az \u00e1llami oktat\u00e1s int\u00e9zm\u00e9ny\u00e9t \u2026\u201d (Incze Kata)<\/p>\n\n\n\n<p>A filmvet\u00edt\u00e9s ut\u00e1ni besz\u00e9lget\u00e9sen az est vend\u00e9ge volt K\u0151r\u00f6si M\u00e1t\u00e9 rendez\u0151, aki Budapesten sz\u00fcletett 1992-ben, jelenleg m\u00e9di\u00e1t \u00e9s filmet tan\u00edt gimnazist\u00e1knak. Az ELTE film szak\u00e1nak elv\u00e9gz\u00e9se ut\u00e1n a Sz\u00ednh\u00e1z- \u00e9s Filmm\u0171v\u00e9szeti Egyetemen diplom\u00e1zott\u00a0dokumentumfilm-rendez\u0151k\u00e9nt. Tanulm\u00e1nyai alatt t\u00f6bb fikci\u00f3s r\u00f6vidfilmet k\u00e9sz\u00edtett, pl. Szuper (2015). Els\u0151 eg\u00e9sz est\u00e9s dokumentumfilmje a D\u00edv\u00e1k a filmbemutat\u00f3k sor\u00e1n jelent\u0151s k\u00f6z\u00f6ns\u00e9gsikereket aratott.<\/p>\n\n\n\n<p class=\"has-text-align-right\">Sz\u00e1sz Csongor<\/p>\n","protected":false},"excerpt":{"rendered":"<p>Szabadka\/2023.05.30. K\u0151r\u00f6si M\u00e1t\u00e9: D\u00edv\u00e1k, 2021, magyar dokumentumfilm, 80 perc Mi t\u00f6rt\u00e9nhet h\u00e1rom h\u00fasz\u00e9ves budapesti l\u00e1nnyal ma Magyarorsz\u00e1gon? \u2013 teszi fel naivan az els\u0151 k\u00e9rd\u00e9st a narr\u00e1tork\u00e9nt megsz\u00f3lal\u00f3 rendez\u0151 K\u0151r\u00f6si M\u00e1t\u00e9 kamer\u00e1j\u00e1val t\u00f6bb \u00e9vig k\u00f6veti&#46;&#46;&#46;<\/p>\n","protected":false},"author":3,"featured_media":2689,"comment_status":"open","ping_status":"closed","sticky":false,"template":"","format":"standard","meta":{"rop_custom_images_group":[],"rop_custom_messages_group":[],"rop_publish_now":"initial","rop_publish_now_accounts":[],"rop_publish_now_history":[],"rop_publish_now_status":"pending","_themeisle_gutenberg_block_has_review":false,"footnotes":""},"categories":[8,9],"tags":[],"class_list":["post-2685","post","type-post","status-publish","format-standard","has-post-thumbnail","hentry","category-kurbli","category-kurbli-filmklub"],"featured_image_src":"https:\/\/mladjxeqsxgv.i.optimole.com\/cb:B3zE.b136\/w:auto\/h:auto\/q:mauto\/f:best\/https:\/\/ctalker.org\/wp-content\/uploads\/2023\/06\/350477134_648918763237382_7051176568530772219_n.jpg","featured_image_src_square":"https:\/\/mladjxeqsxgv.i.optimole.com\/cb:B3zE.b136\/w:auto\/h:auto\/q:mauto\/f:best\/https:\/\/ctalker.org\/wp-content\/uploads\/2023\/06\/350477134_648918763237382_7051176568530772219_n.jpg","author_info":{"display_name":"Kari","author_link":"https:\/\/ctalker.org\/rs\/author\/karina\/"},"_links":{"self":[{"href":"https:\/\/ctalker.org\/rs\/wp-json\/wp\/v2\/posts\/2685","targetHints":{"allow":["GET"]}}],"collection":[{"href":"https:\/\/ctalker.org\/rs\/wp-json\/wp\/v2\/posts"}],"about":[{"href":"https:\/\/ctalker.org\/rs\/wp-json\/wp\/v2\/types\/post"}],"author":[{"embeddable":true,"href":"https:\/\/ctalker.org\/rs\/wp-json\/wp\/v2\/users\/3"}],"replies":[{"embeddable":true,"href":"https:\/\/ctalker.org\/rs\/wp-json\/wp\/v2\/comments?post=2685"}],"version-history":[{"count":1,"href":"https:\/\/ctalker.org\/rs\/wp-json\/wp\/v2\/posts\/2685\/revisions"}],"predecessor-version":[{"id":2688,"href":"https:\/\/ctalker.org\/rs\/wp-json\/wp\/v2\/posts\/2685\/revisions\/2688"}],"wp:featuredmedia":[{"embeddable":true,"href":"https:\/\/ctalker.org\/rs\/wp-json\/wp\/v2\/media\/2689"}],"wp:attachment":[{"href":"https:\/\/ctalker.org\/rs\/wp-json\/wp\/v2\/media?parent=2685"}],"wp:term":[{"taxonomy":"category","embeddable":true,"href":"https:\/\/ctalker.org\/rs\/wp-json\/wp\/v2\/categories?post=2685"},{"taxonomy":"post_tag","embeddable":true,"href":"https:\/\/ctalker.org\/rs\/wp-json\/wp\/v2\/tags?post=2685"}],"curies":[{"name":"wp","href":"https:\/\/api.w.org\/{rel}","templated":true}]}}