{"id":2661,"date":"2023-04-25T19:56:37","date_gmt":"2023-04-25T18:56:37","guid":{"rendered":"https:\/\/ctalker.org\/?p=2661"},"modified":"2023-04-28T20:10:48","modified_gmt":"2023-04-28T19:10:48","slug":"kurbli-filmklub-bogdan-arpad-getto-balboa","status":"publish","type":"post","link":"https:\/\/ctalker.org\/rs\/2023\/04\/25\/kurbli-filmklub-bogdan-arpad-getto-balboa\/","title":{"rendered":"Kurbli Filmklub: Bogd\u00e1n \u00c1rp\u00e1d-Gett\u00f3 Balboa"},"content":{"rendered":"\n<p>Szabadka\/2023.04.25.<\/p>\n\n\n\n<p>Bogd\u00e1n \u00c1rp\u00e1d-Gett\u00f3 Balboa, 2018, magyar dokumentumfilm, 90 perc<\/p>\n\n\n\n<p class=\"has-text-align-center\">\u201c<em>Csup\u00e1n \u00f6nmagunk \u00e9let\u00e9nek megment\u00e9se az \u00e9deskev\u00e9s. Az \u00e9let t\u00f6bbr\u0151l kell, hogy sz\u00f3ljon. \u00d6nmagadat is csak akkor mentheted meg, ha m\u00e1s\u00e9rt k\u00fczdesz.<\/em>\u201d (Bogd\u00e1n \u00c1rp\u00e1d)<\/p>\n\n\n\n<p>A j\u00e1t\u00e9kfilm, a sz\u00ednh\u00e1z \u00e9s az irodalom vil\u00e1g\u00e1b\u00f3l \u00e9rkez\u0151 Bogd\u00e1n \u00c1rp\u00e1d filmrendez\u0151, egykor t\u00f6bb \u00e9vet \u00e9lt a budapesti nyolcadik ker\u00fcletben. A sokszorosan d\u00edjazott\u00a0<em><strong>Gett\u00f3 Balboa\u00a0<\/strong><\/em>ennek a j\u00f3zsefv\u00e1rosi mili\u0151nek, k\u00e9t er\u0151s karakter\u00e9t mutatja be. Felh\u00edvja figyelm\u00fcnket a roma emberek jelenkori \u00e1br\u00e1zolhat\u00f3s\u00e1g\u00e1ra \u00e9s a seg\u00edts\u00e9gny\u00fajt\u00e1s ig\u00e9ny\u00e9nek alapvet\u0151 fontoss\u00e1g\u00e1ra.<\/p>\n\n\n<div class=\"wp-block-image\">\n<figure class=\"aligncenter size-full\"><img data-opt-id=2043725234  fetchpriority=\"high\" decoding=\"async\" width=\"275\" height=\"183\" src=\"https:\/\/mladjxeqsxgv.i.optimole.com\/cb:B3zE.b136\/w:auto\/h:auto\/q:mauto\/f:best\/https:\/\/ctalker.org\/wp-content\/uploads\/2023\/04\/letoltes.jpg\" alt=\"\" class=\"wp-image-2662\" srcset=\"https:\/\/mladjxeqsxgv.i.optimole.com\/cb:B3zE.b136\/w:275\/h:183\/q:mauto\/f:best\/https:\/\/ctalker.org\/wp-content\/uploads\/2023\/04\/letoltes.jpg 275w, https:\/\/mladjxeqsxgv.i.optimole.com\/cb:B3zE.b136\/w:275\/h:183\/q:mauto\/f:best\/dpr:2\/https:\/\/ctalker.org\/wp-content\/uploads\/2023\/04\/letoltes.jpg 2x\" sizes=\"(max-width: 275px) 100vw, 275px\" \/><\/figure>\n<\/div>\n\n\n<p>Ebben a sportfilmben, hasonl\u00f3an Stallone\u00a0<em>Rocky<\/em>\u00a0forgat\u00f3k\u00f6nyv\u00e9hez, egy val\u00f3s\u00e1gb\u00f3l mer\u00edtkez\u0151 t\u00f6rt\u00e9netet l\u00e1tunk. Egy fiatal h\u00e1tr\u00e1nyos helyzet\u0171 bokszol\u00f3 k\u00f6rnyezet\u00e9vel, a gett\u00f3 l\u00e9ttel \u00e9s legf\u0151k\u00e9pp saj\u00e1t mag\u00e1val szemben meg\u00e9lt er\u0151fesz\u00edt\u00e9seit \u00e9s mindennapos, v\u00e9gkimer\u00fcl\u00e9sig tart\u00f3 ment\u00e1lis \u00e9s fizikai k\u00fczdelm\u00e9t k\u00f6vethetj\u00fck, am\u00edg eljut a sikerig. A film direkt t\u00e1rsadalmi \u00fczenete a hitr\u0151l \u00e9s a kitart\u00e1sr\u00f3l sz\u00f3l, de a nagy felel\u0151ss\u00e9ggel j\u00e1r\u00f3 filmk\u00e9sz\u00edt\u00e9s jelen esetben a sportk\u00f6z\u00f6ss\u00e9g j\u00f6v\u0151j\u00e9re is pozit\u00edv hat\u00e1st gyakorolt. Bogd\u00e1n \u00c1rp\u00e1d rendez\u0151 szavaival:\u00a0<em>\u201csz\u00fcks\u00e9gem volt egy olyan filmre, ami kil\u00e9pteti a rom\u00e1kat az \u00e1ldozati szerepk\u00f6rb\u0151l, \u00e9s pozit\u00edv p\u00e9ld\u00e1val tud szolg\u00e1lni.\u201d<\/em><\/p>\n\n\n<div class=\"wp-block-image\">\n<figure class=\"aligncenter size-full is-resized\"><img data-opt-id=1984020382  fetchpriority=\"high\" decoding=\"async\" src=\"https:\/\/mladjxeqsxgv.i.optimole.com\/cb:B3zE.b136\/w:auto\/h:auto\/q:mauto\/f:best\/https:\/\/ctalker.org\/wp-content\/uploads\/2023\/04\/MV5BMDNlMWNjYTctMzUzZi00YTE0LWE4ZWYtZGNiMGFlYjFlOGNjL2ltYWdlL2ltYWdlXkEyXkFqcGdeQXVyNDk1MTY0NTg@._V1_.jpg\" alt=\"\" class=\"wp-image-2663\" width=\"544\" height=\"370\" srcset=\"https:\/\/mladjxeqsxgv.i.optimole.com\/cb:B3zE.b136\/w:940\/h:640\/q:mauto\/f:best\/https:\/\/ctalker.org\/wp-content\/uploads\/2023\/04\/MV5BMDNlMWNjYTctMzUzZi00YTE0LWE4ZWYtZGNiMGFlYjFlOGNjL2ltYWdlL2ltYWdlXkEyXkFqcGdeQXVyNDk1MTY0NTg@._V1_.jpg 940w, https:\/\/mladjxeqsxgv.i.optimole.com\/cb:B3zE.b136\/w:300\/h:204\/q:mauto\/f:best\/https:\/\/ctalker.org\/wp-content\/uploads\/2023\/04\/MV5BMDNlMWNjYTctMzUzZi00YTE0LWE4ZWYtZGNiMGFlYjFlOGNjL2ltYWdlL2ltYWdlXkEyXkFqcGdeQXVyNDk1MTY0NTg@._V1_.jpg 300w, https:\/\/mladjxeqsxgv.i.optimole.com\/cb:B3zE.b136\/w:768\/h:523\/q:mauto\/f:best\/https:\/\/ctalker.org\/wp-content\/uploads\/2023\/04\/MV5BMDNlMWNjYTctMzUzZi00YTE0LWE4ZWYtZGNiMGFlYjFlOGNjL2ltYWdlL2ltYWdlXkEyXkFqcGdeQXVyNDk1MTY0NTg@._V1_.jpg 768w, https:\/\/mladjxeqsxgv.i.optimole.com\/cb:B3zE.b136\/w:940\/h:640\/q:mauto\/f:best\/dpr:2\/https:\/\/ctalker.org\/wp-content\/uploads\/2023\/04\/MV5BMDNlMWNjYTctMzUzZi00YTE0LWE4ZWYtZGNiMGFlYjFlOGNjL2ltYWdlL2ltYWdlXkEyXkFqcGdeQXVyNDk1MTY0NTg@._V1_.jpg 2x\" sizes=\"(max-width: 544px) 100vw, 544px\" \/><\/figure>\n<\/div>\n\n\n<p>A dokumentumfilm a fikci\u00f3s m\u0171fajra jellemz\u0151 k\u00e9pi t\u00f6rv\u00e9nyszer\u0171s\u00e9gekkel oper\u00e1l. K\u00f6veti a sportfilmek dramaturgiai fordulatait, de a val\u00f3s\u00e1gcentrikus dokumentumfilmek megfigyel\u0151, leselked\u0151 funkci\u00f3j\u00e1b\u00f3l ered\u0151 nyers esetlegess\u00e9get is \u00e9rz\u00e9kelteti. A film n\u00e9z\u0151i a f\u0151szerepl\u0151k szubjektum\u00e1n kereszt\u00fcl, m\u00e1s be\u00e1ll\u00edt\u00e1sokban k\u00fcls\u0151 megfigyel\u0151k\u00e9nt vannak jelen. Mindehhez folyamatosan mozg\u00e1sban l\u00e9v\u0151, az \u00e9rintetts\u00e9g \u00e9rz\u00e9s\u00e9t sug\u00e1rz\u00f3, k\u00f6zeli k\u00e9pkiv\u00e1g\u00e1sokat haszn\u00e1l\u00f3 operat\u0151r \u00e9s a filmszer\u0171s\u00e9get fokoz\u00f3 nagy m\u00e9lys\u00e9g\u00e9less\u00e9g\u0171 kamera optika t\u00e1rsul, intim, nondiegetikus al\u00e1fest\u0151 zen\u00e9vel \u00e9s hangkulissz\u00e1val.<\/p>\n\n\n\n<p>A vet\u00edt\u00e9s ut\u00e1n jelen lesz Bogd\u00e1n \u00c1rp\u00e1d filmrendez\u0151, akivel a k\u00f6z\u00f6ns\u00e9g jelenl\u00e9t\u00e9ben zajlik majd a besz\u00e9lget\u00e9s!<\/p>\n\n\n\n<p class=\"has-text-align-right\">Sz\u00e1sz Csongor<\/p>\n","protected":false},"excerpt":{"rendered":"<p>Szabadka\/2023.04.25. Bogd\u00e1n \u00c1rp\u00e1d-Gett\u00f3 Balboa, 2018, magyar dokumentumfilm, 90 perc \u201cCsup\u00e1n \u00f6nmagunk \u00e9let\u00e9nek megment\u00e9se az \u00e9deskev\u00e9s. Az \u00e9let t\u00f6bbr\u0151l kell, hogy sz\u00f3ljon. \u00d6nmagadat is csak akkor mentheted meg, ha m\u00e1s\u00e9rt k\u00fczdesz.\u201d (Bogd\u00e1n \u00c1rp\u00e1d) A j\u00e1t\u00e9kfilm,&#46;&#46;&#46;<\/p>\n","protected":false},"author":3,"featured_media":2665,"comment_status":"open","ping_status":"closed","sticky":false,"template":"","format":"standard","meta":{"rop_custom_images_group":[],"rop_custom_messages_group":[],"rop_publish_now":"initial","rop_publish_now_accounts":[],"rop_publish_now_history":[],"rop_publish_now_status":"pending","_themeisle_gutenberg_block_has_review":false,"footnotes":""},"categories":[8,9],"tags":[],"class_list":["post-2661","post","type-post","status-publish","format-standard","has-post-thumbnail","hentry","category-kurbli","category-kurbli-filmklub"],"featured_image_src":"https:\/\/mladjxeqsxgv.i.optimole.com\/cb:B3zE.b136\/w:auto\/h:auto\/q:mauto\/f:best\/https:\/\/ctalker.org\/wp-content\/uploads\/2023\/04\/img_0237-scaled.jpg","featured_image_src_square":"https:\/\/mladjxeqsxgv.i.optimole.com\/cb:B3zE.b136\/w:auto\/h:auto\/q:mauto\/f:best\/https:\/\/ctalker.org\/wp-content\/uploads\/2023\/04\/img_0237-scaled.jpg","author_info":{"display_name":"Kari","author_link":"https:\/\/ctalker.org\/rs\/author\/karina\/"},"_links":{"self":[{"href":"https:\/\/ctalker.org\/rs\/wp-json\/wp\/v2\/posts\/2661","targetHints":{"allow":["GET"]}}],"collection":[{"href":"https:\/\/ctalker.org\/rs\/wp-json\/wp\/v2\/posts"}],"about":[{"href":"https:\/\/ctalker.org\/rs\/wp-json\/wp\/v2\/types\/post"}],"author":[{"embeddable":true,"href":"https:\/\/ctalker.org\/rs\/wp-json\/wp\/v2\/users\/3"}],"replies":[{"embeddable":true,"href":"https:\/\/ctalker.org\/rs\/wp-json\/wp\/v2\/comments?post=2661"}],"version-history":[{"count":1,"href":"https:\/\/ctalker.org\/rs\/wp-json\/wp\/v2\/posts\/2661\/revisions"}],"predecessor-version":[{"id":2666,"href":"https:\/\/ctalker.org\/rs\/wp-json\/wp\/v2\/posts\/2661\/revisions\/2666"}],"wp:featuredmedia":[{"embeddable":true,"href":"https:\/\/ctalker.org\/rs\/wp-json\/wp\/v2\/media\/2665"}],"wp:attachment":[{"href":"https:\/\/ctalker.org\/rs\/wp-json\/wp\/v2\/media?parent=2661"}],"wp:term":[{"taxonomy":"category","embeddable":true,"href":"https:\/\/ctalker.org\/rs\/wp-json\/wp\/v2\/categories?post=2661"},{"taxonomy":"post_tag","embeddable":true,"href":"https:\/\/ctalker.org\/rs\/wp-json\/wp\/v2\/tags?post=2661"}],"curies":[{"name":"wp","href":"https:\/\/api.w.org\/{rel}","templated":true}]}}