{"id":2490,"date":"2022-11-18T18:32:34","date_gmt":"2022-11-18T17:32:34","guid":{"rendered":"https:\/\/ctalker.org\/?p=2490"},"modified":"2022-12-15T18:44:04","modified_gmt":"2022-12-15T17:44:04","slug":"a-film-ami-meditativ-allapotba-helyezi-nezojet","status":"publish","type":"post","link":"https:\/\/ctalker.org\/rs\/2022\/11\/18\/a-film-ami-meditativ-allapotba-helyezi-nezojet\/","title":{"rendered":"<strong><em>\u201eA film, ami meditat\u00edv \u00e1llapotba helyezi n\u00e9z\u0151j\u00e9t<\/em>\u201d<\/strong>"},"content":{"rendered":"\n<p><strong><em>A 100 \u00e9ves ember rutinja<\/em><\/strong> c\u00edm\u0171 j\u00e1t\u00e9kfilmnek, vagy n\u00e9maj\u00e1t\u00e9knak is nevezhet\u0151 alkot\u00e1st <strong>Sz\u00e1sz Csongor<\/strong> rendezte \u00e9s v\u00e1gta, <strong>Bar\u00f3ti G\u00e1bor <\/strong>operat\u0151rpedig t\u00e1rsszerz\u0151k\u00e9nt vett r\u00e9szt a munk\u00e1ban. Elk\u00e9sz\u00edt\u00e9se k\u00e9t \u00e9ves alkot\u00f3folyamat volt, amelyre 2016 \u00e9s 2018 k\u00f6z\u00f6tt ker\u00fclt sor.<\/p>\n\n\n\n<p><strong>Bell\u00e1nyi Feri <\/strong>b\u00e1csi, a Csantav\u00e9rre telep\u00fclt k\u00e9s\u00e9lez\u0151 Bell\u00e1nyi csal\u00e1d lesz\u00e1rmazottja, a motoroz\u00e1s \u00fatt\u00f6r\u0151j\u00e9nek sz\u00e1m\u00edtott a faluban. A filmben a 99 \u00e9ves k\u00e9s\u00e9lez\u0151 mester \u00e9s m\u0171k\u00f6sz\u00f6r\u0171s, valamint aut\u00f3s oktat\u00f3, sof\u0151r, motoros \u00e9s amat\u0151r sz\u00ednj\u00e1tsz\u00f3 egy d\u00e9lel\u0151ttj\u00e9t \u00e9lhette meg a mozik\u00f6z\u00f6ns\u00e9g, ahol a kamera t\u00fcrelmesen k\u00f6veti alany\u00e1nak minden rezd\u00fcl\u00e9s\u00e9t, kezdve a reggeli \u00e9bred\u00e9st\u0151l, a reggeli elfogyaszt\u00e1s\u00e1n \u00e9s a m\u0171helymunk\u00e1n \u00e1t a g\u00e9pj\u00e1rm\u0171 be\u00fczemel\u00e9s\u00e9ig. \u201eA film mai mozaikszer\u0171, rohan\u00f3 vil\u00e1gunkkal szemben emberl\u00e9pt\u00e9k\u0171bb, meditat\u00edv hangulatba helyezi a n\u00e9z\u0151t.\u201d Ennek a projektnek van egy m\u00e1sik r\u00e9sze is, egy online dokumentumfilm sorozat, mely a <strong><em>Tito sof\u0151rje voltam<\/em><\/strong>c\u00edmet kapta, \u00e9s ahol Feri b\u00e1csi mes\u00e9l a rendez\u0151nek az \u00e9let kis \u00e9s nagy dolgair\u00f3l. Ezeket a h\u00e9tr\u0151l-h\u00e9tre friss\u00fcl\u0151 p\u00e1r perces vide\u00f3anyagokat, a Ctalker Kultur\u00e1lis Alkot\u00f3csoport facebook oldal\u00e1n \u00e9s a ctalker.org-on n\u00e9zhet\u0151ek.<strong><\/strong><\/p>\n\n\n\n<p><strong>\u2013<\/strong> A f\u00e9l \u00f3r\u00e1s film \u00e9s a r\u00f6vid vide\u00f3k k\u00f6z\u00f6tt \u00f6sszef\u00fcgg\u00e9s van. Annyi k\u00fcl\u00f6nbs\u00e9ggel, hogy am\u00edg az egy be\u00e1ll\u00edt\u00e1sb\u00f3l felvett r\u00f6vid vide\u00f3 a besz\u00e9dre, a mes\u00e9lt t\u00f6rt\u00e9netre \u00e9p\u00edt, a j\u00e1t\u00e9kfilm az \u00f6nmag\u00e1t alak\u00edt\u00f3 Bell\u00e1nyi Ferenc n\u00e9maj\u00e1t\u00e9k\u00e1n \u00e9s az \u00e9rz\u00e9keny operat\u0151ri munk\u00e1n alapul. A teljes film anyag\u00e1t egy nap alatt forgattuk le. Ezt azonban megel\u0151zte egy r\u00f6vid el\u0151forgat\u00e1s \u00e9s egy terepszemle, amikor \u00e1tbesz\u00e9lt\u00fck \u00e9s tiszt\u00e1ztuk a koncepci\u00f3t. A munkafolyamat z\u00f6kken\u0151mentesen zajlott. Nagyon k\u00f6nny\u0171 volt egy\u00fctt dolgozni Bell\u00e1nyi Ferenccel. M\u00e9g az sem okozott probl\u00e9m\u00e1t, ha meg kellett ism\u00e9telni egy-egy jelenetet. Mindv\u00e9gig nyitottan, talpraesetten \u00e9s rutinosan kezelte a filmforgat\u00e1st. Az\u00e9rt Ferencre esett a v\u00e1laszt\u00e1som, mert egy legend\u00e1s emberr\u0151l besz\u00e9l\u00fcnk, akit mindenki ismert a faluban \u00e9s ford\u00edtva. \u00c9lett\u00f6rt\u00e9nete visszany\u00falik eg\u00e9szen az els\u0151 vil\u00e1gh\u00e1bor\u00faig. \u00cdgy sok \u00e9rdekes dolgot megtudhattunk t\u0151le, egyebek k\u00f6zt Csantav\u00e9r els\u0151 mozij\u00e1r\u00f3l, ahol Feri b\u00e1csi, felhagyva a pinc\u00e9rked\u00e9ssel, mozig\u00e9p\u00e9szk\u00e9nt dolgozott. Meg merem kock\u00e1ztatni, hogy Feri b\u00e1csi t\u00f6rt\u00e9neteit a j\u00f6v\u0151ben, m\u00e9g k\u00fcl\u00f6nb\u00f6z\u0151 ind\u00edttat\u00e1s\u00fa szakemberek is vizsg\u00e1lhatj\u00e1k, izgalmas r\u00e9szletek ut\u00e1n kutatva vagy konkr\u00e9t kordokumentumot keresve <strong>\u2013 mondta Sz\u00e1sz Csongor rendez\u0151.<\/strong><\/p>\n\n\n\n<p>A megtekintett f\u00e9l \u00f3r\u00e1s anyagot, valamint az online dokumentumfilm sorozatot \u2013 ami lassan harminc hete folyamatosan friss\u00fcl \u2013 a rendez\u0151 ezid\u00e1ig teljesen \u00f6ner\u0151b\u0151l k\u00e9sz\u00edtette, anyagi t\u00e1mogat\u00e1s n\u00e9lk\u00fcl.<strong><\/strong><\/p>\n\n\n\n<p><strong>\u2013 <\/strong>B\u00edzom benne, hogy sok embernek elnyeri majd a tetsz\u00e9s\u00e9t \u00e9s felkelti a figyelm\u00e9t, ugyanis az id\u0151sekkel val\u00f3 foglalkoz\u00e1s Vajdas\u00e1gban kit\u00fcntetett fontoss\u00e1g\u00fa <strong>\u2013 tette hozz\u00e1 Sz\u00e1sz Csongor.<\/strong><strong>(R\u00e9szlet, Sereg\u00e9ly Orsoly\u00e1val folytatott besz\u00e9lget\u00e9s anyag\u00e1b\u00f3l.)<\/strong><\/p>\n\n\n\n<p>A filmet eddig Szegeden a Katolikus H\u00e1zban, a szabadkai Kort\u00e1rs Gal\u00e9ri\u00e1ban \u00e9s Csantav\u00e9ren a Bart\u00f3k B\u00e9la M\u0171vel\u0151d\u00e9si Egyes\u00fclet nagyterm\u00e9ben mutatt\u00e1k be.<\/p>\n\n\n\n<p><\/p>\n\n\n\n<figure class=\"wp-block-embed is-type-video is-provider-youtube wp-block-embed-youtube wp-embed-aspect-16-9 wp-has-aspect-ratio\"><div class=\"wp-block-embed__wrapper\">\n<div class=\"video-container\"><iframe title=\"A sz\u00e1z \u00e9ves ember rutinja\" width=\"500\" height=\"281\" src=\"https:\/\/www.youtube.com\/embed\/qxx9r2MsoYY?feature=oembed&#038;wmode=opaque\" frameborder=\"0\" allow=\"accelerometer; autoplay; clipboard-write; encrypted-media; gyroscope; picture-in-picture; web-share\" referrerpolicy=\"strict-origin-when-cross-origin\" allowfullscreen><\/iframe><\/div>\n<\/div><\/figure>\n","protected":false},"excerpt":{"rendered":"<p>A 100 \u00e9ves ember rutinja c\u00edm\u0171 j\u00e1t\u00e9kfilmnek, vagy n\u00e9maj\u00e1t\u00e9knak is nevezhet\u0151 alkot\u00e1st Sz\u00e1sz Csongor rendezte \u00e9s v\u00e1gta, Bar\u00f3ti G\u00e1bor operat\u0151rpedig t\u00e1rsszerz\u0151k\u00e9nt vett r\u00e9szt a munk\u00e1ban. Elk\u00e9sz\u00edt\u00e9se k\u00e9t \u00e9ves alkot\u00f3folyamat volt, amelyre 2016 \u00e9s 2018&#46;&#46;&#46;<\/p>\n","protected":false},"author":1,"featured_media":2021,"comment_status":"closed","ping_status":"closed","sticky":false,"template":"","format":"standard","meta":{"rop_custom_images_group":[],"rop_custom_messages_group":[],"rop_publish_now":"initial","rop_publish_now_accounts":[],"rop_publish_now_history":[],"rop_publish_now_status":"pending","_themeisle_gutenberg_block_has_review":false,"footnotes":""},"categories":[1],"tags":[],"class_list":["post-2490","post","type-post","status-publish","format-standard","has-post-thumbnail","hentry","category-uncategorized"],"featured_image_src":"https:\/\/mladjxeqsxgv.i.optimole.com\/cb:B3zE.b136\/w:auto\/h:auto\/q:mauto\/f:best\/https:\/\/ctalker.org\/wp-content\/uploads\/2022\/05\/280393861_5185010304952489_698204344791150114_n.jpg","featured_image_src_square":"https:\/\/mladjxeqsxgv.i.optimole.com\/cb:B3zE.b136\/w:auto\/h:auto\/q:mauto\/f:best\/https:\/\/ctalker.org\/wp-content\/uploads\/2022\/05\/280393861_5185010304952489_698204344791150114_n.jpg","author_info":{"display_name":"kriszti\u0430n","author_link":"https:\/\/ctalker.org\/rs\/author\/krs\/"},"_links":{"self":[{"href":"https:\/\/ctalker.org\/rs\/wp-json\/wp\/v2\/posts\/2490","targetHints":{"allow":["GET"]}}],"collection":[{"href":"https:\/\/ctalker.org\/rs\/wp-json\/wp\/v2\/posts"}],"about":[{"href":"https:\/\/ctalker.org\/rs\/wp-json\/wp\/v2\/types\/post"}],"author":[{"embeddable":true,"href":"https:\/\/ctalker.org\/rs\/wp-json\/wp\/v2\/users\/1"}],"replies":[{"embeddable":true,"href":"https:\/\/ctalker.org\/rs\/wp-json\/wp\/v2\/comments?post=2490"}],"version-history":[{"count":2,"href":"https:\/\/ctalker.org\/rs\/wp-json\/wp\/v2\/posts\/2490\/revisions"}],"predecessor-version":[{"id":2493,"href":"https:\/\/ctalker.org\/rs\/wp-json\/wp\/v2\/posts\/2490\/revisions\/2493"}],"wp:featuredmedia":[{"embeddable":true,"href":"https:\/\/ctalker.org\/rs\/wp-json\/wp\/v2\/media\/2021"}],"wp:attachment":[{"href":"https:\/\/ctalker.org\/rs\/wp-json\/wp\/v2\/media?parent=2490"}],"wp:term":[{"taxonomy":"category","embeddable":true,"href":"https:\/\/ctalker.org\/rs\/wp-json\/wp\/v2\/categories?post=2490"},{"taxonomy":"post_tag","embeddable":true,"href":"https:\/\/ctalker.org\/rs\/wp-json\/wp\/v2\/tags?post=2490"}],"curies":[{"name":"wp","href":"https:\/\/api.w.org\/{rel}","templated":true}]}}