{"id":2447,"date":"2022-11-04T19:00:33","date_gmt":"2022-11-04T18:00:33","guid":{"rendered":"https:\/\/ctalker.org\/?p=2447"},"modified":"2022-11-04T19:00:35","modified_gmt":"2022-11-04T18:00:35","slug":"kurbli-filmklub-wim-wenders-berlin-felett-az-eg","status":"publish","type":"post","link":"https:\/\/ctalker.org\/rs\/2022\/11\/04\/kurbli-filmklub-wim-wenders-berlin-felett-az-eg\/","title":{"rendered":"Kurbli Filmklub: Wim Wenders-Berlin felett az \u00e9g"},"content":{"rendered":"\n<p>Szabadka\/2022.11.01.<\/p>\n\n\n\n<p><strong>Wim Wenders:<\/strong><strong><\/strong><\/p>\n\n\n\n<p>Wim Wenders: Berlin felett az \u00e9g (Der Himmel \u00fcber Berlin), 1987, n\u00e9met filmdr\u00e1ma, 130 perc<\/p>\n\n\n\n<p class=\"has-text-align-center\">Kelet- \u00e9s Nyugat-Berlin felett angyalok r\u00f6pk\u00f6dnek!\u00a0Mindenszentek napj\u00e1ra esett a mai Kurbli Filmklub esem\u00e9nye.\u00a0<\/p>\n\n\n\n<p style=\"text-align: justify;\">Ezzel a vet\u00edt\u00e9ssel pedig a v\u00e9g\u00e9hez \u00e9r a n\u00e9met \u00faj film bemutat\u00e1sa \u00e9s egyben a m\u00e1sodik vil\u00e1g\u00e9g\u00e9ssel foglalkoz\u00f3 n\u00e9met alkot\u00e1sok sora. Fassbinder, Schl\u00f6ndorff \u00e9s Herzog ut\u00e1n, most a n\u00e9met filmm\u0171v\u00e9szet \u00fajabb megker\u00fclhetetlen szerz\u0151j\u00e9t\u0151l, Wenderst\u0151l vet\u00edtj\u00fck legkultikusabb alkot\u00e1s\u00e1t. A cannes-i rendez\u0151i d\u00edjjal kit\u00fcntetett spiritu\u00e1lis \u00e9s filoz\u00f3fikus j\u00e1t\u00e9kfilm az \u00e9vtized iskolateremt\u0151 alkot\u00e1s\u00e1v\u00e1 v\u00e1lt.<\/p>\n<p>\u00a0<\/p>\n\n\n<div class=\"wp-block-image\">\n<figure class=\"aligncenter size-large is-resized\"><img data-opt-id=1775283339  fetchpriority=\"high\" decoding=\"async\" src=\"https:\/\/mladjxeqsxgv.i.optimole.com\/cb:B3zE.b136\/w:1024\/h:669\/q:mauto\/f:best\/https:\/\/ctalker.org\/wp-content\/uploads\/2022\/11\/538.jpg\" alt=\"\" class=\"wp-image-2448\" width=\"593\" height=\"387\" srcset=\"https:\/\/mladjxeqsxgv.i.optimole.com\/cb:B3zE.b136\/w:1024\/h:669\/q:mauto\/f:best\/https:\/\/ctalker.org\/wp-content\/uploads\/2022\/11\/538.jpg 1024w, https:\/\/mladjxeqsxgv.i.optimole.com\/cb:B3zE.b136\/w:300\/h:196\/q:mauto\/f:best\/https:\/\/ctalker.org\/wp-content\/uploads\/2022\/11\/538.jpg 300w, https:\/\/mladjxeqsxgv.i.optimole.com\/cb:B3zE.b136\/w:768\/h:502\/q:mauto\/f:best\/https:\/\/ctalker.org\/wp-content\/uploads\/2022\/11\/538.jpg 768w, https:\/\/mladjxeqsxgv.i.optimole.com\/cb:B3zE.b136\/w:1536\/h:1004\/q:mauto\/f:best\/https:\/\/ctalker.org\/wp-content\/uploads\/2022\/11\/538.jpg 1536w, https:\/\/mladjxeqsxgv.i.optimole.com\/cb:B3zE.b136\/w:1652\/h:1080\/q:mauto\/f:best\/https:\/\/ctalker.org\/wp-content\/uploads\/2022\/11\/538.jpg 1887w, https:\/\/mladjxeqsxgv.i.optimole.com\/cb:B3zE.b136\/w:1652\/h:1080\/q:mauto\/f:best\/dpr:2\/https:\/\/ctalker.org\/wp-content\/uploads\/2022\/11\/538.jpg 2x\" sizes=\"(max-width: 593px) 100vw, 593px\" \/><\/figure>\n<\/div>\n\n\n<p style=\"text-align: justify;\">Wenders miut\u00e1n hazat\u00e9r N\u00e9metorsz\u00e1gba, elk\u00e9sz\u00edti a romantikus, szentiment\u00e1lis\u00a0<em><strong>Berlin felett az \u00e9g<\/strong><\/em>\u00a0\u2013 a francia-angol c\u00edmv\u00e1ltozatban:\u00a0<em>A v\u00e1gy sz\u00e1rnyai<\/em>\u00a0\u2013 c\u00edm\u0171 f\u00e9rfi melodr\u00e1m\u00e1ba \u00e9s szerelmesfilmbe oltott t\u00e1rsadalmi filmdr\u00e1m\u00e1t. A k\u00f6lt\u0151i film \u00e9rezhet\u0151en elt\u00e1volodott a m\u00e1sodik vil\u00e1gh\u00e1bor\u00fas tematik\u00e1t\u00f3l. S\u0151t(!) a n\u00e9met t\u00e1rsadalmat, a h\u00e1bor\u00fa ut\u00e1ni \u00e9vtizedekben s\u00fajt\u00f3 kollekt\u00edv b\u0171n\u00f6ss\u00e9g traum\u00e1ja, b\u00e1r jelen van, hiszen a fal f\u00e1jdalmasan \u00e1ll m\u00e9g, de ez a neuralgikus t\u00e9ny is, egyre ink\u00e1bb az eltemetett, \u201ebedobozolt\u201d m\u00falt r\u00e9szek\u00e9nt van jelen, mint ahogyan a film sz\u00edndramaturgi\u00e1ja is ezt az \u00e9rtelmez\u00e9st t\u00e1masztja al\u00e1. Tov\u00e1bb\u00e1, a szomork\u00e1s, komor, de \u00e1br\u00e1ndos nagyv\u00e1rosi n\u00e9met embert itt m\u00e1r egy mark\u00e1nsan el\u0151remutat\u00f3, szeretetteljes b\u00e1tor sz\u00edv \u00e9s j\u00f3zans\u00e1g jellemzi. A letagl\u00f3z\u00f3 lelki s\u00e9r\u00fcl\u00e9seket \u00e9s tabutematik\u00e1t lassan, de biztosan felv\u00e1ltja az \u00e9letben \u2013 \u00fajra! \u2013 hinni tud\u00e1s ereje, v\u00e9gs\u0151 soron a nagybet\u0171s Ember legikonikusabb tette, a kock\u00e1zatos szerelemben val\u00f3 hit.<\/p>\n\n\n\n<p class=\"has-text-align-center\">\u201e<em>Wenders hisz abban, hogy a film k\u00e9pes felder\u00edteni, \u00fajra felfedezni \u00e9s \u00edgy megv\u00e1ltani a fizikai vil\u00e1got.\u201d <\/em>(Anton Kaes)<\/p>\n\n\n\n<p style=\"text-align: justify;\">Wenderst, mint a m\u00e1sik nagy m\u00fcncheni rendez\u0151t Herzogot is a \u201eszenzibilit\u00e1s rendez\u0151inek\u201d nevezik. \u0150k a politikai probl\u00e9ma\u00e9rz\u00e9kenys\u00e9g helyett a l\u00e1tv\u00e1ny sz\u00e9ps\u00e9g\u00e9ben, a n\u00e9z\u0151k \u00e9rz\u00e9kenys\u00e9g\u00e9ben, a szem\u00e9lyes lelki\u00e1llapot megfigyel\u00e9s\u00e9nek filmm\u0171v\u00e9szet\u00e9ben hisznek.<\/p>\n\n\n<div class=\"wp-block-image\">\n<figure class=\"aligncenter size-large is-resized\"><img data-opt-id=698859114  fetchpriority=\"high\" decoding=\"async\" src=\"https:\/\/mladjxeqsxgv.i.optimole.com\/cb:B3zE.b136\/w:1024\/h:747\/q:mauto\/f:best\/https:\/\/ctalker.org\/wp-content\/uploads\/2022\/11\/698.jpg\" alt=\"\" class=\"wp-image-2449\" width=\"567\" height=\"413\" srcset=\"https:\/\/mladjxeqsxgv.i.optimole.com\/cb:B3zE.b136\/w:1024\/h:747\/q:mauto\/f:best\/https:\/\/ctalker.org\/wp-content\/uploads\/2022\/11\/698.jpg 1024w, https:\/\/mladjxeqsxgv.i.optimole.com\/cb:B3zE.b136\/w:300\/h:219\/q:mauto\/f:best\/https:\/\/ctalker.org\/wp-content\/uploads\/2022\/11\/698.jpg 300w, https:\/\/mladjxeqsxgv.i.optimole.com\/cb:B3zE.b136\/w:768\/h:560\/q:mauto\/f:best\/https:\/\/ctalker.org\/wp-content\/uploads\/2022\/11\/698.jpg 768w, https:\/\/mladjxeqsxgv.i.optimole.com\/cb:B3zE.b136\/w:1056\/h:770\/q:mauto\/f:best\/https:\/\/ctalker.org\/wp-content\/uploads\/2022\/11\/698.jpg 1056w, https:\/\/mladjxeqsxgv.i.optimole.com\/cb:B3zE.b136\/w:1056\/h:770\/q:mauto\/f:best\/dpr:2\/https:\/\/ctalker.org\/wp-content\/uploads\/2022\/11\/698.jpg 2x\" sizes=\"(max-width: 567px) 100vw, 567px\" \/><\/figure>\n<\/div>\n\n\n<p style=\"text-align: justify;\">\u201eAz otthon nem val\u00f3s\u00e1gos hely, \u00e9s nem val\u00f3s\u00e1gos otthon, szentiment\u00e1lis \u00e1br\u00e1nd csup\u00e1n, az \u00e9rzelmi szesz\u00e9ly kivet\u00fcl\u00e9se, az idegens\u00e9g megfogalmaz\u00e1s\u00e1nak \u00faj form\u00e1ja. Mert b\u00e1rmily nagy szeretettel \u00e1br\u00e1zolja is Wenders Berlint \u00e9s a berlinieket, b\u00e1rmily nagy\u00a0r\u00e9szv\u00e9ttel viseltessen is napi gondjaikkal szemben, ez csak egy k\u00edv\u00fcl\u00e1ll\u00f3 angyal szeretete \u00e9s r\u00e9szv\u00e9te \u2026\u201d (KAB) Kov\u00e1cs Andr\u00e1s B\u00e1lint jegyzi meg tov\u00e1bb\u00e1, hogy Wenders mindig is szenvedett a szabads\u00e1gt\u00f3l, err\u0151l sz\u00f3lnak a filmjei. \u201eF\u00fcggetlens\u00e9ge ez\u00e9rt mindig menek\u00fcl\u00e9s \u00e9s keres\u00e9s egyszerre, v\u00e1gyakoz\u00e1s egy olyan hely \u00e9s helyzet ut\u00e1n, amely ennek az otthontalans\u00e1gnak ny\u00fajt otthont. \u2026 Berlin viszont az a hely, ahol az ember \u00fagy \u00e9rezheti mag\u00e1t otthon, hogy k\u00f6zben nincs sehol. Berlin a haz\u00e1tlans\u00e1g egzisztenci\u00e1lis st\u00e1tusz\u00e1t jelenti, \u00fagy is mint a polg\u00e1ri vil\u00e1g eszmeh\u00e1rmass\u00e1g\u00e1nak \u2013 szabads\u00e1g, egyenl\u0151s\u00e9g, testv\u00e9ris\u00e9g \u2013 ny\u00edlt tagad\u00e1sa: a testv\u00e9rek hivatalosan ellens\u00e9gek, az egyenl\u0151nek sz\u00fcletettekre m\u00e1s-m\u00e1s t\u00f6rv\u00e9nyek \u00e9rv\u00e9nyesek; aki szabad, az be van z\u00e1rva. Ennek a helynek nem volna szabad Eur\u00f3p\u00e1ban l\u00e9teznie, de csak itt j\u00f6hetett l\u00e9tre. Az eur\u00f3pai kult\u00fara cs\u0151dj\u00e9nek, a szabads\u00e1g \u00fcress\u00e9g\u00e9nek, az \u00e1lland\u00f3sult hontalans\u00e1gnak megtestes\u00fcl\u00e9se ez a hely. \u2026 &gt;&gt;m\u00e9gis!&lt;&lt; \u2026 Wenders megpr\u00f3b\u00e1lja fel\u00e9leszteni Berlin kultur\u00e1lis eml\u00e9kezet\u00e9t. \u2026\u00a0<\/p>\n<p>\u00a0<\/p>\n\n\n\n<figure class=\"wp-block-gallery has-nested-images columns-default is-cropped wp-block-gallery-2 is-layout-flex wp-block-gallery-is-layout-flex\">\n<figure class=\"wp-block-image size-large\"><img data-opt-id=991023048  decoding=\"async\" width=\"1000\" height=\"637\" data-id=\"2450\" src=\"https:\/\/mladjxeqsxgv.i.optimole.com\/cb:B3zE.b136\/w:auto\/h:auto\/q:mauto\/f:best\/https:\/\/ctalker.org\/wp-content\/uploads\/2022\/11\/2363_1534286047.8327.jpg\" alt=\"\" class=\"wp-image-2450\" srcset=\"https:\/\/mladjxeqsxgv.i.optimole.com\/cb:B3zE.b136\/w:1000\/h:637\/q:mauto\/f:best\/https:\/\/ctalker.org\/wp-content\/uploads\/2022\/11\/2363_1534286047.8327.jpg 1000w, https:\/\/mladjxeqsxgv.i.optimole.com\/cb:B3zE.b136\/w:300\/h:191\/q:mauto\/f:best\/https:\/\/ctalker.org\/wp-content\/uploads\/2022\/11\/2363_1534286047.8327.jpg 300w, https:\/\/mladjxeqsxgv.i.optimole.com\/cb:B3zE.b136\/w:768\/h:489\/q:mauto\/f:best\/https:\/\/ctalker.org\/wp-content\/uploads\/2022\/11\/2363_1534286047.8327.jpg 768w, https:\/\/mladjxeqsxgv.i.optimole.com\/cb:B3zE.b136\/w:1000\/h:637\/q:mauto\/f:best\/dpr:2\/https:\/\/ctalker.org\/wp-content\/uploads\/2022\/11\/2363_1534286047.8327.jpg 2x\" sizes=\"(max-width: 1000px) 100vw, 1000px\" \/><figcaption class=\"wp-element-caption\"><a href=\"https:\/\/port.hu\/adatlap\/szemely\/solveig-dommartin\/person-11250\">Solveig Dommartin<\/a> \u00e9s <a href=\"https:\/\/port.hu\/adatlap\/szemely\/bruno-ganz\/person-7503\">Bruno Ganz<\/a><\/figcaption><\/figure>\n\n\n\n<figure class=\"wp-block-image size-large\"><img data-opt-id=192089929  loading=\"lazy\" decoding=\"async\" width=\"493\" height=\"276\" data-id=\"2451\" src=\"https:\/\/mladjxeqsxgv.i.optimole.com\/cb:B3zE.b136\/w:auto\/h:auto\/q:mauto\/f:best\/https:\/\/ctalker.org\/wp-content\/uploads\/2022\/11\/wings-tumblr_luriftrOFc1r3owlzo1_500-ok-nettC.jpg\" alt=\"\" class=\"wp-image-2451\" srcset=\"https:\/\/mladjxeqsxgv.i.optimole.com\/cb:B3zE.b136\/w:493\/h:276\/q:mauto\/f:best\/https:\/\/ctalker.org\/wp-content\/uploads\/2022\/11\/wings-tumblr_luriftrOFc1r3owlzo1_500-ok-nettC.jpg 493w, https:\/\/mladjxeqsxgv.i.optimole.com\/cb:B3zE.b136\/w:300\/h:168\/q:mauto\/f:best\/https:\/\/ctalker.org\/wp-content\/uploads\/2022\/11\/wings-tumblr_luriftrOFc1r3owlzo1_500-ok-nettC.jpg 300w, https:\/\/mladjxeqsxgv.i.optimole.com\/cb:B3zE.b136\/w:493\/h:276\/q:mauto\/f:best\/dpr:2\/https:\/\/ctalker.org\/wp-content\/uploads\/2022\/11\/wings-tumblr_luriftrOFc1r3owlzo1_500-ok-nettC.jpg 2x\" sizes=\"(max-width: 493px) 100vw, 493px\" \/><figcaption class=\"wp-element-caption\"><a href=\"https:\/\/port.hu\/adatlap\/szemely\/otto-sander\/person-11249\">Otto Sander<\/a> \u00e9s Nick Cave<\/figcaption><\/figure>\n<\/figure>\n\n\n\n<p style=\"text-align: justify;\">A nyolcvanas \u00e9vekre Nyugat-Berlin lett a punkok, boh\u00e9mek, baloldali \u00e9rtelmis\u00e9giek, m\u0171v\u00e9szek, f\u00e9lm\u0171v\u00e9szek \u00e9s a homoszexu\u00e1lisok eur\u00f3pai tal\u00e1lkoz\u00f3helye. A szabads\u00e1g \u00e9s szabadoss\u00e1g kult\u00far\u00e1ja az egyre konzervat\u00edvabb\u00e1 v\u00e1l\u00f3 Eur\u00f3p\u00e1ban. \u2026 Wenders filmje ennek a vil\u00e1gb\u00f3l kivetett szabads\u00e1gnak a morbid ironikus \u00e9lm\u00e9ny\u00e9t \u00e1rasztja. K\u00e9pi vil\u00e1ga ennek fesz\u00fclts\u00e9g\u00e9t hordozza. Ha a kameramozg\u00e1sok \u2013 a sz\u00e9les svenkek \u00e9s a gyors kocsiz\u00e1sok, a hirtelen fel- \u00e9s lesz\u00e1ll\u00e1sok, a falon val\u00f3 \u00e1tt\u0171n\u00e9ses kereszt\u00fclhatol\u00e1s \u2013 v\u00e9gtelen szabads\u00e1got \u00e9s k\u00f6nny\u0171s\u00e9get \u00e9reztetnek, a sz\u00edntelens\u00e9g, a sz\u00fcrkes\u00e9g ezt a felszabadults\u00e1got ellenpontozza.\u201d &#8211; \u00edrja le KAB, 1988-ban megfogalmazott gondolatait.<\/p>\n\n\n\n<p style=\"text-align: justify;\">Az angyalok k\u00edv\u00fcl\u00e1ll\u00e1sa lehet\u0151v\u00e9 teszi sz\u00e1mukra, hogy \u201eannak tekints\u00e9k a dolgokat, amik, hogy elvonatkoztassanak a pillanatnyi \u00e9rt\u00e9kek r\u00e1rak\u00f3d\u00e1sait\u00f3l, ez\u00e9rt is l\u00e1tnak mindent sz\u00fcrk\u00e9nek. \u2026 Amikor a gyermek gyermek volt&#8230;\u201d \u2013 kezd\u0151dik a vissza-visszat\u00e9r\u0151 narr\u00e1torsz\u00f6veg. \u2026<\/p>\n\n\n\n<p class=\"has-text-align-right\">Sz\u00e1sz Csongor<\/p>\n","protected":false},"excerpt":{"rendered":"<p>Szabadka\/2022.11.01. Wim Wenders: Wim Wenders: Berlin felett az \u00e9g (Der Himmel \u00fcber Berlin), 1987, n\u00e9met filmdr\u00e1ma, 130 perc Kelet- \u00e9s Nyugat-Berlin felett angyalok r\u00f6pk\u00f6dnek!\u00a0Mindenszentek napj\u00e1ra esett a mai Kurbli Filmklub esem\u00e9nye.\u00a0 Ezzel a vet\u00edt\u00e9ssel&#46;&#46;&#46;<\/p>\n","protected":false},"author":3,"featured_media":2452,"comment_status":"open","ping_status":"closed","sticky":false,"template":"","format":"standard","meta":{"rop_custom_images_group":[],"rop_custom_messages_group":[],"rop_publish_now":"initial","rop_publish_now_accounts":[],"rop_publish_now_history":[],"rop_publish_now_status":"pending","_themeisle_gutenberg_block_has_review":false,"footnotes":""},"categories":[8,9],"tags":[],"class_list":["post-2447","post","type-post","status-publish","format-standard","has-post-thumbnail","hentry","category-kurbli","category-kurbli-filmklub"],"featured_image_src":"https:\/\/mladjxeqsxgv.i.optimole.com\/cb:B3zE.b136\/w:auto\/h:auto\/q:mauto\/f:best\/https:\/\/ctalker.org\/wp-content\/uploads\/2022\/11\/313253888_10230359805600387_4728897637657998600_n.jpg","featured_image_src_square":"https:\/\/mladjxeqsxgv.i.optimole.com\/cb:B3zE.b136\/w:auto\/h:auto\/q:mauto\/f:best\/https:\/\/ctalker.org\/wp-content\/uploads\/2022\/11\/313253888_10230359805600387_4728897637657998600_n.jpg","author_info":{"display_name":"Kari","author_link":"https:\/\/ctalker.org\/rs\/author\/karina\/"},"_links":{"self":[{"href":"https:\/\/ctalker.org\/rs\/wp-json\/wp\/v2\/posts\/2447","targetHints":{"allow":["GET"]}}],"collection":[{"href":"https:\/\/ctalker.org\/rs\/wp-json\/wp\/v2\/posts"}],"about":[{"href":"https:\/\/ctalker.org\/rs\/wp-json\/wp\/v2\/types\/post"}],"author":[{"embeddable":true,"href":"https:\/\/ctalker.org\/rs\/wp-json\/wp\/v2\/users\/3"}],"replies":[{"embeddable":true,"href":"https:\/\/ctalker.org\/rs\/wp-json\/wp\/v2\/comments?post=2447"}],"version-history":[{"count":1,"href":"https:\/\/ctalker.org\/rs\/wp-json\/wp\/v2\/posts\/2447\/revisions"}],"predecessor-version":[{"id":2453,"href":"https:\/\/ctalker.org\/rs\/wp-json\/wp\/v2\/posts\/2447\/revisions\/2453"}],"wp:featuredmedia":[{"embeddable":true,"href":"https:\/\/ctalker.org\/rs\/wp-json\/wp\/v2\/media\/2452"}],"wp:attachment":[{"href":"https:\/\/ctalker.org\/rs\/wp-json\/wp\/v2\/media?parent=2447"}],"wp:term":[{"taxonomy":"category","embeddable":true,"href":"https:\/\/ctalker.org\/rs\/wp-json\/wp\/v2\/categories?post=2447"},{"taxonomy":"post_tag","embeddable":true,"href":"https:\/\/ctalker.org\/rs\/wp-json\/wp\/v2\/tags?post=2447"}],"curies":[{"name":"wp","href":"https:\/\/api.w.org\/{rel}","templated":true}]}}