{"id":2420,"date":"2022-10-12T18:52:49","date_gmt":"2022-10-12T17:52:49","guid":{"rendered":"https:\/\/ctalker.org\/?p=2420"},"modified":"2022-10-12T18:52:51","modified_gmt":"2022-10-12T17:52:51","slug":"kurbli-filmklub-timar-peter-egeszseges-erotika","status":"publish","type":"post","link":"https:\/\/ctalker.org\/rs\/2022\/10\/12\/kurbli-filmklub-timar-peter-egeszseges-erotika\/","title":{"rendered":"Kurbli Filmklub: T\u00edm\u00e1r P\u00e9ter-Eg\u00e9szs\u00e9ges erotika"},"content":{"rendered":"\n<p>Szabadka\/2022.10.13.<\/p>\n\n\n\n<p>A Vajdas\u00e1gi Magyar Mozg\u00f3k\u00e9p Napja!<\/p>\n\n\n\n<p>1985, magyar abszurd v\u00edgj\u00e1t\u00e9k, 88 perc<\/p>\n\n\n\n<p class=\"has-text-align-center\"><strong>\u201e<em>Ma is k\u00fcld\u00f6zgetnek nekem forgat\u00f3k\u00f6nyveket, pr\u00f3b\u00e1lnak felkurblizni \u2026\u201d\u00a0<\/em><\/strong>T\u00edm\u00e1r P\u00e9ter<\/p>\n\n\n\n<p style=\"text-align: justify;\">T\u00edm\u00e1r P\u00e9ter (\u00edr\u00f3\/rendez\u0151\/v\u00e1g\u00f3) szerz\u0151i boh\u00f3zata \u2013 az egyik legk\u00fcl\u00f6nlegesebb magyar kultfilm \u00e9s a legkimagasl\u00f3bb magyar filmszat\u00edra a K\u00e1d\u00e1r korb\u00f3l \u2013 arra is kiv\u00e1l\u00f3 bizony\u00edt\u00e9k, hogy mag\u00e1val a filmn\u00e9z\u00e9s aktus\u00e1val, azaz a filmnyelv m\u0171v\u00e9szi erej\u00e9nek \u00e1t\u00e9l\u00e9s\u00e9vel is lehet magas sz\u00ednvonalon, fergetegesen sz\u00f3rakozni. Az\u00a0<em><strong>Eg\u00e9szs\u00e9ges erotika<\/strong><\/em>befogad\u00e1sa sor\u00e1n pedig a n\u00e9z\u0151 k\u00e9rlelhetetlen\u00fcl a film vizu\u00e1lis vil\u00e1ga \u00e9s t\u00f6rt\u00e9net\u00e9nek hat\u00e1sa al\u00e1 ker\u00fcl. Filmnyelvi \u00faj\u00edt\u00e1sokr\u00f3l is besz\u00e9lhet\u00fcnk, hiszen a \u201etr\u00fckkoperat\u0151rb\u0151l lett rendez\u0151 eg\u00e9szen saj\u00e1tos instrukci\u00f3kat adott sz\u00edn\u00e9szeinek, \u00edgy Rajhona \u00c1d\u00e1m, Koltai R\u00f3bert \u00e9s Haumann P\u00e9ter igaz\u00e1n k\u00fcl\u00f6nleges alak\u00edt\u00e1st ny\u00fajt. A filmben elhangz\u00f3, a korszak politikai fr\u00e1zisait kifigur\u00e1z\u00f3 mondatok k\u00f6z\u00fcl pedig nem egy v\u00e1lt sz\u00e1ll\u00f3ig\u00e9v\u00e9.\u201d \u2013 olvashat\u00f3 a filmio.hu-n.<\/p>\n\n\n<div class=\"wp-block-image\">\n<figure class=\"aligncenter size-full is-resized\"><img data-opt-id=1056541095  fetchpriority=\"high\" decoding=\"async\" src=\"https:\/\/mladjxeqsxgv.i.optimole.com\/cb:B3zE.b136\/w:auto\/h:auto\/q:mauto\/f:best\/https:\/\/ctalker.org\/wp-content\/uploads\/2022\/10\/311164604_10230059425811080_1241931229335254267_n.jpg\" alt=\"\" class=\"wp-image-2421\" width=\"588\" height=\"429\" srcset=\"https:\/\/mladjxeqsxgv.i.optimole.com\/cb:B3zE.b136\/w:876\/h:640\/q:mauto\/f:best\/https:\/\/ctalker.org\/wp-content\/uploads\/2022\/10\/311164604_10230059425811080_1241931229335254267_n.jpg 876w, https:\/\/mladjxeqsxgv.i.optimole.com\/cb:B3zE.b136\/w:300\/h:219\/q:mauto\/f:best\/https:\/\/ctalker.org\/wp-content\/uploads\/2022\/10\/311164604_10230059425811080_1241931229335254267_n.jpg 300w, https:\/\/mladjxeqsxgv.i.optimole.com\/cb:B3zE.b136\/w:768\/h:561\/q:mauto\/f:best\/https:\/\/ctalker.org\/wp-content\/uploads\/2022\/10\/311164604_10230059425811080_1241931229335254267_n.jpg 768w, https:\/\/mladjxeqsxgv.i.optimole.com\/cb:B3zE.b136\/w:876\/h:640\/q:mauto\/f:best\/dpr:2\/https:\/\/ctalker.org\/wp-content\/uploads\/2022\/10\/311164604_10230059425811080_1241931229335254267_n.jpg 2x\" sizes=\"(max-width: 588px) 100vw, 588px\" \/><\/figure>\n<\/div>\n\n\n<p>T\u00edm\u00e1r gyors\u00edt\u00e1ssal, oda- \u00e9s visszaj\u00e1tsz\u00e1ssal, ugr\u00f3v\u00e1g\u00e1ssal kevert technik\u00e1j\u00e1nak alapja a pixill\u00e1ci\u00f3nak nevezett elj\u00e1r\u00e1s, ahol \u201eaz emberi mozg\u00e1st is f\u00e1zisonk\u00e9nt kell expon\u00e1lni, s az eredm\u00e9ny egy szaggatott, term\u00e9szetess\u00e9g\u00e9t vesztett, sokszor sz\u00fcrre\u00e1lisnak mondhat\u00f3 mozg\u00e1ssor \u2026\u201d (Varga Zolt\u00e1n)<\/p>\n\n\n\n<p style=\"text-align: justify;\">B\u00e1ron Gy\u00f6rgy filmeszt\u00e9ta sz\u00e1m\u00e1ra a \u201efrivol\u201d magyar filmkalandok k\u00f6z\u00fcl az Eg\u00e9szs\u00e9ges erotika jelenti a legnagyobb revel\u00e1ci\u00f3t. <em>\u201eTim\u00e1r fel\u00e9p\u00edtett egy t\u00f6k\u00e9letesen egy\u00e9ni, az abszurd \u00e9s a burleszk keskeny hat\u00e1rvonal\u00e1n mozg\u00f3 vil\u00e1got, melyet annyi lelem\u00e9nnyel, \u00f6tlettel, oly mulats\u00e1gos\u00e1n jelen\u00edt meg, hogy filmje nemcsak a film\u00ednyenceket, hanem a nagyk\u00f6z\u00f6ns\u00e9get is elragadta.\u201d<\/em> A film operat\u0151re az \u201ealternat\u00edv operat\u0151ri iskola\u201d egyik legjobbja, Kardos S\u00e1ndor. A sz\u00edn\u00e9szek j\u00e1t\u00e9ka pedig <em>\u201eszerves r\u00e9sz\u00e9v\u00e9 v\u00e1lik a torz mozdulatokb\u00f3l, f\u00e9lszavakb\u00f3l, nyelvi t\u00f6rmel\u00e9kekb\u0151l fel\u00e9p\u00fclt groteszk vil\u00e1gnak.\u201d\u00a0<\/em><\/p>\n\n\n<div class=\"wp-block-image\">\n<figure class=\"aligncenter size-full is-resized\"><img data-opt-id=2004392206  fetchpriority=\"high\" decoding=\"async\" src=\"https:\/\/mladjxeqsxgv.i.optimole.com\/cb:B3zE.b136\/w:auto\/h:auto\/q:mauto\/f:best\/https:\/\/ctalker.org\/wp-content\/uploads\/2022\/10\/310440088_10230059425531073_2656211483069408801_n.jpg\" alt=\"\" class=\"wp-image-2422\" width=\"604\" height=\"343\" srcset=\"https:\/\/mladjxeqsxgv.i.optimole.com\/cb:B3zE.b136\/w:860\/h:490\/q:mauto\/f:best\/https:\/\/ctalker.org\/wp-content\/uploads\/2022\/10\/310440088_10230059425531073_2656211483069408801_n.jpg 860w, https:\/\/mladjxeqsxgv.i.optimole.com\/cb:B3zE.b136\/w:300\/h:171\/q:mauto\/f:best\/https:\/\/ctalker.org\/wp-content\/uploads\/2022\/10\/310440088_10230059425531073_2656211483069408801_n.jpg 300w, https:\/\/mladjxeqsxgv.i.optimole.com\/cb:B3zE.b136\/w:768\/h:438\/q:mauto\/f:best\/https:\/\/ctalker.org\/wp-content\/uploads\/2022\/10\/310440088_10230059425531073_2656211483069408801_n.jpg 768w, https:\/\/mladjxeqsxgv.i.optimole.com\/cb:B3zE.b136\/w:860\/h:490\/q:mauto\/f:best\/dpr:2\/https:\/\/ctalker.org\/wp-content\/uploads\/2022\/10\/310440088_10230059425531073_2656211483069408801_n.jpg 2x\" sizes=\"(max-width: 604px) 100vw, 604px\" \/><\/figure>\n<\/div>\n\n\n<div class=\"x1e56ztr\" style=\"text-align: justify;\"><span class=\"x193iq5w xeuugli x13faqbe x1vvkbs x1xmvt09 x6prxxf xvq8zen xo1l8bm xzsf02u\">Bik\u00e1csy Gergely szakv\u00e9lem\u00e9nye, hogy <em>\u201eaz\u00a0<b>Eg\u00e9szs\u00e9ges erotika<\/b>\u00a0legf\u0151bb eszk\u00f6ze a karikat\u00far\u00e1k elrajzolts\u00e1ga. Ezzel viszont kiv\u00e1l\u00f3an \u00e9l. \u2026 nyilv\u00e1nval\u00f3, hogy filmj\u00e9nek, mint minden \u00e9rv\u00e9nyes kelet-eur\u00f3pai szat\u00edr\u00e1nak a gogoli \u00e1br\u00e1zol\u00e1sm\u00f3d az \u0151s-mint\u00e1ja.\u201d<\/em><\/span><\/div>\n<div class=\"x1e56ztr\" style=\"text-align: justify;\"><span class=\"x193iq5w xeuugli x13faqbe x1vvkbs x1xmvt09 x6prxxf xvq8zen xo1l8bm xzsf02u\">T\u00edm\u00e1r vid\u00e9ki Magyarorsz\u00e1g\u00e1ban j\u00e1tsz\u00f3d\u00f3, t\u00e1rsadalmi hierarchi\u00e1kat, kizs\u00e1km\u00e1nyol\u00f3 szexizmust \u00e9s felel\u0151tlen hatalmat parodiz\u00e1l\u00f3 \u00f6r\u00f6kz\u00f6ld filmje, j\u00f3l megragadja a korabeli hangulatot azzal, hogy zseni\u00e1lisan szintetiz\u00e1lja az \u00f6tvenes \u00e9vekt\u0151l indul\u00f3 termel\u00e9si filmek vil\u00e1g\u00e1t \u00e9s a hetvenes \u00e9vekt\u0151l, els\u0151sorban a BBS-b\u0151l indul\u00f3 filmm\u0171v\u00e9szeti er\u0151vonalakat, azaz a dokumentarizmust, a Budapesti Iskol\u00e1t \u00e9s az experiment\u00e1lis st\u00edlust, \u00e9s az ezek h\u00e1tter\u00e9\u00fcl szolg\u00e1l\u00f3 h\u00e9tk\u00f6znapi, szoci\u00e1lis l\u00e9t\u00e1llapotokat \u00fagy, hogy a v\u00e9geredm\u00e9ny ezeket meghalad\u00f3 alkot\u00f3i t\u00f6bbletteljes\u00edtm\u00e9nyben kulmin\u00e1l\u00f3dik. A szlenges dial\u00f3gok a<em> \u201ekorabeli hivatalos nyelvezetnek a kort\u00e1rsak \u00e1ltal j\u00f3l ismert sz\u00f6vegpaneljeire \u00e9p\u00fcl, de a sz\u00e1nd\u00e9kos torz\u00edt\u00e1sok (hivatalos sz\u00f3r\u00f6vid\u00edt\u00e9sek (pl. elvt\u00e1rs helyett elvt), illetve ezek mint\u00e1j\u00e1ra a norm\u00e1lisan nem r\u00f6vid\u00edtve haszn\u00e1lt szavak r\u00f6vid\u00edt\u00e9se, mondatok befejezetlens\u00e9ge, az ig\u00e9k, igek\u00f6t\u0151k, n\u00e9vel\u0151k, \u00e1ll\u00edtm\u00e1nyok stb. gyakori elhagy\u00e1sa) r\u00e9v\u00e9n humorosan hat, \u00e9s az akkori \u00e1llamigazgat\u00e1si g\u00e9pezet fontoskod\u00f3, de val\u00f3j\u00e1ban \u00fcres nyelvezet\u00e9t teszi nevets\u00e9gess\u00e9. Ezt a hat\u00e1st er\u0151s\u00edtik a b\u0151s\u00e9gesen alkalmazott k\u00e9t\u00e9rtelm\u0171 sz\u00f3j\u00e1t\u00e9kok is.\u201d<\/em> (Kl\u00e1g D\u00e1vid)<\/span><\/div>\n<div>\u00a0<\/div>\n<div class=\"x1e56ztr\" style=\"text-align: center;\"><span class=\"x193iq5w xeuugli x13faqbe x1vvkbs x1xmvt09 x6prxxf xvq8zen xo1l8bm xzsf02u\">Az alkot\u00e1s a 1986-os magyar filmszemle rendez\u0151i \u00e9s operat\u0151ri d\u00edja mellett a Magyar Filmkritikusok rendez\u0151i d\u00edj\u00e1t is elnyerte.<\/span><\/div>\n\n\n\n<p class=\"has-text-align-right\">Sz\u00e1sz Csongor<\/p>\n","protected":false},"excerpt":{"rendered":"<p>Szabadka\/2022.10.13. A Vajdas\u00e1gi Magyar Mozg\u00f3k\u00e9p Napja! 1985, magyar abszurd v\u00edgj\u00e1t\u00e9k, 88 perc \u201eMa is k\u00fcld\u00f6zgetnek nekem forgat\u00f3k\u00f6nyveket, pr\u00f3b\u00e1lnak felkurblizni \u2026\u201d\u00a0T\u00edm\u00e1r P\u00e9ter T\u00edm\u00e1r P\u00e9ter (\u00edr\u00f3\/rendez\u0151\/v\u00e1g\u00f3) szerz\u0151i boh\u00f3zata \u2013 az egyik legk\u00fcl\u00f6nlegesebb magyar kultfilm \u00e9s a&#46;&#46;&#46;<\/p>\n","protected":false},"author":3,"featured_media":2423,"comment_status":"open","ping_status":"closed","sticky":false,"template":"","format":"standard","meta":{"rop_custom_images_group":[],"rop_custom_messages_group":[],"rop_publish_now":"initial","rop_publish_now_accounts":[],"rop_publish_now_history":[],"rop_publish_now_status":"pending","_themeisle_gutenberg_block_has_review":false,"footnotes":""},"categories":[8,9],"tags":[],"class_list":["post-2420","post","type-post","status-publish","format-standard","has-post-thumbnail","hentry","category-kurbli","category-kurbli-filmklub"],"featured_image_src":"https:\/\/mladjxeqsxgv.i.optimole.com\/cb:B3zE.b136\/w:auto\/h:auto\/q:mauto\/f:best\/https:\/\/ctalker.org\/wp-content\/uploads\/2022\/10\/311158085_10230059425731078_1677924540192237984_n.jpg","featured_image_src_square":"https:\/\/mladjxeqsxgv.i.optimole.com\/cb:B3zE.b136\/w:auto\/h:auto\/q:mauto\/f:best\/https:\/\/ctalker.org\/wp-content\/uploads\/2022\/10\/311158085_10230059425731078_1677924540192237984_n.jpg","author_info":{"display_name":"Kari","author_link":"https:\/\/ctalker.org\/rs\/author\/karina\/"},"_links":{"self":[{"href":"https:\/\/ctalker.org\/rs\/wp-json\/wp\/v2\/posts\/2420","targetHints":{"allow":["GET"]}}],"collection":[{"href":"https:\/\/ctalker.org\/rs\/wp-json\/wp\/v2\/posts"}],"about":[{"href":"https:\/\/ctalker.org\/rs\/wp-json\/wp\/v2\/types\/post"}],"author":[{"embeddable":true,"href":"https:\/\/ctalker.org\/rs\/wp-json\/wp\/v2\/users\/3"}],"replies":[{"embeddable":true,"href":"https:\/\/ctalker.org\/rs\/wp-json\/wp\/v2\/comments?post=2420"}],"version-history":[{"count":1,"href":"https:\/\/ctalker.org\/rs\/wp-json\/wp\/v2\/posts\/2420\/revisions"}],"predecessor-version":[{"id":2424,"href":"https:\/\/ctalker.org\/rs\/wp-json\/wp\/v2\/posts\/2420\/revisions\/2424"}],"wp:featuredmedia":[{"embeddable":true,"href":"https:\/\/ctalker.org\/rs\/wp-json\/wp\/v2\/media\/2423"}],"wp:attachment":[{"href":"https:\/\/ctalker.org\/rs\/wp-json\/wp\/v2\/media?parent=2420"}],"wp:term":[{"taxonomy":"category","embeddable":true,"href":"https:\/\/ctalker.org\/rs\/wp-json\/wp\/v2\/categories?post=2420"},{"taxonomy":"post_tag","embeddable":true,"href":"https:\/\/ctalker.org\/rs\/wp-json\/wp\/v2\/tags?post=2420"}],"curies":[{"name":"wp","href":"https:\/\/api.w.org\/{rel}","templated":true}]}}