{"id":2366,"date":"2022-09-15T14:23:53","date_gmt":"2022-09-15T13:23:53","guid":{"rendered":"https:\/\/ctalker.org\/?p=2366"},"modified":"2022-09-16T14:50:27","modified_gmt":"2022-09-16T13:50:27","slug":"kurbli-filmklub-werner-herzog-nosferatu-az-ejszaka-fantomja","status":"publish","type":"post","link":"https:\/\/ctalker.org\/rs\/2022\/09\/15\/kurbli-filmklub-werner-herzog-nosferatu-az-ejszaka-fantomja\/","title":{"rendered":"Kurbli Filmklub: Werner Herzog-Nosferatu, az \u00e9jszaka fantomja"},"content":{"rendered":"\n<p>Szabadka\/2022.09.13.<\/p>\n\n\n\n<p>Werner Herzog-Nosferatu: Az \u00e9jszaka fantomja&nbsp;(Nosferatu: Phantom der Nacht),  1979, NSZK horror dr\u00e1ma, 107 perc<\/p>\n\n\n\n<p style=\"text-align: justify;\">A film megtekint\u00e9s\u00e9t, Jean-Luc Godard francia \u00fajhull\u00e1m legend\u00e1s rendez\u0151j\u00e9re val\u00f3 megeml\u00e9kez\u00e9ssel kezd\u0151d\u00f6tt\u2026 91 \u00e9ves kor\u00e1ban, eutan\u00e1zia \u00fatj\u00e1n \u00f6r\u00f6kre megpihent. <a href=\"https:\/\/444.hu\/2022\/09\/13\/elhunyt-jean-luc-godard\">https:\/\/444.hu\/2022\/09\/13\/elhunyt-jean-luc-godard<\/a><\/p>\n\n\n<div class=\"wp-block-image\">\n<figure class=\"aligncenter size-large is-resized\"><img data-opt-id=352318695  fetchpriority=\"high\" decoding=\"async\" src=\"https:\/\/mladjxeqsxgv.i.optimole.com\/cb:B3zE.b136\/w:1024\/h:1024\/q:mauto\/f:best\/https:\/\/ctalker.org\/wp-content\/uploads\/2022\/09\/brody-godard-postscript00.webp\" alt=\"\" class=\"wp-image-2367\" width=\"393\" height=\"393\" srcset=\"https:\/\/mladjxeqsxgv.i.optimole.com\/cb:B3zE.b136\/w:1024\/h:1024\/q:mauto\/f:best\/https:\/\/ctalker.org\/wp-content\/uploads\/2022\/09\/brody-godard-postscript00.webp 1024w, https:\/\/mladjxeqsxgv.i.optimole.com\/cb:B3zE.b136\/w:300\/h:300\/q:mauto\/f:best\/https:\/\/ctalker.org\/wp-content\/uploads\/2022\/09\/brody-godard-postscript00.webp 300w, https:\/\/mladjxeqsxgv.i.optimole.com\/cb:B3zE.b136\/w:150\/h:150\/q:mauto\/f:best\/https:\/\/ctalker.org\/wp-content\/uploads\/2022\/09\/brody-godard-postscript00.webp 150w, https:\/\/mladjxeqsxgv.i.optimole.com\/cb:B3zE.b136\/w:768\/h:768\/q:mauto\/f:best\/https:\/\/ctalker.org\/wp-content\/uploads\/2022\/09\/brody-godard-postscript00.webp 768w, https:\/\/mladjxeqsxgv.i.optimole.com\/cb:B3zE.b136\/w:600\/h:600\/q:mauto\/f:best\/https:\/\/ctalker.org\/wp-content\/uploads\/2022\/09\/brody-godard-postscript00.webp 600w, https:\/\/mladjxeqsxgv.i.optimole.com\/cb:B3zE.b136\/w:1080\/h:1080\/q:mauto\/f:best\/https:\/\/ctalker.org\/wp-content\/uploads\/2022\/09\/brody-godard-postscript00.webp 1500w, https:\/\/mladjxeqsxgv.i.optimole.com\/cb:B3zE.b136\/w:1080\/h:1080\/q:mauto\/f:best\/dpr:2\/https:\/\/ctalker.org\/wp-content\/uploads\/2022\/09\/brody-godard-postscript00.webp 2x\" sizes=\"(max-width: 393px) 100vw, 393px\" \/><\/figure>\n<\/div>\n\n\n<hr class=\"wp-block-separator has-alpha-channel-opacity\"\/>\n\n\n\n<p>\u00c9s akkor a Nosferatu-r\u00f3l:<\/p>\n\n\n\n<p class=\"has-text-align-center\">A filmek mindig t\u00fckr\u00f6t \u00e1ll\u00edtanak. \u00cdgy az emberis\u00e9g t\u00f6rt\u00e9nete nem elv\u00e1laszthat\u00f3 a k\u00fcl\u00f6nb\u00f6z\u0151 filmm\u0171v\u00e9szeti korszakok t\u00e9m\u00e1it\u00f3l, ember- \u00e9s t\u00e1j\u00e1br\u00e1zol\u00e1sait\u00f3l sem.<\/p>\n\n\n\n<p style=\"text-align: justify;\">Az els\u0151 vil\u00e1gh\u00e1bor\u00fa r\u00e9mtetteinek nyomor\u00fas\u00e1gos hat\u00e1sai az emberi aljass\u00e1got \u00e9s a megmagyar\u00e1zhatatlan \u00e9s legy\u0151zhetetlen borzalmat hozta el a n\u00e9met t\u00e1rsadalomban is. Ezzel \u00f6sszef\u00fcgg\u00e9sben a &#8217;20-as \u00e9vekben a n\u00e9met expresszionizmus \u00f3ri\u00e1si jelent\u0151s\u00e9g\u0171 filmm\u0171v\u00e9szeti st\u00edluskorszakot k\u00e9pezett. A testet \u00f6lt\u00f6tt gy\u00f6tr\u0151 \u00e9s embertelen lelki\u00e1llapot j\u00e1t\u00e9kfilmes megjelen\u00edt\u00e9se a val\u00f3s\u00e1ggal nem \u00f6sszeegyeztethet\u0151, hal\u00e1lt hoz\u00f3 sz\u00f6rny lett. Megsz\u00fcletett a horror n\u00e9pszer\u0171 m\u0171faja, mely emberre gyakorolt hat\u00e1s\u00e1nak r\u00f6viden \u00f6sszefoglalhat\u00f3 l\u00e9nyege: az \u00e1tlagos pszich\u00f3zisban \u00e9l\u0151 emberek amellett, hogy szeretnek borzongani (mert az intenz\u00edv izgalom meg\u00e9l\u00e9se, felszabad\u00edtja f\u00e9lelmeiket \u00e9s tudatalatti \u00f6szt\u00f6nvil\u00e1gukba z\u00e1rt elfolyt\u00e1saikat), hagyom\u00e1nyosan t\u00f6rt\u00e9netekben gondolkodnak (eml\u00e9keznek), \u00edgy az elk\u00e9pzelhetetlen a filmen mindig egy j\u00f3l fel\u00e9p\u00edtett dramaturgia r\u00e9szek\u00e9nt, a val\u00f3s\u00e1gba \u00e1gyazva, (n\u00e9p)meseszer\u0171en jelenik (jelenhet!) meg.<\/p>\n\n\n<div class=\"wp-block-image\">\n<figure class=\"aligncenter size-full is-resized\"><img data-opt-id=1701699126  fetchpriority=\"high\" decoding=\"async\" src=\"https:\/\/mladjxeqsxgv.i.optimole.com\/cb:B3zE.b136\/w:auto\/h:auto\/q:mauto\/f:best\/https:\/\/ctalker.org\/wp-content\/uploads\/2022\/09\/image-w448.jpg\" alt=\"\" class=\"wp-image-2369\" width=\"674\" height=\"379\" srcset=\"https:\/\/mladjxeqsxgv.i.optimole.com\/cb:B3zE.b136\/w:448\/h:252\/q:mauto\/f:best\/https:\/\/ctalker.org\/wp-content\/uploads\/2022\/09\/image-w448.jpg 448w, https:\/\/mladjxeqsxgv.i.optimole.com\/cb:B3zE.b136\/w:300\/h:169\/q:mauto\/f:best\/https:\/\/ctalker.org\/wp-content\/uploads\/2022\/09\/image-w448.jpg 300w, https:\/\/mladjxeqsxgv.i.optimole.com\/cb:B3zE.b136\/w:448\/h:252\/q:mauto\/f:best\/dpr:2\/https:\/\/ctalker.org\/wp-content\/uploads\/2022\/09\/image-w448.jpg 2x\" sizes=\"(max-width: 674px) 100vw, 674px\" \/><\/figure>\n<\/div>\n\n\n<p style=\"text-align: justify;\">Werner Herzog&nbsp;<em><strong>Nosferatu<\/strong><\/em>ja h\u0171en k\u00f6veti az id\u00e9n sz\u00e1z \u00e9ves, eredeti \u00e1tdolgoz\u00e1s\u00fa F. W. Murnau expresszionista remekm\u0171v\u00e9t, de az 1922-es Bram Stoker adapt\u00e1ci\u00f3hoz k\u00e9pest a n\u00e9met \u00fajfilm szenzibilis m\u00e1sodik gener\u00e1ci\u00f3j\u00e1nak vez\u00e9ralakja, aki az emberi term\u00e9szet v\u00e9gleteinek kifejez\u0151je, a r\u00e9mmese s\u00falypontjait itt \u2013 Stoker \u00e9s Murnau ut\u00e1n \u2013 ism\u00e9t m\u00e1shov\u00e1 helyezi. A k\u00f6lt\u0151i horror \u00fczenete a m\u00e1sodik vil\u00e1gh\u00e1bor\u00fa traum\u00e1j\u00e1nak ar\u00e1nylag t\u00e1voli, de megmagyar\u00e1zhat\u00f3 h\u00e1tter\u00e9ben, a n\u00e9met n\u00e9pet s\u00fajt\u00f3 kollekt\u00edv b\u0171n\u00f6ss\u00e9g szellem\u00e9t hordozza. Az \u00fcbermensch v\u00e1mp\u00edr ebben a filmben neurotikus, szorong\u00f3 emberi oldal\u00e1r\u00f3l mutatkozik meg. A l\u00edrai mes\u00e9ben a Klaus Kinski \u00e1ltal megform\u00e1lt v\u00e9rsz\u00edv\u00f3 hum\u00e1nus dr\u00e1m\u00e1ja jelent\u0151s, ahol a n\u00e9pl\u00e9lek rejt\u00e9lyes fantomj\u00e1nak hordoz\u00f3jak\u00e9nt is \u00e9rtelmezhet\u0151 viselked\u00e9s\u0171 sz\u00f6rny, a hallhatatlans\u00e1g \u00e1tk\u00e1t a szeretettelens\u00e9g \u00e1llapot\u00e1nak felad\u00e1s\u00e1val sz\u00fcnteti meg. B\u00e9k\u00e9s hal\u00e1la pedig a n\u00e9met l\u00e9lek felszabad\u00edt\u00e1s\u00e1nak rem\u00e9ny\u00e9t hordozza.<\/p>\n\n\n<div class=\"wp-block-image\">\n<figure class=\"aligncenter size-full is-resized\"><img data-opt-id=1865975626  decoding=\"async\" src=\"https:\/\/mladjxeqsxgv.i.optimole.com\/cb:B3zE.b136\/w:auto\/h:auto\/q:mauto\/f:best\/https:\/\/ctalker.org\/wp-content\/uploads\/2022\/09\/9967_5.jpg\" alt=\"\" class=\"wp-image-2370\" width=\"571\" height=\"321\" srcset=\"https:\/\/mladjxeqsxgv.i.optimole.com\/cb:B3zE.b136\/w:728\/h:409\/q:mauto\/f:best\/https:\/\/ctalker.org\/wp-content\/uploads\/2022\/09\/9967_5.jpg 728w, https:\/\/mladjxeqsxgv.i.optimole.com\/cb:B3zE.b136\/w:300\/h:169\/q:mauto\/f:best\/https:\/\/ctalker.org\/wp-content\/uploads\/2022\/09\/9967_5.jpg 300w, https:\/\/mladjxeqsxgv.i.optimole.com\/cb:B3zE.b136\/w:728\/h:409\/q:mauto\/f:best\/dpr:2\/https:\/\/ctalker.org\/wp-content\/uploads\/2022\/09\/9967_5.jpg 2x\" sizes=\"(max-width: 571px) 100vw, 571px\" \/><\/figure>\n<\/div>\n\n\n<p style=\"text-align: justify;\">Herzog szerz\u0151i \u00fczenete viszont itt nem \u00e1ll meg. Azzal, hogy horrort\u00f6rt\u00e9net\u00e9ben a v\u00e9rsz\u00edv\u00f3l\u00e9t tov\u00e1bb\u00e9l\u00e9s\u00e9t jelent\u0151 befejez\u00e9st teremt, a kelet eur\u00f3p\u00e1t is egyre ink\u00e1bb \u201ebe\u00e1rny\u00e9kol\u00f3,\u201d kapitalista nyugati t\u00e1rsadalomk\u00e9p (\u00e9s nem mellesleg az amerikai iparos\u00edtott filmm\u0171v\u00e9szet n\u00e9meteket is megh\u00f3d\u00edt\u00f3 klis\u00e9s trendjei okozta m\u0171v\u00e9szeti vesztes\u00e9g) urb\u00e1nus elfojt\u00e1saira is gy\u00f3gy\u00edrt k\u00edn\u00e1l a nagy\u00e9rdem\u0171 k\u00f6z\u00f6ns\u00e9g sz\u00e1m\u00e1ra. Ezzel a felismer\u00e9ssel pedig j\u00f3l r\u00edmeltethet\u0151 az \u00f6tvenes \u00e9vek m\u00e1sodik fel\u00e9t\u0151l m\u00e9g n\u00e9pszer\u0171bb\u00e9 v\u00e1l\u00f3 horror m\u0171faj\u00e1t identifik\u00e1l\u00f3 Sven Hansen hangm\u00e9rn\u00f6k, 1956-os kritik\u00e1ja: \u201eHollywood \u00e9s a p\u00e1pa egy dologban megegyeznek: az \u00f6rd\u00f6g val\u00f3ban l\u00e9tezik.\u201d<\/p>\n<p style=\"text-align: right;\">Sz\u00e1sz Csongor<\/p>\n","protected":false},"excerpt":{"rendered":"<p>Szabadka\/2022.09.13. Werner Herzog-Nosferatu: Az \u00e9jszaka fantomja&nbsp;(Nosferatu: Phantom der Nacht), 1979, NSZK horror dr\u00e1ma, 107 perc A film megtekint\u00e9s\u00e9t, Jean-Luc Godard francia \u00fajhull\u00e1m legend\u00e1s rendez\u0151j\u00e9re val\u00f3 megeml\u00e9kez\u00e9ssel kezd\u0151d\u00f6tt\u2026 91 \u00e9ves kor\u00e1ban, eutan\u00e1zia \u00fatj\u00e1n \u00f6r\u00f6kre megpihent.&#46;&#46;&#46;<\/p>\n","protected":false},"author":3,"featured_media":2371,"comment_status":"open","ping_status":"closed","sticky":false,"template":"","format":"standard","meta":{"rop_custom_images_group":[],"rop_custom_messages_group":[],"rop_publish_now":"initial","rop_publish_now_accounts":[],"rop_publish_now_history":[],"rop_publish_now_status":"pending","_themeisle_gutenberg_block_has_review":false,"footnotes":""},"categories":[8,9],"tags":[],"class_list":["post-2366","post","type-post","status-publish","format-standard","has-post-thumbnail","hentry","category-kurbli","category-kurbli-filmklub"],"featured_image_src":"https:\/\/mladjxeqsxgv.i.optimole.com\/cb:B3zE.b136\/w:auto\/h:auto\/q:mauto\/f:best\/https:\/\/ctalker.org\/wp-content\/uploads\/2022\/09\/Nosferatu-the-Vampyre-009.webp","featured_image_src_square":"https:\/\/mladjxeqsxgv.i.optimole.com\/cb:B3zE.b136\/w:auto\/h:auto\/q:mauto\/f:best\/https:\/\/ctalker.org\/wp-content\/uploads\/2022\/09\/Nosferatu-the-Vampyre-009.webp","author_info":{"display_name":"Kari","author_link":"https:\/\/ctalker.org\/rs\/author\/karina\/"},"_links":{"self":[{"href":"https:\/\/ctalker.org\/rs\/wp-json\/wp\/v2\/posts\/2366","targetHints":{"allow":["GET"]}}],"collection":[{"href":"https:\/\/ctalker.org\/rs\/wp-json\/wp\/v2\/posts"}],"about":[{"href":"https:\/\/ctalker.org\/rs\/wp-json\/wp\/v2\/types\/post"}],"author":[{"embeddable":true,"href":"https:\/\/ctalker.org\/rs\/wp-json\/wp\/v2\/users\/3"}],"replies":[{"embeddable":true,"href":"https:\/\/ctalker.org\/rs\/wp-json\/wp\/v2\/comments?post=2366"}],"version-history":[{"count":2,"href":"https:\/\/ctalker.org\/rs\/wp-json\/wp\/v2\/posts\/2366\/revisions"}],"predecessor-version":[{"id":2374,"href":"https:\/\/ctalker.org\/rs\/wp-json\/wp\/v2\/posts\/2366\/revisions\/2374"}],"wp:featuredmedia":[{"embeddable":true,"href":"https:\/\/ctalker.org\/rs\/wp-json\/wp\/v2\/media\/2371"}],"wp:attachment":[{"href":"https:\/\/ctalker.org\/rs\/wp-json\/wp\/v2\/media?parent=2366"}],"wp:term":[{"taxonomy":"category","embeddable":true,"href":"https:\/\/ctalker.org\/rs\/wp-json\/wp\/v2\/categories?post=2366"},{"taxonomy":"post_tag","embeddable":true,"href":"https:\/\/ctalker.org\/rs\/wp-json\/wp\/v2\/tags?post=2366"}],"curies":[{"name":"wp","href":"https:\/\/api.w.org\/{rel}","templated":true}]}}