{"id":2326,"date":"2022-07-01T19:05:00","date_gmt":"2022-07-01T18:05:00","guid":{"rendered":"https:\/\/ctalker.org\/?p=2326"},"modified":"2022-09-20T14:05:02","modified_gmt":"2022-09-20T13:05:02","slug":"juliusi-kurbli-musor","status":"publish","type":"post","link":"https:\/\/ctalker.org\/rs\/2022\/07\/01\/juliusi-kurbli-musor\/","title":{"rendered":"J\u00faliusi Kurbli m\u0171sor"},"content":{"rendered":"\n<p style=\"text-align: justify;\">A ny\u00e1ri h\u00f3napokat mi is a szabadban t\u00f6ltj\u00fck, hogy szabad \u00e9g alatt folytassuk a moziz\u00e1st veletek! Vajdas\u00e1g legjelent\u0151sebb fesztiv\u00e1ljain tal\u00e1lkozhattok vel\u00fcnk: <a href=\"http:\/\/www.dombosfest.org\/\">Dombos<\/a> Fest-el ind\u00edtjuk a szezont, azt\u00e1n <a href=\"https:\/\/www.rokafest.com\/\">R\u00f3ka Fest<\/a> a k\u00f6vetkez\u0151 tany\u00e1nk, majd augusztusban <a href=\"https:\/\/www.malomfesztival.com\/\">Malmon<\/a> z\u00e1rjuk a sort! K\u00f6vessetek benn\u00fcnket Facebookon, ott naprak\u00e9sz inform\u00e1ci\u00f3hoz juttok, mikor, merre j\u00e1runk!<\/p>\n\n\n\n<p><a href=\"https:\/\/hu-hu.facebook.com\/groups\/1114034995691790\/\">https:\/\/hu-hu.facebook.com\/groups\/1114034995691790\/<\/a><\/p>\n\n\n<div class=\"wp-block-image\">\n<figure class=\"aligncenter size-large\"><img data-opt-id=1142073201  fetchpriority=\"high\" decoding=\"async\" width=\"724\" height=\"1024\" src=\"https:\/\/mladjxeqsxgv.i.optimole.com\/cb:B3zE.b136\/w:724\/h:1024\/q:mauto\/f:best\/https:\/\/ctalker.org\/wp-content\/uploads\/2022\/09\/Kurbli-plakatok-1-1.jpg\" alt=\"\" class=\"wp-image-2379\" srcset=\"https:\/\/mladjxeqsxgv.i.optimole.com\/cb:B3zE.b136\/w:724\/h:1024\/q:mauto\/f:best\/https:\/\/ctalker.org\/wp-content\/uploads\/2022\/09\/Kurbli-plakatok-1-1.jpg 724w, https:\/\/mladjxeqsxgv.i.optimole.com\/cb:B3zE.b136\/w:212\/h:300\/q:mauto\/f:best\/https:\/\/ctalker.org\/wp-content\/uploads\/2022\/09\/Kurbli-plakatok-1-1.jpg 212w, https:\/\/mladjxeqsxgv.i.optimole.com\/cb:B3zE.b136\/w:763\/h:1080\/q:mauto\/f:best\/https:\/\/ctalker.org\/wp-content\/uploads\/2022\/09\/Kurbli-plakatok-1-1.jpg 768w, https:\/\/mladjxeqsxgv.i.optimole.com\/cb:B3zE.b136\/w:763\/h:1080\/q:mauto\/f:best\/https:\/\/ctalker.org\/wp-content\/uploads\/2022\/09\/Kurbli-plakatok-1-1.jpg 1086w, https:\/\/mladjxeqsxgv.i.optimole.com\/cb:B3zE.b136\/w:763\/h:1080\/q:mauto\/f:best\/https:\/\/ctalker.org\/wp-content\/uploads\/2022\/09\/Kurbli-plakatok-1-1.jpg 1414w, https:\/\/mladjxeqsxgv.i.optimole.com\/cb:B3zE.b136\/w:763\/h:1080\/q:mauto\/f:best\/dpr:2\/https:\/\/ctalker.org\/wp-content\/uploads\/2022\/09\/Kurbli-plakatok-1-1.jpg 2x\" sizes=\"(max-width: 724px) 100vw, 724px\" \/><figcaption>A programot t\u00e1mogatta a Tartom\u00e1nyi Oktat\u00e1si, Jogalkot\u00e1si, K\u00f6zigazgat\u00e1si \u00e9s Nemzeti Kissebs\u00e9gi-Nemzeti K\u00f6z\u00f6ss\u00e9gi Titk\u00e1rs\u00e1g<\/figcaption><\/figure>\n<\/div>","protected":false},"excerpt":{"rendered":"<p>A ny\u00e1ri h\u00f3napokat mi is a szabadban t\u00f6ltj\u00fck, hogy szabad \u00e9g alatt folytassuk a moziz\u00e1st veletek! Vajdas\u00e1g legjelent\u0151sebb fesztiv\u00e1ljain tal\u00e1lkozhattok vel\u00fcnk: Dombos Fest-el ind\u00edtjuk a szezont, azt\u00e1n R\u00f3ka Fest a k\u00f6vetkez\u0151 tany\u00e1nk, majd augusztusban&#46;&#46;&#46;<\/p>\n","protected":false},"author":3,"featured_media":2379,"comment_status":"open","ping_status":"closed","sticky":false,"template":"","format":"standard","meta":{"rop_custom_images_group":[],"rop_custom_messages_group":[],"rop_publish_now":"initial","rop_publish_now_accounts":[],"rop_publish_now_history":[],"rop_publish_now_status":"pending","_themeisle_gutenberg_block_has_review":false,"footnotes":""},"categories":[8,9],"tags":[],"class_list":["post-2326","post","type-post","status-publish","format-standard","has-post-thumbnail","hentry","category-kurbli","category-kurbli-filmklub"],"featured_image_src":"https:\/\/mladjxeqsxgv.i.optimole.com\/cb:B3zE.b136\/w:auto\/h:auto\/q:mauto\/f:best\/https:\/\/ctalker.org\/wp-content\/uploads\/2022\/09\/Kurbli-plakatok-1-1.jpg","featured_image_src_square":"https:\/\/mladjxeqsxgv.i.optimole.com\/cb:B3zE.b136\/w:auto\/h:auto\/q:mauto\/f:best\/https:\/\/ctalker.org\/wp-content\/uploads\/2022\/09\/Kurbli-plakatok-1-1.jpg","author_info":{"display_name":"Kari","author_link":"https:\/\/ctalker.org\/rs\/author\/karina\/"},"_links":{"self":[{"href":"https:\/\/ctalker.org\/rs\/wp-json\/wp\/v2\/posts\/2326","targetHints":{"allow":["GET"]}}],"collection":[{"href":"https:\/\/ctalker.org\/rs\/wp-json\/wp\/v2\/posts"}],"about":[{"href":"https:\/\/ctalker.org\/rs\/wp-json\/wp\/v2\/types\/post"}],"author":[{"embeddable":true,"href":"https:\/\/ctalker.org\/rs\/wp-json\/wp\/v2\/users\/3"}],"replies":[{"embeddable":true,"href":"https:\/\/ctalker.org\/rs\/wp-json\/wp\/v2\/comments?post=2326"}],"version-history":[{"count":4,"href":"https:\/\/ctalker.org\/rs\/wp-json\/wp\/v2\/posts\/2326\/revisions"}],"predecessor-version":[{"id":2380,"href":"https:\/\/ctalker.org\/rs\/wp-json\/wp\/v2\/posts\/2326\/revisions\/2380"}],"wp:featuredmedia":[{"embeddable":true,"href":"https:\/\/ctalker.org\/rs\/wp-json\/wp\/v2\/media\/2379"}],"wp:attachment":[{"href":"https:\/\/ctalker.org\/rs\/wp-json\/wp\/v2\/media?parent=2326"}],"wp:term":[{"taxonomy":"category","embeddable":true,"href":"https:\/\/ctalker.org\/rs\/wp-json\/wp\/v2\/categories?post=2326"},{"taxonomy":"post_tag","embeddable":true,"href":"https:\/\/ctalker.org\/rs\/wp-json\/wp\/v2\/tags?post=2326"}],"curies":[{"name":"wp","href":"https:\/\/api.w.org\/{rel}","templated":true}]}}