{"id":2214,"date":"2022-06-28T15:58:00","date_gmt":"2022-06-28T14:58:00","guid":{"rendered":"https:\/\/ctalker.org\/?p=2214"},"modified":"2022-08-17T19:02:51","modified_gmt":"2022-08-17T18:02:51","slug":"kurbli-filmklub-waad-al-kateab-kislanyomnak-samanak","status":"publish","type":"post","link":"https:\/\/ctalker.org\/rs\/2022\/06\/28\/kurbli-filmklub-waad-al-kateab-kislanyomnak-samanak\/","title":{"rendered":"Kurbli Filmklub: Waad al-Kateab-Kisl\u00e1nyomnak, Sam\u00e1nak"},"content":{"rendered":"\n<p>Szabadka\/2022.06.28<\/p>\n\n\n\n<p>Waad al-Kateab: Kisl\u00e1nyomnak, Sam\u00e1nak (For Sama) 2019, angol-sz\u00edr dokumentumfilm, 100 perc<\/p>\n\n\n\n<p class=\"has-text-align-center\">A film eddig 26 rangos d\u00edjat nyert el<\/p>\n\n\n\n<p style=\"text-align: justify;\">Ha most 2032 lenne \u00e9s visszamenn\u00e9nk az id\u0151be 2022-be, az Ukrajnai h\u00e1bor\u00fa \u2013 \u201erem\u00e9lhet\u0151leg\u201d \u2013, f\u00f6ldrajzi k\u00f6zels\u00e9ge ellen\u00e9re is, viszonylag gyorsan elfeledhet\u0151 eml\u00e9k lenne. \u00c9s a sz\u0151nyeg al\u00e1 s\u00f6p\u00f6rt, emberis\u00e9g ellen elk\u00f6vetett b\u0171ntettek sz\u00e1ma egyre csak n\u0151. Zavarba ejt\u0151 Waad al-Kateab amat\u0151r filmes, volt egyetemi hallgat\u00f3,&nbsp;<em>Kisl\u00e1nyomnak, Sam\u00e1nak<\/em>&nbsp;c\u00edm\u0171 2012 \u00e9s 2017 k\u00f6z\u00f6tt forgatott traumatikus filmj\u00e9t felvezetni. De a film narr\u00e1torak\u00e9nt megsz\u00f3lal\u00f3 fiatal anya monol\u00f3gjait hallgatni m\u00e9g rendk\u00edv\u00fclibb.<\/p>\n<p>&nbsp;<\/p>\n\n\n<div class=\"wp-block-image\">\n<figure class=\"aligncenter size-full\"><img data-opt-id=54344864  fetchpriority=\"high\" decoding=\"async\" width=\"640\" height=\"480\" src=\"https:\/\/mladjxeqsxgv.i.optimole.com\/cb:B3zE.b136\/w:auto\/h:auto\/q:mauto\/f:best\/https:\/\/ctalker.org\/wp-content\/uploads\/2022\/06\/Kislanyomnak-Samanak-120731.jpg\" alt=\"\" class=\"wp-image-2215\" srcset=\"https:\/\/mladjxeqsxgv.i.optimole.com\/cb:B3zE.b136\/w:640\/h:480\/q:mauto\/f:best\/https:\/\/ctalker.org\/wp-content\/uploads\/2022\/06\/Kislanyomnak-Samanak-120731.jpg 640w, https:\/\/mladjxeqsxgv.i.optimole.com\/cb:B3zE.b136\/w:300\/h:225\/q:mauto\/f:best\/https:\/\/ctalker.org\/wp-content\/uploads\/2022\/06\/Kislanyomnak-Samanak-120731.jpg 300w, https:\/\/mladjxeqsxgv.i.optimole.com\/cb:B3zE.b136\/w:640\/h:480\/q:mauto\/f:best\/dpr:2\/https:\/\/ctalker.org\/wp-content\/uploads\/2022\/06\/Kislanyomnak-Samanak-120731.jpg 2x\" sizes=\"(max-width: 640px) 100vw, 640px\" \/><figcaption>Waad al-Kateab<\/figcaption><\/figure>\n<\/div>\n\n\n<p style=\"text-align: justify;\">A nyugati vil\u00e1g er\u0151s gazdas\u00e1gainak perem\u00e9n t\u00fal m\u0171k\u00f6d\u0151 rendszerekben, valahogy kev\u00e9sb\u00e9 jellemz\u0151 a f\u00f6ldgoly\u00f3n mindenkit egyform\u00e1n megillet\u0151 alapvet\u0151 emberi jogok rekl\u00e1moz\u00e1sa, azok betartat\u00e1s\u00e1nak szigor\u00fabb m\u00e9ricsk\u00e9l\u00e9se. El\u0151fordul, hogy egy politikailag is elhivatott, emberi jogi dokumentumfilm \u00e1ltal felvetett tabut\u00e9ma miatt v\u00e1ltoztat jogszab\u00e1lyt egy nyugat eur\u00f3pai parlament. Viszont ma a vil\u00e1g sz\u00e1mos szeg\u00e9nyebb, elszigeteltebb \u00e9s\/vagy instabilabb fenntart\u00e1s\u00fa t\u00e1rsadalm\u00e1ban egy politikailag reflex\u00edv, t\u00e9nyfelt\u00e1r\u00f3 film \u00e1ltal\u00e1ban kev\u00e9s n\u00e9pszer\u0171s\u00e9gnek \u00f6rvendhet. T\u00e9ma\u00e9rz\u00e9kenys\u00e9ge miatt, radik\u00e1lisabb esetben betilthatj\u00e1k. Ha pedig f\u00e9l- vagy teljes illegalit\u00e1sban alkot\u00f3 filmesr\u0151l besz\u00e9l\u00fcnk, azt ebbe az esetben a \u201egerilla\u201d kifejez\u00e9s sok kieg\u00e9sz\u00edt\u00e9st ig\u00e9nyl\u0151 fogalm\u00e1val \u00edrhatjuk le \u2026 Waad al-Kateab alepp\u00f3i egyetemista h\u00e1bor\u00fas kataklizm\u00e1ban j\u00e1tsz\u00f3d\u00f3 filmje viszont olyan rossz k\u00f6r\u00fclm\u00e9nyek k\u00f6z\u00f6tt k\u00e9sz\u00fclt, melyek a fent le\u00edrtakat messze-messze fel\u00fclm\u00falj\u00e1k.<\/p>\n<p>&nbsp;<\/p>\n\n\n<div class=\"wp-block-image\">\n<figure class=\"aligncenter size-large\"><img data-opt-id=901261649  fetchpriority=\"high\" decoding=\"async\" width=\"1024\" height=\"576\" src=\"https:\/\/mladjxeqsxgv.i.optimole.com\/cb:B3zE.b136\/w:1024\/h:576\/q:mauto\/f:best\/https:\/\/ctalker.org\/wp-content\/uploads\/2022\/06\/img1.jpg\" alt=\"\" class=\"wp-image-2216\" srcset=\"https:\/\/mladjxeqsxgv.i.optimole.com\/cb:B3zE.b136\/w:1024\/h:576\/q:mauto\/f:best\/https:\/\/ctalker.org\/wp-content\/uploads\/2022\/06\/img1.jpg 1024w, https:\/\/mladjxeqsxgv.i.optimole.com\/cb:B3zE.b136\/w:300\/h:169\/q:mauto\/f:best\/https:\/\/ctalker.org\/wp-content\/uploads\/2022\/06\/img1.jpg 300w, https:\/\/mladjxeqsxgv.i.optimole.com\/cb:B3zE.b136\/w:768\/h:432\/q:mauto\/f:best\/https:\/\/ctalker.org\/wp-content\/uploads\/2022\/06\/img1.jpg 768w, https:\/\/mladjxeqsxgv.i.optimole.com\/cb:B3zE.b136\/w:1400\/h:787\/q:mauto\/f:best\/https:\/\/ctalker.org\/wp-content\/uploads\/2022\/06\/img1.jpg 1400w, https:\/\/mladjxeqsxgv.i.optimole.com\/cb:B3zE.b136\/w:1400\/h:787\/q:mauto\/f:best\/dpr:2\/https:\/\/ctalker.org\/wp-content\/uploads\/2022\/06\/img1.jpg 2x\" sizes=\"(max-width: 1000px) 100vw, 1000px\" \/><\/figure>\n<\/div>\n\n\n<p style=\"text-align: justify;\">A sz\u00edriai Alepp\u00f3ban t\u00f6rt\u00e9ntekr\u0151l besz\u00e1mol\u00f3, sokkol\u00f3 emberi jogi dokumentumfilm, a forradalmi di\u00e1kmegmozdul\u00e1sokt\u00f3l indulva bevisz minket az \u00e9vekig ostrom alatt \u00e1ll\u00f3 v\u00e1rosba, ahol maga a film k\u00e9sz\u00edt\u0151je tartja a kamer\u00e1t \u2013 sz\u00f3 szerint! Akit szeretteivel \u00e9s k\u00f6z\u00f6ss\u00e9g\u00e9vel egy\u00fctt, meg akarnak \u00f6lni. El akarnak t\u00fcntetni a f\u00f6ld sz\u00edn\u00e9r\u0151l, Sz\u00edri\u00e1ban, Alepp\u00f3 v\u00e1ros\u00e1ban, a XXI. sz\u00e1zadban. Felt\u0171nhet, hogy itt az egy\u00e9n (kiz\u00e1r\u00e1sos alapon, szabads\u00e1gharcos) t\u00e1rsadalmi felel\u0151ss\u00e9gv\u00e1llal\u00e1sa \u00e9s cselekv\u0151k\u00e9pess\u00e9ge, enn\u00e9l kem\u00e9nyebb pr\u00f3bat\u00e9telnek aligha lehetne kit\u00e9ve. \u00c9s az itt most mell\u00e9kes, hogy ez milyen ar\u00e1nyban v\u00e1lasztott (Ezt m\u00e9gis, ki v\u00e1lasztan\u00e1?), illetve k\u00e9nyszer\u0171 sors\u00fat. R\u00e1ad\u00e1sul, a&nbsp;<em>Kisl\u00e1nyomnak, Sam\u00e1nak&nbsp;<\/em>c\u00edm\u0171, 2019-es film fiatal anya f\u0151h\u0151se, bomb\u00e1k keresztt\u00fcz\u00e9ben, goly\u00f3z\u00e1porban k\u00e9nytelen \u00e9lni mindennapjait, ami persze rendk\u00edv\u00fcli pszich\u00e9s terhet is jelent a sz\u00e1m\u00e1ra.&nbsp;<\/p>\n<p>&nbsp;<\/p>\n\n\n<div class=\"wp-block-image\">\n<figure class=\"aligncenter size-large is-resized\"><img data-opt-id=1342641867  decoding=\"async\" src=\"https:\/\/mladjxeqsxgv.i.optimole.com\/cb:B3zE.b136\/w:1024\/h:682\/q:mauto\/f:best\/https:\/\/ctalker.org\/wp-content\/uploads\/2022\/06\/forsama2-1030x686-1.jpg\" alt=\"\" class=\"wp-image-2217\" width=\"568\" height=\"378\" srcset=\"https:\/\/mladjxeqsxgv.i.optimole.com\/cb:B3zE.b136\/w:1024\/h:682\/q:mauto\/f:best\/https:\/\/ctalker.org\/wp-content\/uploads\/2022\/06\/forsama2-1030x686-1.jpg 1024w, https:\/\/mladjxeqsxgv.i.optimole.com\/cb:B3zE.b136\/w:300\/h:200\/q:mauto\/f:best\/https:\/\/ctalker.org\/wp-content\/uploads\/2022\/06\/forsama2-1030x686-1.jpg 300w, https:\/\/mladjxeqsxgv.i.optimole.com\/cb:B3zE.b136\/w:768\/h:512\/q:mauto\/f:best\/https:\/\/ctalker.org\/wp-content\/uploads\/2022\/06\/forsama2-1030x686-1.jpg 768w, https:\/\/mladjxeqsxgv.i.optimole.com\/cb:B3zE.b136\/w:600\/h:400\/q:mauto\/f:best\/https:\/\/ctalker.org\/wp-content\/uploads\/2022\/06\/forsama2-1030x686-1.jpg 600w, https:\/\/mladjxeqsxgv.i.optimole.com\/cb:B3zE.b136\/w:930\/h:620\/q:mauto\/f:best\/https:\/\/ctalker.org\/wp-content\/uploads\/2022\/06\/forsama2-1030x686-1.jpg 930w, https:\/\/mladjxeqsxgv.i.optimole.com\/cb:B3zE.b136\/w:1030\/h:686\/q:mauto\/f:best\/https:\/\/ctalker.org\/wp-content\/uploads\/2022\/06\/forsama2-1030x686-1.jpg 1030w, https:\/\/mladjxeqsxgv.i.optimole.com\/cb:B3zE.b136\/w:1030\/h:686\/q:mauto\/f:best\/dpr:2\/https:\/\/ctalker.org\/wp-content\/uploads\/2022\/06\/forsama2-1030x686-1.jpg 2x\" sizes=\"(max-width: 568px) 100vw, 568px\" \/><\/figure>\n<\/div>\n\n\n<p style=\"text-align: justify;\">Waad al-Kateab h\u00e1bor\u00fas sorsfilmje sok szempontb\u00f3l radik\u00e1lisan \u00f6tv\u00f6zi azokat a tematikai \u00e9s stil\u00e1ris szempontokat, melyek meghat\u00e1roz\u00f3ak a mai modern, f\u0151h\u0151s vez\u00e9relt kreat\u00edv dokumentumfilmek terep\u00e9n. Kor\u00e1t nem, de kort\u00e1rsait meghaladja. A film k\u00f6ny\u00f6rtelen, sz\u0171nni nem akar\u00f3 borzong\u00e1s\u00e9lm\u00e9ny. Val\u00f3s\u00e1gk\u00f6zel\u00edt\u00e9s\u00e9nek sz\u00e9ls\u0151s\u00e9gess\u00e9ge lebilincsel\u0151. A szem\u00e9lyes dr\u00e1ma testk\u00f6zelis\u00e9g\u00e9t, a p\u00e1r m\u00e9terre \u201emell\u00e9nk\u201d becsap\u00f3d\u00f3 bomba robban\u00e1s\u00e1nak hangja \u00e9s a koromb\u00f3l, f\u00fcstb\u0151l \u00e9s t\u00f6rmel\u00e9kb\u0151l \u00e1ll\u00f3 felh\u0151 l\u00e1tv\u00e1nya eg\u00e9sz\u00edti ki. Viszont ezt a nyomaszt\u00f3, folyamatos jelen id\u0151ben meg\u00e9lt lehetetlen l\u00e9thelyzetet racion\u00e1lisan kell kezelni az \u00e9letben maradtaknak. S\u0151t \u00e9rtelmezni kell \u00e9s megmagyar\u00e1zni is, ami elk\u00e9peszt\u0151 emberi-f\u00f6ldi jelens\u00e9g. Ez\u00e9rt is, ennek a filmnek a befogad\u00e1sa, \u00e9s az err\u0151l folytatott diskurzus \u2013 napjaink h\u00e1bor\u00fas fenyegetetts\u00e9ge miatt is \u2013, igen l\u00e9nyeges felismer\u00e9seket \u00e9s tanuls\u00e1gokat rejt.<\/p>\n<p style=\"text-align: right;\">Sz\u00e1sz Csongor<\/p>\n\n\n\n<figure class=\"wp-block-image size-large\"><img data-opt-id=2087418457  loading=\"lazy\" decoding=\"async\" width=\"1024\" height=\"229\" src=\"https:\/\/mladjxeqsxgv.i.optimole.com\/cb:B3zE.b136\/w:1024\/h:229\/q:mauto\/f:best\/https:\/\/ctalker.org\/wp-content\/uploads\/2022\/08\/megvalosult_a_magyar_kormany_tamogatasaval_bga_alap-1.jpg\" alt=\"\" class=\"wp-image-2279\" srcset=\"https:\/\/mladjxeqsxgv.i.optimole.com\/cb:B3zE.b136\/w:1024\/h:229\/q:mauto\/f:best\/https:\/\/ctalker.org\/wp-content\/uploads\/2022\/08\/megvalosult_a_magyar_kormany_tamogatasaval_bga_alap-1.jpg 1024w, https:\/\/mladjxeqsxgv.i.optimole.com\/cb:B3zE.b136\/w:300\/h:67\/q:mauto\/f:best\/https:\/\/ctalker.org\/wp-content\/uploads\/2022\/08\/megvalosult_a_magyar_kormany_tamogatasaval_bga_alap-1.jpg 300w, https:\/\/mladjxeqsxgv.i.optimole.com\/cb:B3zE.b136\/w:768\/h:171\/q:mauto\/f:best\/https:\/\/ctalker.org\/wp-content\/uploads\/2022\/08\/megvalosult_a_magyar_kormany_tamogatasaval_bga_alap-1.jpg 768w, https:\/\/mladjxeqsxgv.i.optimole.com\/cb:B3zE.b136\/w:1536\/h:343\/q:mauto\/f:best\/https:\/\/ctalker.org\/wp-content\/uploads\/2022\/08\/megvalosult_a_magyar_kormany_tamogatasaval_bga_alap-1.jpg 1536w, https:\/\/mladjxeqsxgv.i.optimole.com\/cb:B3zE.b136\/w:1920\/h:428\/q:mauto\/f:best\/https:\/\/ctalker.org\/wp-content\/uploads\/2022\/08\/megvalosult_a_magyar_kormany_tamogatasaval_bga_alap-1.jpg 2048w, https:\/\/mladjxeqsxgv.i.optimole.com\/cb:B3zE.b136\/w:1920\/h:428\/q:mauto\/f:best\/dpr:2\/https:\/\/ctalker.org\/wp-content\/uploads\/2022\/08\/megvalosult_a_magyar_kormany_tamogatasaval_bga_alap-1.jpg 2x\" sizes=\"(max-width: 1000px) 100vw, 1000px\" \/><figcaption>Megval\u00f3sult a Magyar Korm\u00e1ny t\u00e1mogat\u00e1s\u00e1val<\/figcaption><\/figure>\n","protected":false},"excerpt":{"rendered":"<p>Szabadka\/2022.06.28 Waad al-Kateab: Kisl\u00e1nyomnak, Sam\u00e1nak (For Sama) 2019, angol-sz\u00edr dokumentumfilm, 100 perc A film eddig 26 rangos d\u00edjat nyert el Ha most 2032 lenne \u00e9s visszamenn\u00e9nk az id\u0151be 2022-be, az Ukrajnai h\u00e1bor\u00fa \u2013 \u201erem\u00e9lhet\u0151leg\u201d&#46;&#46;&#46;<\/p>\n","protected":false},"author":3,"featured_media":2218,"comment_status":"open","ping_status":"closed","sticky":false,"template":"","format":"standard","meta":{"rop_custom_images_group":[],"rop_custom_messages_group":[],"rop_publish_now":"initial","rop_publish_now_accounts":[],"rop_publish_now_history":[],"rop_publish_now_status":"pending","_themeisle_gutenberg_block_has_review":false,"footnotes":""},"categories":[8,9],"tags":[],"class_list":["post-2214","post","type-post","status-publish","format-standard","has-post-thumbnail","hentry","category-kurbli","category-kurbli-filmklub"],"featured_image_src":"https:\/\/mladjxeqsxgv.i.optimole.com\/cb:B3zE.b136\/w:auto\/h:auto\/q:mauto\/f:best\/https:\/\/ctalker.org\/wp-content\/uploads\/2022\/06\/289570846_10229475512013600_393009907654684451_n.jpg","featured_image_src_square":"https:\/\/mladjxeqsxgv.i.optimole.com\/cb:B3zE.b136\/w:auto\/h:auto\/q:mauto\/f:best\/https:\/\/ctalker.org\/wp-content\/uploads\/2022\/06\/289570846_10229475512013600_393009907654684451_n.jpg","author_info":{"display_name":"Kari","author_link":"https:\/\/ctalker.org\/rs\/author\/karina\/"},"_links":{"self":[{"href":"https:\/\/ctalker.org\/rs\/wp-json\/wp\/v2\/posts\/2214","targetHints":{"allow":["GET"]}}],"collection":[{"href":"https:\/\/ctalker.org\/rs\/wp-json\/wp\/v2\/posts"}],"about":[{"href":"https:\/\/ctalker.org\/rs\/wp-json\/wp\/v2\/types\/post"}],"author":[{"embeddable":true,"href":"https:\/\/ctalker.org\/rs\/wp-json\/wp\/v2\/users\/3"}],"replies":[{"embeddable":true,"href":"https:\/\/ctalker.org\/rs\/wp-json\/wp\/v2\/comments?post=2214"}],"version-history":[{"count":2,"href":"https:\/\/ctalker.org\/rs\/wp-json\/wp\/v2\/posts\/2214\/revisions"}],"predecessor-version":[{"id":2323,"href":"https:\/\/ctalker.org\/rs\/wp-json\/wp\/v2\/posts\/2214\/revisions\/2323"}],"wp:featuredmedia":[{"embeddable":true,"href":"https:\/\/ctalker.org\/rs\/wp-json\/wp\/v2\/media\/2218"}],"wp:attachment":[{"href":"https:\/\/ctalker.org\/rs\/wp-json\/wp\/v2\/media?parent=2214"}],"wp:term":[{"taxonomy":"category","embeddable":true,"href":"https:\/\/ctalker.org\/rs\/wp-json\/wp\/v2\/categories?post=2214"},{"taxonomy":"post_tag","embeddable":true,"href":"https:\/\/ctalker.org\/rs\/wp-json\/wp\/v2\/tags?post=2214"}],"curies":[{"name":"wp","href":"https:\/\/api.w.org\/{rel}","templated":true}]}}