{"id":1977,"date":"2022-04-16T10:41:31","date_gmt":"2022-04-16T09:41:31","guid":{"rendered":"https:\/\/ctalker.org\/?p=1977"},"modified":"2022-08-17T19:29:34","modified_gmt":"2022-08-17T18:29:34","slug":"kurbi-filmklub-federico-fellini-amarcord","status":"publish","type":"post","link":"https:\/\/ctalker.org\/rs\/2022\/04\/16\/kurbi-filmklub-federico-fellini-amarcord\/","title":{"rendered":"Kurbi Filmklub: Federico Fellini-Amarcord"},"content":{"rendered":"\n<p>Szabadka\/2022.04.12.<\/p>\n\n\n\n<p>Federico Fellini-Amarcord, 1973, olasz v\u00edgj\u00e1t\u00e9k, 127 perc<\/p>\n\n\n\n<p class=\"has-text-align-center\"><em>\u201eMajdnem mindent \u00e9n tal\u00e1ltam ki: egy gyermekkort, egy szem\u00e9lyis\u00e9get, nosztalgi\u00e1kat, \u00e1lmokat, eml\u00e9keket: az\u00e9rt az \u00f6r<\/em><em>\u00f6m\u00e9rt, hogy elmes\u00e9lhessem \u0151ket.\u201d<\/em> (FELLINI)<\/p>\n\n\n\n<p>Tipp: olvas\u00e1shoz hallgasd Nino Rota zen\u00e9j\u00e9t:  <a href=\"https:\/\/www.imdb.com\/video\/vi3793467417\/?ref_=ext_shr_fb&amp;fbclid=IwAR2ZphU0m8k45GlTT8HXtZoQcpmh4w3qKKOnidbSmy3viV3drIO_sbRRWFQ\">https:\/\/www.imdb.com\/video\/vi3793467417\/?ref_=ext_shr_fb&amp;fbclid=IwAR2ZphU0m8k45GlTT8HXtZoQcpmh4w3qKKOnidbSmy3viV3drIO_sbRRWFQ<\/a><\/p>\n\n\n\n<p style=\"text-align: justify;\">A helysz\u00edn Fellini sz\u00fcl\u0151v\u00e1rosa Rimini, ahol a gyermek Fellini cseperedett a 30-as \u00e9vekben, \u00e9s term\u00e9szetesen R\u00f3ma! A Cinecitta gigantikus olasz filmst\u00fadi\u00f3j\u00e1ban \u00fajj\u00e1\u00e9p\u00edtett Rimini v\u00e1rosa egy szem\u00e9lyes eml\u00e9kekre \u00e9p\u00fcl\u0151, \u00e1lomszer\u0171 mes\u00e9be emeli \u00e1t a n\u00e9z\u0151 virtu\u00e1lis l\u00e9ny\u00e9t. <em>\u201eR\u00f3ma nem seg\u00edt a feln\u0151tt\u00e9 v\u00e1l\u00e1sban. M\u00e9h\u00e9vel, any\u00e1skod\u00e1s\u00e1val megv\u00e9d a neur\u00f3zist\u00f3l, de megg\u00e1tol a teljes kifejl\u0151d\u00e9sben, meg\u00e9rlel\u0151d\u00e9sben. Itt nincsenek idegbetegek, de feln\u0151ttek se nagyon. R\u00f3ma a neveletlen, k\u00e9tked\u0151, unott \u00e9s kiss\u00e9 ferde lelk\u0171 gyerekek v\u00e1rosa\u2026\u201d<\/em> -fogalmaz Fellini. Az Amarcord Fellini modernista korszak\u00e1nak \u00e9rett, folklorisztikus-\u00f6n\u00e9letrajzi-\u00f6nreflex\u00edv, humoros alkot\u00e1sa. St\u00edlusa ornament\u00e1lis, azaz d\u00edsz\u00edt\u0151 (sz\u00ednez\u0151, cifr\u00e1z\u00f3) jelleg\u0171. B\u00e1r az Amarcord k\u00e9ts\u00e9gtelen\u00fcl a Fellini legend\u00e1rium gy\u00f6ngyszeme is, ami a filmet mitikus jelleggel ruh\u00e1zza fel. A t\u00f6rt\u00e9net alakja d\u00edsz\u00edtett. Teh\u00e1t elbesz\u00e9l\u00e9se (mesesz\u00f6v\u00e9se) j\u00e1t\u00e9kos, csapong\u00f3, olykor kitekint a jelenetb\u0151l vagy \u00e9ppen \u00e1tvisz a k\u00f6vetkez\u0151 t\u00f6rt\u00e9netmozaikba. \u00c9s ehhez p\u00e1rosul tarka, zs\u00fafolt \u00e9s sodr\u00f3an hars\u00e1ny \u00e1br\u00e1zol\u00e1sm\u00f3d, k\u00e9pkompon\u00e1l\u00e1s.<\/p>\n\n\n<div class=\"wp-block-image\">\n<figure class=\"aligncenter size-large is-resized\"><img data-opt-id=560340804  fetchpriority=\"high\" decoding=\"async\" src=\"https:\/\/mladjxeqsxgv.i.optimole.com\/cb:B3zE.b136\/w:1024\/h:554\/q:mauto\/f:best\/https:\/\/ctalker.org\/wp-content\/uploads\/2022\/04\/MV5BMTkwODM5NzEwNF5BMl5BanBnXkFtZTgwNzcxNDQzNzE@._V1_.jpg\" alt=\"\" class=\"wp-image-1978\" width=\"616\" height=\"333\" srcset=\"https:\/\/mladjxeqsxgv.i.optimole.com\/cb:B3zE.b136\/w:1024\/h:554\/q:mauto\/f:best\/https:\/\/ctalker.org\/wp-content\/uploads\/2022\/04\/MV5BMTkwODM5NzEwNF5BMl5BanBnXkFtZTgwNzcxNDQzNzE@._V1_.jpg 1024w, https:\/\/mladjxeqsxgv.i.optimole.com\/cb:B3zE.b136\/w:300\/h:162\/q:mauto\/f:best\/https:\/\/ctalker.org\/wp-content\/uploads\/2022\/04\/MV5BMTkwODM5NzEwNF5BMl5BanBnXkFtZTgwNzcxNDQzNzE@._V1_.jpg 300w, https:\/\/mladjxeqsxgv.i.optimole.com\/cb:B3zE.b136\/w:768\/h:415\/q:mauto\/f:best\/https:\/\/ctalker.org\/wp-content\/uploads\/2022\/04\/MV5BMTkwODM5NzEwNF5BMl5BanBnXkFtZTgwNzcxNDQzNzE@._V1_.jpg 768w, https:\/\/mladjxeqsxgv.i.optimole.com\/cb:B3zE.b136\/w:1536\/h:830\/q:mauto\/f:best\/https:\/\/ctalker.org\/wp-content\/uploads\/2022\/04\/MV5BMTkwODM5NzEwNF5BMl5BanBnXkFtZTgwNzcxNDQzNzE@._V1_.jpg 1536w, https:\/\/mladjxeqsxgv.i.optimole.com\/cb:B3zE.b136\/w:1920\/h:1037\/q:mauto\/f:best\/https:\/\/ctalker.org\/wp-content\/uploads\/2022\/04\/MV5BMTkwODM5NzEwNF5BMl5BanBnXkFtZTgwNzcxNDQzNzE@._V1_.jpg 1998w, https:\/\/mladjxeqsxgv.i.optimole.com\/cb:B3zE.b136\/w:1920\/h:1037\/q:mauto\/f:best\/dpr:2\/https:\/\/ctalker.org\/wp-content\/uploads\/2022\/04\/MV5BMTkwODM5NzEwNF5BMl5BanBnXkFtZTgwNzcxNDQzNzE@._V1_.jpg 2x\" sizes=\"(max-width: 616px) 100vw, 616px\" \/><\/figure>\n<\/div>\n\n\n<p style=\"text-align: justify;\">Fellini intuit\u00edv rendez\u00e9se lend\u00fcletes k\u00e9p\u00fasz\u00e1sokkal oper\u00e1l, amelyeket vibr\u00e1l\u00f3an \u00f6sszev\u00e1gva meg\u00e1ll\u00edt egy-egy elny\u00fajtott pillanatban. Forma \u00e9s tartalom egys\u00e9gben van. Azaz a felsz\u00edni k\u00e9pi jelent\u00e9s \u00e9s a m\u00e9lyebb magyar\u00e1z\u00f3 elbesz\u00e9l\u00e9selemek s\u00edkjai j\u00f3l kieg\u00e9sz\u00edtik egym\u00e1st. S\u0151t, olyan \u00e9rz\u00e9s\u00fcnk van, mintha Fellini audiovizu\u00e1lis filmkock\u00e1i t\u00f6k\u00e9letesen egym\u00e1sba illen\u00e9nek \u00e9s ezt a j\u00e1t\u00e9kot csak egyf\u00e9lek\u00e9ppen lehetne j\u00e1tszani, Fellini m\u00f3dra. \u00c9s persze az eg\u00e9szt\u0151l elv\u00e1laszthatatlan Nino Rota zen\u00e9je.<\/p>\n<p style=\"text-align: justify;\">\u201eAz Amarcord egyik jelenet\u00e9ben kappanhang\u00fa, sov\u00e1ny \u00f6regember nagy gesztenyefa tetej\u00e9re m\u00e1szik, \u00e9s onnan ord\u00edtja vil\u00e1gg\u00e1 beteljes\u00fcletlen v\u00e1gy\u00e1t: \u00bbN\u0151t akarok, n\u0151t akarok!\u00ab Le sem j\u00f6nne addig, m\u00edg nem kap n\u0151t. Rokonai ott k\u00f6ny\u00f6r\u00f6gnek a fa alatt. A csal\u00e1d bolondh\u00e1zb\u00f3l sz\u00f6k\u00f6tt nagyb\u00e1csija az, kamasz szerzetesl\u00e9lek, a v\u00e1gy rebellise. \u00dagy eml\u00e9kszem, egy szigor\u00fa, t\u00f6rpe ap\u00e1ca hozza le a f\u00f6ldre.\u201d (BIK\u00c1CSY)<\/p>\n<p style=\"text-align: justify;\">\u201eFellini filmjeinek kiv\u00e9teles k\u00e9pzel\u0151er\u0151t sug\u00e1rz\u00f3 vizualit\u00e1sa rendk\u00edv\u00fcl k\u00f6zel \u00e1llt az \u00e1lmok irracion\u00e1lis vil\u00e1g\u00e1hoz.\u201d (PINT\u00c9R)<\/p>\n\n\n<div class=\"wp-block-image\">\n<figure class=\"aligncenter size-large is-resized\"><img data-opt-id=700008331  fetchpriority=\"high\" decoding=\"async\" src=\"https:\/\/mladjxeqsxgv.i.optimole.com\/cb:B3zE.b136\/w:1024\/h:794\/q:mauto\/f:best\/https:\/\/ctalker.org\/wp-content\/uploads\/2022\/04\/MV5BMTc4MjE5MDU5MF5BMl5BanBnXkFtZTgwMDY0MTE1MjE@._V1_.jpg\" alt=\"\" class=\"wp-image-1979\" width=\"586\" height=\"454\" srcset=\"https:\/\/mladjxeqsxgv.i.optimole.com\/cb:B3zE.b136\/w:1024\/h:794\/q:mauto\/f:best\/https:\/\/ctalker.org\/wp-content\/uploads\/2022\/04\/MV5BMTc4MjE5MDU5MF5BMl5BanBnXkFtZTgwMDY0MTE1MjE@._V1_.jpg 1024w, https:\/\/mladjxeqsxgv.i.optimole.com\/cb:B3zE.b136\/w:300\/h:233\/q:mauto\/f:best\/https:\/\/ctalker.org\/wp-content\/uploads\/2022\/04\/MV5BMTc4MjE5MDU5MF5BMl5BanBnXkFtZTgwMDY0MTE1MjE@._V1_.jpg 300w, https:\/\/mladjxeqsxgv.i.optimole.com\/cb:B3zE.b136\/w:768\/h:595\/q:mauto\/f:best\/https:\/\/ctalker.org\/wp-content\/uploads\/2022\/04\/MV5BMTc4MjE5MDU5MF5BMl5BanBnXkFtZTgwMDY0MTE1MjE@._V1_.jpg 768w, https:\/\/mladjxeqsxgv.i.optimole.com\/cb:B3zE.b136\/w:1392\/h:1080\/q:mauto\/f:best\/https:\/\/ctalker.org\/wp-content\/uploads\/2022\/04\/MV5BMTc4MjE5MDU5MF5BMl5BanBnXkFtZTgwMDY0MTE1MjE@._V1_.jpg 1536w, https:\/\/mladjxeqsxgv.i.optimole.com\/cb:B3zE.b136\/w:1393\/h:1080\/q:mauto\/f:best\/https:\/\/ctalker.org\/wp-content\/uploads\/2022\/04\/MV5BMTc4MjE5MDU5MF5BMl5BanBnXkFtZTgwMDY0MTE1MjE@._V1_.jpg 1748w, https:\/\/mladjxeqsxgv.i.optimole.com\/cb:B3zE.b136\/w:1393\/h:1080\/q:mauto\/f:best\/dpr:2\/https:\/\/ctalker.org\/wp-content\/uploads\/2022\/04\/MV5BMTc4MjE5MDU5MF5BMl5BanBnXkFtZTgwMDY0MTE1MjE@._V1_.jpg 2x\" sizes=\"(max-width: 586px) 100vw, 586px\" \/><\/figure>\n<\/div>\n\n\n<div dir=\"auto\" style=\"text-align: center;\"><em>\u201e&#8230;A clown t\u00fck\u00f6r, amelyben az ember mag\u00e1t groteszk, form\u00e1tlan, nevets\u00e9ges k\u00e9pben l\u00e1tja viszont.\u201d<\/em><\/div>\n<div dir=\"auto\">Fellini \u00edgy jellemezte a boh\u00f3cot: \u201eNos, a clown annak a fantasztikus l\u00e9nynek a jellegzetess\u00e9g\u00e9t testes\u00edti meg, aki az ember irracion\u00e1lis oldal\u00e1t, az \u00f6szt\u00f6n \u00f6sszetev\u0151j\u00e9t, a fels\u0151bb rend elleni l\u00e1zad\u00e1st \u00e9s tagad\u00e1st fejezi ki, amely valamennyire mindannyiunkban benne van.\u201d<\/div>\n<div dir=\"auto\">\u00a0<\/div>\n\n\n\n<p style=\"text-align: justify;\">Az Amarcord \u00e9s a hozz\u00e1 kompon\u00e1lt Nino Rota zene a m\u0171v\u00e9szfilm \u00e9s a popul\u00e1ris kult\u00fara k\u00f6zeled\u00e9s\u00e9t mutatja. Fellini v\u00edzi\u00f3ja \u00e9s Rota foxtrottjai, indul\u00f3i \u00e9s n\u00e9pszer\u0171 klasszikusai az eg\u00e9sz vil\u00e1got elk\u00e1pr\u00e1ztatt\u00e1k.<\/p>\n<p style=\"text-align: right;\">Sz\u00e1sz Csongor<\/p>\n\n\n\n<p><\/p>\n\n\n<div class=\"wp-block-image\">\n<figure class=\"aligncenter size-large is-resized\"><img data-opt-id=2087418457  decoding=\"async\" src=\"https:\/\/mladjxeqsxgv.i.optimole.com\/cb:B3zE.b136\/w:1024\/h:229\/q:mauto\/f:best\/https:\/\/ctalker.org\/wp-content\/uploads\/2022\/08\/megvalosult_a_magyar_kormany_tamogatasaval_bga_alap-1.jpg\" alt=\"\" class=\"wp-image-2279\" width=\"636\" height=\"142\" srcset=\"https:\/\/mladjxeqsxgv.i.optimole.com\/cb:B3zE.b136\/w:1024\/h:229\/q:mauto\/f:best\/https:\/\/ctalker.org\/wp-content\/uploads\/2022\/08\/megvalosult_a_magyar_kormany_tamogatasaval_bga_alap-1.jpg 1024w, https:\/\/mladjxeqsxgv.i.optimole.com\/cb:B3zE.b136\/w:300\/h:67\/q:mauto\/f:best\/https:\/\/ctalker.org\/wp-content\/uploads\/2022\/08\/megvalosult_a_magyar_kormany_tamogatasaval_bga_alap-1.jpg 300w, https:\/\/mladjxeqsxgv.i.optimole.com\/cb:B3zE.b136\/w:768\/h:171\/q:mauto\/f:best\/https:\/\/ctalker.org\/wp-content\/uploads\/2022\/08\/megvalosult_a_magyar_kormany_tamogatasaval_bga_alap-1.jpg 768w, https:\/\/mladjxeqsxgv.i.optimole.com\/cb:B3zE.b136\/w:1536\/h:343\/q:mauto\/f:best\/https:\/\/ctalker.org\/wp-content\/uploads\/2022\/08\/megvalosult_a_magyar_kormany_tamogatasaval_bga_alap-1.jpg 1536w, https:\/\/mladjxeqsxgv.i.optimole.com\/cb:B3zE.b136\/w:1920\/h:428\/q:mauto\/f:best\/https:\/\/ctalker.org\/wp-content\/uploads\/2022\/08\/megvalosult_a_magyar_kormany_tamogatasaval_bga_alap-1.jpg 2048w, https:\/\/mladjxeqsxgv.i.optimole.com\/cb:B3zE.b136\/w:1920\/h:428\/q:mauto\/f:best\/dpr:2\/https:\/\/ctalker.org\/wp-content\/uploads\/2022\/08\/megvalosult_a_magyar_kormany_tamogatasaval_bga_alap-1.jpg 2x\" sizes=\"(max-width: 636px) 100vw, 636px\" \/><figcaption>Megval\u00f3sult a Magyar Korm\u00e1ny t\u00e1mogat\u00e1s\u00e1val<\/figcaption><\/figure>\n<\/div>","protected":false},"excerpt":{"rendered":"<p>Szabadka\/2022.04.12. Federico Fellini-Amarcord, 1973, olasz v\u00edgj\u00e1t\u00e9k, 127 perc \u201eMajdnem mindent \u00e9n tal\u00e1ltam ki: egy gyermekkort, egy szem\u00e9lyis\u00e9get, nosztalgi\u00e1kat, \u00e1lmokat, eml\u00e9keket: az\u00e9rt az \u00f6r\u00f6m\u00e9rt, hogy elmes\u00e9lhessem \u0151ket.\u201d (FELLINI) Tipp: olvas\u00e1shoz hallgasd Nino Rota zen\u00e9j\u00e9t: https:\/\/www.imdb.com\/video\/vi3793467417\/?ref_=ext_shr_fb&amp;fbclid=IwAR2ZphU0m8k45GlTT8HXtZoQcpmh4w3qKKOnidbSmy3viV3drIO_sbRRWFQ&#46;&#46;&#46;<\/p>\n","protected":false},"author":3,"featured_media":1981,"comment_status":"open","ping_status":"closed","sticky":false,"template":"","format":"standard","meta":{"rop_custom_images_group":[],"rop_custom_messages_group":[],"rop_publish_now":"initial","rop_publish_now_accounts":[],"rop_publish_now_history":[],"rop_publish_now_status":"pending","_themeisle_gutenberg_block_has_review":false,"footnotes":""},"categories":[8,9],"tags":[],"class_list":["post-1977","post","type-post","status-publish","format-standard","has-post-thumbnail","hentry","category-kurbli","category-kurbli-filmklub"],"featured_image_src":"https:\/\/mladjxeqsxgv.i.optimole.com\/cb:B3zE.b136\/w:auto\/h:auto\/q:mauto\/f:best\/https:\/\/ctalker.org\/wp-content\/uploads\/2022\/04\/278153744_10229015727639278_2452582709050352144_n.jpg","featured_image_src_square":"https:\/\/mladjxeqsxgv.i.optimole.com\/cb:B3zE.b136\/w:auto\/h:auto\/q:mauto\/f:best\/https:\/\/ctalker.org\/wp-content\/uploads\/2022\/04\/278153744_10229015727639278_2452582709050352144_n.jpg","author_info":{"display_name":"Kari","author_link":"https:\/\/ctalker.org\/rs\/author\/karina\/"},"_links":{"self":[{"href":"https:\/\/ctalker.org\/rs\/wp-json\/wp\/v2\/posts\/1977","targetHints":{"allow":["GET"]}}],"collection":[{"href":"https:\/\/ctalker.org\/rs\/wp-json\/wp\/v2\/posts"}],"about":[{"href":"https:\/\/ctalker.org\/rs\/wp-json\/wp\/v2\/types\/post"}],"author":[{"embeddable":true,"href":"https:\/\/ctalker.org\/rs\/wp-json\/wp\/v2\/users\/3"}],"replies":[{"embeddable":true,"href":"https:\/\/ctalker.org\/rs\/wp-json\/wp\/v2\/comments?post=1977"}],"version-history":[{"count":3,"href":"https:\/\/ctalker.org\/rs\/wp-json\/wp\/v2\/posts\/1977\/revisions"}],"predecessor-version":[{"id":2337,"href":"https:\/\/ctalker.org\/rs\/wp-json\/wp\/v2\/posts\/1977\/revisions\/2337"}],"wp:featuredmedia":[{"embeddable":true,"href":"https:\/\/ctalker.org\/rs\/wp-json\/wp\/v2\/media\/1981"}],"wp:attachment":[{"href":"https:\/\/ctalker.org\/rs\/wp-json\/wp\/v2\/media?parent=1977"}],"wp:term":[{"taxonomy":"category","embeddable":true,"href":"https:\/\/ctalker.org\/rs\/wp-json\/wp\/v2\/categories?post=1977"},{"taxonomy":"post_tag","embeddable":true,"href":"https:\/\/ctalker.org\/rs\/wp-json\/wp\/v2\/tags?post=1977"}],"curies":[{"name":"wp","href":"https:\/\/api.w.org\/{rel}","templated":true}]}}