{"id":1918,"date":"2022-03-23T10:47:15","date_gmt":"2022-03-23T09:47:15","guid":{"rendered":"https:\/\/ctalker.org\/?p=1918"},"modified":"2022-08-17T19:33:06","modified_gmt":"2022-08-17T18:33:06","slug":"kurbli-filmklub-rainer-werner-fassbinder-a-vendegmunkas","status":"publish","type":"post","link":"https:\/\/ctalker.org\/rs\/2022\/03\/23\/kurbli-filmklub-rainer-werner-fassbinder-a-vendegmunkas\/","title":{"rendered":"Kurbli Filmklub: Rainer Werner Fassbinder-A vend\u00e9gmunk\u00e1s"},"content":{"rendered":"\n<p>Szabadka\/2022.03.08.<\/p>\n\n\n\n<p>Rainer Werner Fassbinder: A vend\u00e9gmunk\u00e1s (Katzelmacher) 1969, NSZK filmdr\u00e1ma, 88 perc.<\/p>\n\n\n\n<p class=\"has-text-align-center\"><em> \u201eA sz\u00edn\u00e9szi j\u00e1t\u00e9k \u00e9s a p\u00e1rbesz\u00e9dek valamilyen k\u00fcl\u00f6n\u00f6s harm\u00f3ni\u00e1t alkotnak ezekben a filmekben. \u2026, s komolyan vessz\u00fck ezerszer elmondott mondatainkat.\u201d<\/em> (ZAL\u00c1N)<\/p>\n\n\n<div class=\"wp-block-image\">\n<figure class=\"aligncenter size-full\"><img data-opt-id=491967178  fetchpriority=\"high\" decoding=\"async\" width=\"510\" height=\"333\" src=\"https:\/\/mladjxeqsxgv.i.optimole.com\/cb:B3zE.b136\/w:auto\/h:auto\/q:mauto\/f:best\/https:\/\/ctalker.org\/wp-content\/uploads\/2022\/03\/1000798957.jpg\" alt=\"\" class=\"wp-image-1925\" srcset=\"https:\/\/mladjxeqsxgv.i.optimole.com\/cb:B3zE.b136\/w:510\/h:333\/q:mauto\/f:best\/https:\/\/ctalker.org\/wp-content\/uploads\/2022\/03\/1000798957.jpg 510w, https:\/\/mladjxeqsxgv.i.optimole.com\/cb:B3zE.b136\/w:300\/h:196\/q:mauto\/f:best\/https:\/\/ctalker.org\/wp-content\/uploads\/2022\/03\/1000798957.jpg 300w, https:\/\/mladjxeqsxgv.i.optimole.com\/cb:B3zE.b136\/w:510\/h:333\/q:mauto\/f:best\/dpr:2\/https:\/\/ctalker.org\/wp-content\/uploads\/2022\/03\/1000798957.jpg 2x\" sizes=\"(max-width: 510px) 100vw, 510px\" \/><\/figure>\n<\/div>\n\n\n<p style=\"text-align: justify;\">A h\u00e1bor\u00fa ut\u00e1ni n\u00e9met kult\u00fara egyik vez\u00e9ralakja, a rendez\u0151, sz\u00edn\u00e9sz \u00e9s Autor&nbsp;<i>Fassbinder&nbsp;<\/i>szerz\u0151i darabja,&nbsp;<i>A vend\u00e9gmunk\u00e1s<\/i>&nbsp;a m\u00e1ig \u00e9l\u0151 n\u00e9met dr\u00e1ma kimagasl\u00f3 m\u0171ve. A bel\u0151le k\u00e9sz\u00fclt film 9 nap alatt forgott le \u00e9s \u00f3ri\u00e1si kritikai \u00e9s k\u00f6z\u00f6ns\u00e9gsikert aratott. T\u00f6bb jelent\u0151s d\u00edjat elnyert.&nbsp;<i>Fassbinder h<\/i>\u00e9tk\u00f6znapi, perif\u00e9rikus alakjait m\u00e9ly szoci\u00e1lis, t\u00e1rsadalomkritikai aspektusb\u00f3l szeml\u00e9li. Fassbinder \u201eh\u0151m\u00e9r\u0151 a kult\u00fara fenek\u00e9ben\u201d \u2013 jegyezte le tal\u00e1l\u00f3an anno a Konkret foly\u00f3irat. \u201eEz ugyanis plasztikusan fejezi ki, hogy Fassbindernek mindenekel\u0151tt a kult\u00fara olyan r\u00e9tegeihez van k\u00f6ze, olyan dolgokhoz \u00e9s jelens\u00e9gekhez, amelyekr\u0151l ny\u00edltan s f\u0151k\u00e9nt m\u00e1sok el\u0151tt nem illik besz\u00e9lni, amelyekr\u0151l nem esik sz\u00f3 semmilyen mag\u00e1ra ad\u00f3 t\u00e1rsas\u00e1gban; s kifejezi, hogy a kult\u00fara als\u00f3 r\u00e9tegeiben \u00e9l\u0151kh\u00f6z van k\u00f6ze, gengszterekhez, kurv\u00e1khoz, v\u00e1rosba t\u00e9vedt vid\u00e9kiekhez, homoszexu\u00e1lisokhoz, vend\u00e9gmunk\u00e1sokhoz, leszerelt l\u00e9gi\u00f3sokhoz, takar\u00edt\u00f3n\u0151kh\u00f6z, \u2026 S l\u00e1m, valahogy m\u00e9giscsak ezeknek az embereknek az \u00e9let\u00e9b\u0151l h\u00fcvelyezte ki, hogy mi is t\u00f6rt\u00e9nik a vil\u00e1gban, hogy mik az emberi boldogul\u00e1s benn\u00fcnk \u00e9s k\u00f6r\u00fcl\u00f6tt\u00fcnk lev\u0151 g\u00e1tjai; s hogy milyen k\u00e9pmutat\u00f3 az, ami a \u201emagas\u201d kult\u00far\u00e1ban zajlik. (ZAL\u00c1N)<\/p>\n<p>&nbsp;<\/p>\n<p style=\"text-align: justify;\">Fassbinder sz\u00ednh\u00e1zi tev\u00e9kenys\u00e9ge meghat\u00e1roz\u00f3 hat\u00e1st gyakorol filmrendez\u0151i munk\u00e1ss\u00e1g\u00e1ra. Ekkor ismerkedik meg azokkal a m\u0171v\u00e9szekkel, sz\u00edn\u00e9szekkel, akik a filmes csapat\u00e1t alkotj\u00e1k.&nbsp;A Vend\u00e9gmunk\u00e1sban mindenekel\u0151tt a szexu\u00e1lis \u00e9s agressz\u00edv \u00f6szt\u00f6n\u00f6k j\u00e1tszanak \u2013 jegyzi meg egy kritikusa. A n\u00e9met bev\u00e1ndorl\u00e1sr\u00f3l sz\u00f3l\u00f3 filmek egyik korai darabja ez, ami a \u201ek\u00edv\u00fcl\u00e1ll\u00f3 \u00e9s idegen fenom\u00e9nj\u00e9vel szembes\u00edti n\u00e9z\u0151it.\u201d (TURNACKER) Fassbinder egyik els\u0151 filmrendez\u00e9se a legform\u00e1lisabb \u00e9s legpurit\u00e1nabb j\u00e1t\u00e9kfilmje, mind\u00f6ssze h\u00e1rom-n\u00e9gy be\u00e1ll\u00edt\u00e1st\u00edpus kombin\u00e1ci\u00f3j\u00e1b\u00f3l \u00e1ll. A d\u00edszletet feh\u00e9r falak uralj\u00e1k, amit egy-egy t\u00e1rgy n\u00e9mileg megt\u00f6r, de a berendez\u00e9s a legsz\u00fcks\u00e9gesebbekre korl\u00e1toz\u00f3dik, \u201ea vil\u00e1g\u00edt\u00e1s teljesen lapos, a sz\u00edn\u00e9szek pedig b\u00e1bokk\u00e9nt mozognak \u00e9s kifejez\u00e9stelen\u00fcl besz\u00e9lnek az \u00e9lettelen terekben. \u2026 Fassbinder sz\u00e1m\u00e1ra a \u201dmise en scene&#8220; \u00e9s a k\u00e9pi st\u00edlus lecsupasz\u00edt\u00e1sa arra kell, hogy rendez\u0151 \u00e9s n\u00e9z\u0151 egyar\u00e1nt kiz\u00e1r\u00f3lag a szerepl\u0151k viszonyaira koncentr\u00e1lhasson.\u201d (ST\u0150HR) Fassbinder minimalista form\u00e1j\u00fa, antisz\u00ednh\u00e1zi gy\u00f6kerekb\u0151l sz\u00fclet\u0151 analitikus antifilmj\u00e9ben, a t\u00e9r-id\u0151 \u00e9rzet\u00e9t, radik\u00e1lis folyamatoss\u00e1ggal oldja meg. \u00dcres t\u00e9r \u00e9s statikus k\u00e9pkompon\u00e1l\u00e1s p\u00e1rosul nagyon hossz\u00fa, olykor 10 perces jelenethosszal. A filmet modellszer\u0171 sz\u00edn\u00e9szi j\u00e1t\u00e9k jellemzi, ami a szerepl\u0151k k\u00f6z\u00f6tt megsz\u00fcnteti az interakci\u00f3 \u00e9rzet\u00e9t, mintha csak szenvtelen st\u00edlus\u00fa monol\u00f3gokat mondan\u00e1nak. Teh\u00e1t elfedi a lelki\u00e1llapotok le\u00edr\u00e1s\u00e1t, aminek k\u00f6vetkezt\u00e9ben a cselekv\u00e9sek szimbolikus gesztusokk\u00e1 reduk\u00e1l\u00f3dnak. Ez a val\u00f3s\u00e1gt\u00f3l elidegen\u00edt\u0151 stiliz\u00e1ci\u00f3 pedig te\u00e1tr\u00e1lis hat\u00e1st kelt. KAB szerint Fassbinder alkot\u00e1sainak legjellegzetesebb st\u00edlusvon\u00e1sa is ezzel a \u201esz\u00ednpadias m\u0171vis\u00e9g\u201d-gel jel\u00f6lhet\u0151 a legpontosabban, mert \u201ec\u00e9lja az, hogy a szem\u00e9lyes viszonyok elvont \u00e1br\u00e1zol\u00e1s\u00e1hoz jusson el\u201d.<\/p>\n\n\n<div class=\"wp-block-image\">\n<figure class=\"aligncenter size-large\"><img data-opt-id=174859926  fetchpriority=\"high\" decoding=\"async\" width=\"1024\" height=\"768\" src=\"https:\/\/mladjxeqsxgv.i.optimole.com\/cb:B3zE.b136\/w:1024\/h:768\/q:mauto\/f:best\/https:\/\/ctalker.org\/wp-content\/uploads\/2022\/03\/cdf2d47ba583e0e71865c9ce90112098.jpeg\" alt=\"\" class=\"wp-image-1919\" srcset=\"https:\/\/mladjxeqsxgv.i.optimole.com\/cb:B3zE.b136\/w:1024\/h:768\/q:mauto\/f:best\/https:\/\/ctalker.org\/wp-content\/uploads\/2022\/03\/cdf2d47ba583e0e71865c9ce90112098.jpeg 1024w, https:\/\/mladjxeqsxgv.i.optimole.com\/cb:B3zE.b136\/w:300\/h:225\/q:mauto\/f:best\/https:\/\/ctalker.org\/wp-content\/uploads\/2022\/03\/cdf2d47ba583e0e71865c9ce90112098.jpeg 300w, https:\/\/mladjxeqsxgv.i.optimole.com\/cb:B3zE.b136\/w:768\/h:576\/q:mauto\/f:best\/https:\/\/ctalker.org\/wp-content\/uploads\/2022\/03\/cdf2d47ba583e0e71865c9ce90112098.jpeg 768w, https:\/\/mladjxeqsxgv.i.optimole.com\/cb:B3zE.b136\/w:1200\/h:900\/q:mauto\/f:best\/https:\/\/ctalker.org\/wp-content\/uploads\/2022\/03\/cdf2d47ba583e0e71865c9ce90112098.jpeg 1200w, https:\/\/mladjxeqsxgv.i.optimole.com\/cb:B3zE.b136\/w:1200\/h:900\/q:mauto\/f:best\/dpr:2\/https:\/\/ctalker.org\/wp-content\/uploads\/2022\/03\/cdf2d47ba583e0e71865c9ce90112098.jpeg 2x\" sizes=\"(max-width: 1000px) 100vw, 1000px\" \/><\/figure>\n<\/div>\n\n\n<p style=\"text-align: justify;\">A FILM EL\u0150ZM\u00c9NYEI: A II. vil\u00e1gh\u00e1bor\u00fa ut\u00e1n az \u00f6sszed\u0151lt n\u00e9met filmgy\u00e1rt\u00e1s radik\u00e1lisan szembefordul a nemzetiszocialista, azaz a n\u00e9pies <em>heimatfilm<\/em>mel. A n\u00e9met els\u0151 gener\u00e1ci\u00f3s <em>Autorenfilm<\/em> (szerz\u0151i film) fiatalabb, l\u00e1zad\u00f3 filmesei erk\u00f6lcsi-eszt\u00e9tikai tiszta lapot hirdetnek, \u201eap\u00e1tlannak\u201d ki\u00e1ltj\u00e1k ki magukat \u00e9s visszany\u00falnak az avantg\u00e1rd szellem\u00e9hez. 1962-ben az oberhauseni VIII. Nyugatn\u00e9met R\u00f6vidfilmnapokon Alexander Kluge filmrendez\u0151 moder\u00e1l\u00e1s\u00e1val konferenci\u00e1t tartanak a Papa mozija halott! c\u00edmmel \u00e9s 26 \u2013 t\u00f6bbnyire m\u00fcncheni \u2013 filmes al\u00e1\u00edr\u00e1s\u00e1val megjelenik az <em>Oberhauseni Nyilatkozat <\/em>melyben olyan szabad filmgy\u00e1rt\u00e1st szorgalmaznak, ahol az alkot\u00f3k a gazdas\u00e1gi \u00e9s politikai nyom\u00e1st\u00f3l f\u00fcggetlen\u00fcl, lehet\u0151s\u00e9get kaphatnak elk\u00e9pzel\u00e9seik megval\u00f3s\u00edt\u00e1s\u00e1ra. Ez a 1968-ig terjed\u0151 k\u00eds\u00e9rleti id\u0151szak, t\u00f6bbs\u00e9g\u00e9ben sikertelen alkot\u00e1sokat sz\u00fcl \u2013 egyik kiv\u00e9tel: A. Kluge, B\u00facs\u00fa a tegnapt\u00f3l, 1966. A n\u00e9met \u201efiatal film\u201d gyakran tud\u00f3s\u00edt\u00e1s jelleg\u0171, szerepl\u0151it\u0151l nagyobb t\u00e1vols\u00e1got tart\u00f3, olykor t\u00fal szigor\u00fa, ironikus \u00e9s tiszteletlen. A r\u00f6vidfilmekkel deb\u00fct\u00e1l\u00f3 \u201eoberhauseni\u201d fiatalok j\u00e1t\u00e9kfilmjeire a szoci\u00e1lis \u00e9rz\u00e9kenys\u00e9g \u00e9s a dokumentarizmus jellemz\u0151, de a \u201eszabads\u00e1g fel\u00e9 indul\u00f3 h\u0151s\u00f6k mintha a semmibe tartan\u00e1nak\u201e. (RUPRECH) A mag\u00e1t elveszettnek \u00e9rz\u0151 gener\u00e1ci\u00f3ban egym\u00e1snak fesz\u00fcl a jelen szabads\u00e1g\u00e9rzete \u00e9s a bizonytalan j\u00f6v\u0151k\u00e9p. T\u00e9m\u00e1ik f\u00f3kusz\u00e1ban eg\u00e9sz m\u00e1s r\u00e9szletek hangs\u00falyosak, mint a francia \u00faj hull\u00e1mosokn\u00e1l. \u00a0Probl\u00e9mafelvet\u00e9s\u00fck az NSZK t\u00e1rsadalmi k\u00e9rd\u00e9seihez k\u00f6t\u0151dik. Szerepl\u0151ik a dolgoz\u00f3 k\u00f6z\u00e9poszt\u00e1ly tagjai, t\u00f6bbsz\u00f6r \u00e9rtelmis\u00e9gi gy\u00f6kerekkel. Megjelenik az oszt\u00e1lyok k\u00f6z\u00f6tti fesz\u00fclts\u00e9g, a \u201efels\u0151 oszt\u00e1ly p\u00f6khendi k\u00f6z\u00f6nye\u201d, a kelet-n\u00e9metek helyzete. 1968-ra a mozgalom p\u00e1lyakezd\u0151 alkot\u00f3inak a t\u00f6bbs\u00e9ge lemond filmrendez\u0151i \u00e1lmair\u00f3l. De mivel a kult\u00farpolitika tov\u00e1bbra is p\u00e9nzeli a n\u00e9met filmm\u0171v\u00e9szet felvir\u00e1goztat\u00e1s\u00e1t, k\u00fcl\u00f6n\u00f6sen a f\u00fcggetlen filmet, ez\u00e9rt \u00faj alkot\u00f3k jelennek meg, akik sikerrel tudj\u00e1k fel\u00e9p\u00edteni, \u00faj \u00e1ll\u00e1spontra helyezett alkot\u00e1saikat. Megsz\u00fcletik az NSZK-ban egy \u00faj, er\u0151teljes filmm\u0171v\u00e9szet, a \u201en\u00e9met \u00fajfilm\u201d, mely st\u00edlus\u00e1ban \u00e9s t\u00e9m\u00e1iban is elt\u00e9r a fiatal n\u00e9met szerz\u0151k munk\u00e1it\u00f3l \u00e9s minden kor\u00e1bbi mozg\u00f3k\u00e9pes tapasztalatot felhaszn\u00e1lva (Hollywood zs\u00e1nerei, eur\u00f3pai \u00faj hull\u00e1mok, n\u00e9met kommerszfilm) alkotja meg saj\u00e1t szerz\u0151i filmjeit. A n\u00e9met \u00fajfilm f\u0151 alkot\u00f3i: Werner Herzog, Wim Wenders \u00e9s k\u00f6zep\u00e9n Rainer Werner Fassbinder.<\/p>\n<p style=\"text-align: right;\">Sz\u00e1sz Csongor<\/p>\n<p>\u00a0<\/p>\n\n\n<div class=\"wp-block-image\">\n<figure class=\"aligncenter size-large is-resized\"><img data-opt-id=2087418457  decoding=\"async\" src=\"https:\/\/mladjxeqsxgv.i.optimole.com\/cb:B3zE.b136\/w:1024\/h:229\/q:mauto\/f:best\/https:\/\/ctalker.org\/wp-content\/uploads\/2022\/08\/megvalosult_a_magyar_kormany_tamogatasaval_bga_alap-1.jpg\" alt=\"\" class=\"wp-image-2279\" width=\"600\" height=\"134\" srcset=\"https:\/\/mladjxeqsxgv.i.optimole.com\/cb:B3zE.b136\/w:1024\/h:229\/q:mauto\/f:best\/https:\/\/ctalker.org\/wp-content\/uploads\/2022\/08\/megvalosult_a_magyar_kormany_tamogatasaval_bga_alap-1.jpg 1024w, https:\/\/mladjxeqsxgv.i.optimole.com\/cb:B3zE.b136\/w:300\/h:67\/q:mauto\/f:best\/https:\/\/ctalker.org\/wp-content\/uploads\/2022\/08\/megvalosult_a_magyar_kormany_tamogatasaval_bga_alap-1.jpg 300w, https:\/\/mladjxeqsxgv.i.optimole.com\/cb:B3zE.b136\/w:768\/h:171\/q:mauto\/f:best\/https:\/\/ctalker.org\/wp-content\/uploads\/2022\/08\/megvalosult_a_magyar_kormany_tamogatasaval_bga_alap-1.jpg 768w, https:\/\/mladjxeqsxgv.i.optimole.com\/cb:B3zE.b136\/w:1536\/h:343\/q:mauto\/f:best\/https:\/\/ctalker.org\/wp-content\/uploads\/2022\/08\/megvalosult_a_magyar_kormany_tamogatasaval_bga_alap-1.jpg 1536w, https:\/\/mladjxeqsxgv.i.optimole.com\/cb:B3zE.b136\/w:1920\/h:428\/q:mauto\/f:best\/https:\/\/ctalker.org\/wp-content\/uploads\/2022\/08\/megvalosult_a_magyar_kormany_tamogatasaval_bga_alap-1.jpg 2048w, https:\/\/mladjxeqsxgv.i.optimole.com\/cb:B3zE.b136\/w:1920\/h:428\/q:mauto\/f:best\/dpr:2\/https:\/\/ctalker.org\/wp-content\/uploads\/2022\/08\/megvalosult_a_magyar_kormany_tamogatasaval_bga_alap-1.jpg 2x\" sizes=\"(max-width: 600px) 100vw, 600px\" \/><figcaption>Megval\u00f3sult a Magyar Korm\u00e1ny t\u00e1mogat\u00e1s\u00e1val<\/figcaption><\/figure>\n<\/div>","protected":false},"excerpt":{"rendered":"<p>Szabadka\/2022.03.08. Rainer Werner Fassbinder: A vend\u00e9gmunk\u00e1s (Katzelmacher) 1969, NSZK filmdr\u00e1ma, 88 perc. \u201eA sz\u00edn\u00e9szi j\u00e1t\u00e9k \u00e9s a p\u00e1rbesz\u00e9dek valamilyen k\u00fcl\u00f6n\u00f6s harm\u00f3ni\u00e1t alkotnak ezekben a filmekben. \u2026, s komolyan vessz\u00fck ezerszer elmondott mondatainkat.\u201d (ZAL\u00c1N) A&#46;&#46;&#46;<\/p>\n","protected":false},"author":3,"featured_media":1921,"comment_status":"open","ping_status":"closed","sticky":false,"template":"","format":"standard","meta":{"rop_custom_images_group":[],"rop_custom_messages_group":[],"rop_publish_now":"initial","rop_publish_now_accounts":[],"rop_publish_now_history":[],"rop_publish_now_status":"pending","_themeisle_gutenberg_block_has_review":false,"footnotes":""},"categories":[8,9],"tags":[],"class_list":["post-1918","post","type-post","status-publish","format-standard","has-post-thumbnail","hentry","category-kurbli","category-kurbli-filmklub"],"featured_image_src":"https:\/\/mladjxeqsxgv.i.optimole.com\/cb:B3zE.b136\/w:auto\/h:auto\/q:mauto\/f:best\/https:\/\/ctalker.org\/wp-content\/uploads\/2022\/03\/image-w1280.jpg","featured_image_src_square":"https:\/\/mladjxeqsxgv.i.optimole.com\/cb:B3zE.b136\/w:auto\/h:auto\/q:mauto\/f:best\/https:\/\/ctalker.org\/wp-content\/uploads\/2022\/03\/image-w1280.jpg","author_info":{"display_name":"Kari","author_link":"https:\/\/ctalker.org\/rs\/author\/karina\/"},"_links":{"self":[{"href":"https:\/\/ctalker.org\/rs\/wp-json\/wp\/v2\/posts\/1918","targetHints":{"allow":["GET"]}}],"collection":[{"href":"https:\/\/ctalker.org\/rs\/wp-json\/wp\/v2\/posts"}],"about":[{"href":"https:\/\/ctalker.org\/rs\/wp-json\/wp\/v2\/types\/post"}],"author":[{"embeddable":true,"href":"https:\/\/ctalker.org\/rs\/wp-json\/wp\/v2\/users\/3"}],"replies":[{"embeddable":true,"href":"https:\/\/ctalker.org\/rs\/wp-json\/wp\/v2\/comments?post=1918"}],"version-history":[{"count":4,"href":"https:\/\/ctalker.org\/rs\/wp-json\/wp\/v2\/posts\/1918\/revisions"}],"predecessor-version":[{"id":2343,"href":"https:\/\/ctalker.org\/rs\/wp-json\/wp\/v2\/posts\/1918\/revisions\/2343"}],"wp:featuredmedia":[{"embeddable":true,"href":"https:\/\/ctalker.org\/rs\/wp-json\/wp\/v2\/media\/1921"}],"wp:attachment":[{"href":"https:\/\/ctalker.org\/rs\/wp-json\/wp\/v2\/media?parent=1918"}],"wp:term":[{"taxonomy":"category","embeddable":true,"href":"https:\/\/ctalker.org\/rs\/wp-json\/wp\/v2\/categories?post=1918"},{"taxonomy":"post_tag","embeddable":true,"href":"https:\/\/ctalker.org\/rs\/wp-json\/wp\/v2\/tags?post=1918"}],"curies":[{"name":"wp","href":"https:\/\/api.w.org\/{rel}","templated":true}]}}