{"id":1893,"date":"2022-03-03T14:21:36","date_gmt":"2022-03-03T13:21:36","guid":{"rendered":"https:\/\/ctalker.org\/?p=1893"},"modified":"2022-08-17T19:33:37","modified_gmt":"2022-08-17T18:33:37","slug":"kurbli-filmklub-pier-paolo-pasolini-teorema","status":"publish","type":"post","link":"https:\/\/ctalker.org\/rs\/2022\/03\/03\/kurbli-filmklub-pier-paolo-pasolini-teorema\/","title":{"rendered":"Kurbli Filmklub: Pier Paolo Pasolini-Teor\u00e9ma"},"content":{"rendered":"\n<p>Szabadka\/2022.03.01.<\/p>\n\n\n\n<p class=\"has-text-align-center\"><em>\u201eAz a sz\u00ednh\u00e1z, amit \u00f6n\u00f6k v\u00e1rnak, amennyiben tot\u00e1lisan \u00faj, soha nem lehet az a sz\u00ednh\u00e1z, amit v\u00e1rnak.\u201d<\/em>\u2013 Pasolini<\/p>\n\n\n\n<p class=\"has-text-align-center\" style=\"text-align: justify;\">M\u00e1rcius 1-j\u00e9t\u0151l a Lifka M\u0171v\u00e9szmozi ad otthont a vet\u00edt\u00e9seinknek, els\u0151 film az \u00faj helysz\u00ednen a Teor\u00e9ma volt! Ennek a filmk\u00f6ltem\u00e9nynek, ezen a t\u00f6rt\u00e9nelmi helyen (Lifka M\u0171v\u00e9szmozi!) val\u00f3 vet\u00edt\u00e9se egy \u00f6r\u00f6mteli szimbolikus gesztus is egyben. \u00c9s, hogy mi\u00e9rt? Kider\u00fclt a Moziban! N\u00e9zz\u00e9tek meg Sz\u00e1sz Csongor bevezet\u0151j\u00e9t:<\/p>\n\n\n\n<figure class=\"wp-block-video aligncenter\"><video height=\"368\" style=\"aspect-ratio: 640 \/ 368;\" width=\"640\" controls src=\"https:\/\/ctalker.org\/wp-content\/uploads\/2022\/03\/video-1646214604-1.mp4\"><\/video><\/figure>\n\n\n\n<p style=\"text-align: justify;\">A&nbsp;<em>Teor\u00e9ma<\/em>, az olasz Pasolini egyik kulcsfilmje \u00e9s modernista f\u0151 m\u0171ve, mely a legt\u00f6bb sz\u00e1llal kapcsolhat\u00f3 a francia \u00faj hull\u00e1mhoz. Az essz\u00e9film m\u0171faj\u00e1ba sorolhat\u00f3, ornament\u00e1lis st\u00edlus\u00fa filmdr\u00e1ma szerepl\u0151i \u201egazdag kapitalist\u00e1k.\u201d Viszont az 1968-as film m\u00e1r az \u00faj hull\u00e1m \u00fajragondol\u00e1sa, az \u00faj inspir\u00e1ci\u00f3k fel\u00e9 val\u00f3 nyit\u00e1s korszak\u00e1ban sz\u00fcletett:<\/p>\n<p style=\"text-align: justify;\">\u201eVolt egy id\u0151szak a modern eur\u00f3pai m\u0171v\u00e9szfilm t\u00f6rt\u00e9net\u00e9ben, amikor a rendez\u0151k k\u00f6zvetlen szerz\u0151i, s\u0151t politikai sz\u00f6vegnek tekintett\u00e9k a j\u00e1t\u00e9kfilmet: olyan vizu\u00e1lis \u00e9s verb\u00e1lis vitairatnak, amely t\u00e1rsadalmi v\u00e1ltoz\u00e1sok elind\u00edt\u00f3ja lehet. Ez volt a politikai modernizmus korszaka, amely kb. 1967-t\u0151l 1975-ig, a posztmodern kezdet\u00e9ig tartott. Ebben az id\u0151szakban a rendez\u0151k \u00fan. \u00bbellenfilmeket\u00ab k\u00e9sz\u00edtettek, Nyugat-Eur\u00f3p\u00e1ban a kapitalista, K\u00f6z\u00e9p-Kelet Eur\u00f3p\u00e1ban a szocialista rendszer m\u0171k\u00f6d\u00e9si zavarait vizsg\u00e1lva. Ezek a filmek alapvet\u0151en k\u00e9t csoportra oszthat\u00f3k. Egyr\u00e9szt vir\u00e1gzott a ny\u00edltan politiz\u00e1l\u00f3 aktivista besz\u00e9dm\u00f3d (Godard, Costa-Gavras, Straub-Huillet), m\u00e1sr\u00e9szt olyan filmek is k\u00e9sz\u00fcltek, ahol \u2026 \u00bba polg\u00e1ri t\u00e1rsadalom, az elidegened\u00e9s, a fogyaszt\u00f3i t\u00e1rsadalom stb. \u00e1ltal\u00e1nos ideol\u00f3giai k\u00e9rd\u00e9seit t\u00e1rgyalt\u00e1k. Bu\u00f1uel, Pasolini, Ferreri, Jancs\u00f3, Angelopulosz \u00e9s Makajev voltak a legf\u0151bb p\u00e9ld\u00e1i ennek az ir\u00e1nyzatnak.\u00ab \u2026 A politikai modernizmus parabolikus ir\u00e1nyzat\u00e1nak egyik legfontosabb, s tal\u00e1n legrejt\u00e9lyesebb alkot\u00e1sa Pasolini Teor\u00e9ma c\u00edm\u0171 filmje.\u201d (P\u00d3LIK)<\/p>\n<p>&nbsp;<\/p>\n\n\n<div class=\"wp-block-image\">\n<figure class=\"aligncenter size-full\"><img data-opt-id=1865018297  fetchpriority=\"high\" decoding=\"async\" src=\"https:\/\/mladjxeqsxgv.i.optimole.com\/cb:B3zE.b136\/w:auto\/h:auto\/q:mauto\/f:best\/https:\/\/ctalker.org\/wp-content\/uploads\/2022\/03\/a0527bf2-9c1d-4c76-a4a5-1f7624734d29.jpg\" alt=\"\" class=\"wp-image-1896\"\/><\/figure>\n<\/div>\n\n\n<p style=\"text-align: justify;\">A \u201ekegyetlen\u201d filmm\u0171v\u00e9szet \u201enem t\u00f6rt\u00e9netet mes\u00e9l el, hanem lelki\u00e1llapot-sorozatot \u00e1ll\u00edt fel, ahol az egyes \u00e1llapotok \u00fagy k\u00f6vetkeznek egym\u00e1sb\u00f3l, ahogy egy gondolat k\u00f6vetkezik egy m\u00e1sik gondolatb\u00f3l\u201d. (Antonin Artaud)Pasolini ebben az ellentmond\u00e1sos alkot\u00e1s\u00e1ban is a szent \u00e9s a prof\u00e1n kett\u0151ss\u00e9ge jelenik meg. A&nbsp;<em>Teor\u00e9m\u00e1<\/em>ban teljesen egyedi m\u00f3don keverednek \u201ek\u00fcl\u00f6nb\u00f6z\u0151 mitol\u00f3giai \u00e9s kultur\u00e1lis utal\u00e1sok\u201d. A k\u00f6lt\u0151 \u00e9s fest\u0151 Pasolini gondolatvil\u00e1g\u00e1val, valamint a val\u00f3s\u00e1g szellem\u00e9re gyakorolt hat\u00e1saib\u00f3l sz\u00fcletett lelki t\u00e1jaival ismerkedhet meg a n\u00e9z\u0151. Egy zavarba ejt\u0151 utaz\u00e1son vehet\u00fcnk r\u00e9szt, ahol Pasolini \u201eszimbolikus ok-okozati \u00f6sszef\u00fcgg\u00e9s-l\u00e1ncolatai\u201d fel\u00e9p\u00edt\u00e9se sor\u00e1n, radik\u00e1lisan \u201ele\u00e9p\u00edti az elbesz\u00e9l\u00e9s t\u00e9r-id\u0151 folyamatoss\u00e1g\u00e1t\u201d a narr\u00e1ci\u00f3ban. \u201eK\u00f6lt\u0151i technik\u00e1ja r\u00e9v\u00e9n, amellyel egyazon dologhoz k\u00e9t ellent\u00e9tes meg\u00e1llap\u00edt\u00e1st rendel, de azokat nem egym\u00e1ssal szembe, hanem egym\u00e1s mell\u00e9 \u00e1ll\u00edtja (ez a technika a forgat\u00f3k\u00f6nyv szerkezet\u00e9t\u0151l a v\u00e1g\u00e1s m\u00f3dj\u00e1ig a filmek minden elem\u00e9ben szeml\u00e9letesen \u00e9rv\u00e9nyes\u00fcl), egyben lehetetlenn\u00e9 teszi a hagyom\u00e1nyos \u00e1ll\u00e1sfoglal\u00e1st. A v\u00e1lasz csakis a szem\u00e9lyes szf\u00e9r\u00e1ban sz\u00fclethet meg.\u201d (Csantav\u00e9ri J\u00falia)<\/p>\n<p>&nbsp;<\/p>\n\n\n<div class=\"wp-block-image\">\n<figure class=\"aligncenter size-full\"><img data-opt-id=843094152  fetchpriority=\"high\" decoding=\"async\" width=\"759\" height=\"409\" src=\"https:\/\/mladjxeqsxgv.i.optimole.com\/cb:B3zE.b136\/w:auto\/h:auto\/q:mauto\/f:best\/https:\/\/ctalker.org\/wp-content\/uploads\/2022\/03\/Teorema_-_Pasolini.jpg\" alt=\"\" class=\"wp-image-1898\" srcset=\"https:\/\/mladjxeqsxgv.i.optimole.com\/cb:B3zE.b136\/w:759\/h:409\/q:mauto\/f:best\/https:\/\/ctalker.org\/wp-content\/uploads\/2022\/03\/Teorema_-_Pasolini.jpg 759w, https:\/\/mladjxeqsxgv.i.optimole.com\/cb:B3zE.b136\/w:300\/h:162\/q:mauto\/f:best\/https:\/\/ctalker.org\/wp-content\/uploads\/2022\/03\/Teorema_-_Pasolini.jpg 300w, https:\/\/mladjxeqsxgv.i.optimole.com\/cb:B3zE.b136\/w:759\/h:409\/q:mauto\/f:best\/dpr:2\/https:\/\/ctalker.org\/wp-content\/uploads\/2022\/03\/Teorema_-_Pasolini.jpg 2x\" sizes=\"(max-width: 759px) 100vw, 759px\" \/><\/figure>\n<\/div>\n\n\n<p class=\"has-text-align-center\">A Teor\u00e9ma \u201eprofetikus k\u00e9pe a fogyaszt\u00e1s v\u00e9g\u00fcl mindent felem\u00e9szt\u0151 rendszer\u00e9nek\u201d. (Grzegorz Jarzyna, sz\u00ednh\u00e1zrendez\u0151, 2009)<\/p>\n\n\n\n<p style=\"text-align: justify;\">A premiert k\u00f6vet\u0151en a Vatik\u00e1n hivatalos lapja, az Osservatore Romano t\u00e1mad\u00e1st int\u00e9zett a film ellen. A p\u00fcsp\u00f6ki kar \u00e1ltal fel\u00e1ll\u00edtott bizotts\u00e1g minden h\u00edv\u0151t eltan\u00e1csolt a m\u0171 megtekint\u00e9s\u00e9t\u0151l. Ezut\u00e1n az \u00fcgy\u00e9szs\u00e9g betiltotta a filmet, \u00e9s v\u00e1dat emelt az alkot\u00f3k ellen obszcenit\u00e1s \u00e9s a kereszt\u00e9ny emberek \u00e9rz\u00e9kenys\u00e9g\u00e9nek megs\u00e9rt\u00e9se miatt.Pasolini a film elk\u00e9sz\u00edt\u00e9se k\u00f6zben \u00e9rzett k\u00e9sztet\u00e9st arra, hogy a Teor\u00e9m\u00e1t \u00edr\u00e1sos k\u00f6ltem\u00e9ny form\u00e1j\u00e1ban is megalkossa. \u201ePasolini \u00bbk\u00e9ts\u00e9gbeesett ki\u00e1lt\u00e1s form\u00e1j\u00e1ban meg\u00edrt k\u00f6ltem\u00e9ny\u00e9t\u00ab saj\u00e1t elmond\u00e1sa szerint k\u00e9t dolog ihlette: egyr\u00e9szt a j\u00f3l\u00e9ti t\u00e1rsadalom ellen l\u00e1zad\u00f3 \u00bbbeat generation\u00ab k\u00f6lt\u00e9szete (a \u00bbkil\u00e1t\u00e1stalans\u00e1got meg\u00e9nekl\u0151\u00ab Ginsberg, Ferlinghetti \u00e9s Kerouac), m\u00e1sr\u00e9szt az amerikai \u00e9s francia egyetemeken kirobbant 1968-as di\u00e1kl\u00e1zad\u00e1sok.\u201d<\/p>\n\n\n<div class=\"wp-block-image\">\n<figure class=\"aligncenter size-large\"><img data-opt-id=614788541  decoding=\"async\" width=\"1024\" height=\"576\" src=\"https:\/\/mladjxeqsxgv.i.optimole.com\/cb:B3zE.b136\/w:1024\/h:576\/q:mauto\/f:best\/https:\/\/ctalker.org\/wp-content\/uploads\/2022\/03\/MV5BZWU2MzMyNzItYzY0NS00ZWJiLThmMzEtMDA4ZDliNDNkN2VkXkEyXkFqcGdeQXVyMTQxNzMzNDI@._V1_.jpg\" alt=\"\" class=\"wp-image-1899\" srcset=\"https:\/\/mladjxeqsxgv.i.optimole.com\/cb:B3zE.b136\/w:1024\/h:576\/q:mauto\/f:best\/https:\/\/ctalker.org\/wp-content\/uploads\/2022\/03\/MV5BZWU2MzMyNzItYzY0NS00ZWJiLThmMzEtMDA4ZDliNDNkN2VkXkEyXkFqcGdeQXVyMTQxNzMzNDI@._V1_.jpg 1024w, https:\/\/mladjxeqsxgv.i.optimole.com\/cb:B3zE.b136\/w:300\/h:169\/q:mauto\/f:best\/https:\/\/ctalker.org\/wp-content\/uploads\/2022\/03\/MV5BZWU2MzMyNzItYzY0NS00ZWJiLThmMzEtMDA4ZDliNDNkN2VkXkEyXkFqcGdeQXVyMTQxNzMzNDI@._V1_.jpg 300w, https:\/\/mladjxeqsxgv.i.optimole.com\/cb:B3zE.b136\/w:768\/h:432\/q:mauto\/f:best\/https:\/\/ctalker.org\/wp-content\/uploads\/2022\/03\/MV5BZWU2MzMyNzItYzY0NS00ZWJiLThmMzEtMDA4ZDliNDNkN2VkXkEyXkFqcGdeQXVyMTQxNzMzNDI@._V1_.jpg 768w, https:\/\/mladjxeqsxgv.i.optimole.com\/cb:B3zE.b136\/w:1536\/h:864\/q:mauto\/f:best\/https:\/\/ctalker.org\/wp-content\/uploads\/2022\/03\/MV5BZWU2MzMyNzItYzY0NS00ZWJiLThmMzEtMDA4ZDliNDNkN2VkXkEyXkFqcGdeQXVyMTQxNzMzNDI@._V1_.jpg 1536w, https:\/\/mladjxeqsxgv.i.optimole.com\/cb:B3zE.b136\/w:1600\/h:900\/q:mauto\/f:best\/https:\/\/ctalker.org\/wp-content\/uploads\/2022\/03\/MV5BZWU2MzMyNzItYzY0NS00ZWJiLThmMzEtMDA4ZDliNDNkN2VkXkEyXkFqcGdeQXVyMTQxNzMzNDI@._V1_.jpg 1600w, https:\/\/mladjxeqsxgv.i.optimole.com\/cb:B3zE.b136\/w:1600\/h:900\/q:mauto\/f:best\/dpr:2\/https:\/\/ctalker.org\/wp-content\/uploads\/2022\/03\/MV5BZWU2MzMyNzItYzY0NS00ZWJiLThmMzEtMDA4ZDliNDNkN2VkXkEyXkFqcGdeQXVyMTQxNzMzNDI@._V1_.jpg 2x\" sizes=\"(max-width: 1000px) 100vw, 1000px\" \/><\/figure>\n<\/div>\n\n<div class=\"wp-block-image\">\n<figure class=\"aligncenter size-large is-resized\"><img data-opt-id=2087418457  decoding=\"async\" src=\"https:\/\/mladjxeqsxgv.i.optimole.com\/cb:B3zE.b136\/w:1024\/h:229\/q:mauto\/f:best\/https:\/\/ctalker.org\/wp-content\/uploads\/2022\/08\/megvalosult_a_magyar_kormany_tamogatasaval_bga_alap-1.jpg\" alt=\"\" class=\"wp-image-2279\" width=\"556\" height=\"124\" srcset=\"https:\/\/mladjxeqsxgv.i.optimole.com\/cb:B3zE.b136\/w:1024\/h:229\/q:mauto\/f:best\/https:\/\/ctalker.org\/wp-content\/uploads\/2022\/08\/megvalosult_a_magyar_kormany_tamogatasaval_bga_alap-1.jpg 1024w, https:\/\/mladjxeqsxgv.i.optimole.com\/cb:B3zE.b136\/w:300\/h:67\/q:mauto\/f:best\/https:\/\/ctalker.org\/wp-content\/uploads\/2022\/08\/megvalosult_a_magyar_kormany_tamogatasaval_bga_alap-1.jpg 300w, https:\/\/mladjxeqsxgv.i.optimole.com\/cb:B3zE.b136\/w:768\/h:171\/q:mauto\/f:best\/https:\/\/ctalker.org\/wp-content\/uploads\/2022\/08\/megvalosult_a_magyar_kormany_tamogatasaval_bga_alap-1.jpg 768w, https:\/\/mladjxeqsxgv.i.optimole.com\/cb:B3zE.b136\/w:1536\/h:343\/q:mauto\/f:best\/https:\/\/ctalker.org\/wp-content\/uploads\/2022\/08\/megvalosult_a_magyar_kormany_tamogatasaval_bga_alap-1.jpg 1536w, https:\/\/mladjxeqsxgv.i.optimole.com\/cb:B3zE.b136\/w:1920\/h:428\/q:mauto\/f:best\/https:\/\/ctalker.org\/wp-content\/uploads\/2022\/08\/megvalosult_a_magyar_kormany_tamogatasaval_bga_alap-1.jpg 2048w, https:\/\/mladjxeqsxgv.i.optimole.com\/cb:B3zE.b136\/w:1920\/h:428\/q:mauto\/f:best\/dpr:2\/https:\/\/ctalker.org\/wp-content\/uploads\/2022\/08\/megvalosult_a_magyar_kormany_tamogatasaval_bga_alap-1.jpg 2x\" sizes=\"(max-width: 556px) 100vw, 556px\" \/><figcaption>Megval\u00f3sult a Magyar Korm\u00e1ny t\u00e1mogat\u00e1s\u00e1val<\/figcaption><\/figure>\n<\/div>","protected":false},"excerpt":{"rendered":"<p>Szabadka\/2022.03.01. \u201eAz a sz\u00ednh\u00e1z, amit \u00f6n\u00f6k v\u00e1rnak, amennyiben tot\u00e1lisan \u00faj, soha nem lehet az a sz\u00ednh\u00e1z, amit v\u00e1rnak.\u201d\u2013 Pasolini M\u00e1rcius 1-j\u00e9t\u0151l a Lifka M\u0171v\u00e9szmozi ad otthont a vet\u00edt\u00e9seinknek, els\u0151 film az \u00faj helysz\u00ednen a&#46;&#46;&#46;<\/p>\n","protected":false},"author":3,"featured_media":1900,"comment_status":"open","ping_status":"closed","sticky":false,"template":"","format":"standard","meta":{"rop_custom_images_group":[],"rop_custom_messages_group":[],"rop_publish_now":"initial","rop_publish_now_accounts":[],"rop_publish_now_history":[],"rop_publish_now_status":"pending","_themeisle_gutenberg_block_has_review":false,"footnotes":""},"categories":[8,9],"tags":[],"class_list":["post-1893","post","type-post","status-publish","format-standard","has-post-thumbnail","hentry","category-kurbli","category-kurbli-filmklub"],"featured_image_src":"https:\/\/mladjxeqsxgv.i.optimole.com\/cb:B3zE.b136\/w:auto\/h:auto\/q:mauto\/f:best\/https:\/\/ctalker.org\/wp-content\/uploads\/2022\/03\/image-w1280-1.jpg","featured_image_src_square":"https:\/\/mladjxeqsxgv.i.optimole.com\/cb:B3zE.b136\/w:auto\/h:auto\/q:mauto\/f:best\/https:\/\/ctalker.org\/wp-content\/uploads\/2022\/03\/image-w1280-1.jpg","author_info":{"display_name":"Kari","author_link":"https:\/\/ctalker.org\/rs\/author\/karina\/"},"_links":{"self":[{"href":"https:\/\/ctalker.org\/rs\/wp-json\/wp\/v2\/posts\/1893","targetHints":{"allow":["GET"]}}],"collection":[{"href":"https:\/\/ctalker.org\/rs\/wp-json\/wp\/v2\/posts"}],"about":[{"href":"https:\/\/ctalker.org\/rs\/wp-json\/wp\/v2\/types\/post"}],"author":[{"embeddable":true,"href":"https:\/\/ctalker.org\/rs\/wp-json\/wp\/v2\/users\/3"}],"replies":[{"embeddable":true,"href":"https:\/\/ctalker.org\/rs\/wp-json\/wp\/v2\/comments?post=1893"}],"version-history":[{"count":3,"href":"https:\/\/ctalker.org\/rs\/wp-json\/wp\/v2\/posts\/1893\/revisions"}],"predecessor-version":[{"id":2344,"href":"https:\/\/ctalker.org\/rs\/wp-json\/wp\/v2\/posts\/1893\/revisions\/2344"}],"wp:featuredmedia":[{"embeddable":true,"href":"https:\/\/ctalker.org\/rs\/wp-json\/wp\/v2\/media\/1900"}],"wp:attachment":[{"href":"https:\/\/ctalker.org\/rs\/wp-json\/wp\/v2\/media?parent=1893"}],"wp:term":[{"taxonomy":"category","embeddable":true,"href":"https:\/\/ctalker.org\/rs\/wp-json\/wp\/v2\/categories?post=1893"},{"taxonomy":"post_tag","embeddable":true,"href":"https:\/\/ctalker.org\/rs\/wp-json\/wp\/v2\/tags?post=1893"}],"curies":[{"name":"wp","href":"https:\/\/api.w.org\/{rel}","templated":true}]}}