{"id":1873,"date":"2022-02-28T16:46:13","date_gmt":"2022-02-28T15:46:13","guid":{"rendered":"https:\/\/ctalker.org\/?p=1873"},"modified":"2022-08-17T19:34:48","modified_gmt":"2022-08-17T18:34:48","slug":"kurbli-filmklub-robert-bresson-vetlen-balthazar","status":"publish","type":"post","link":"https:\/\/ctalker.org\/rs\/2022\/02\/28\/kurbli-filmklub-robert-bresson-vetlen-balthazar\/","title":{"rendered":"Kurbli Filmklub: Robert Bresson-V\u00e9tlen Balthaz\u00e1r"},"content":{"rendered":"\n<p>Szabadka\/2022.02.23.<\/p>\n\n\n\n<p class=\"has-text-align-left\">Robert Bresson: V\u00e9tlen Balthaz\u00e1r (Au Hasard Balthazar), 1966., fekete-feh\u00e9r sv\u00e9d\u2013francia filmdr\u00e1ma, 95 p.<\/p>\n\n\n\n<p class=\"has-text-align-center\">Bik\u00e1csy Gergely filmeszt\u00e9ta szerint <strong>\u201eBalthaz\u00e1r a megv\u00e1ltatlan emberi \u00e9let \u00e9rtelmetlens\u00e9g\u00e9t p\u00e9ld\u00e1zza \u2026\u201d<\/strong><\/p>\n\n\n<div class=\"wp-block-image\">\n<figure class=\"aligncenter size-full\"><img data-opt-id=531167943  fetchpriority=\"high\" decoding=\"async\" width=\"680\" height=\"419\" src=\"https:\/\/mladjxeqsxgv.i.optimole.com\/cb:B3zE.b136\/w:auto\/h:auto\/q:mauto\/f:best\/https:\/\/ctalker.org\/wp-content\/uploads\/2022\/02\/vetlen_balthazar_3.jpg\" alt=\"\" class=\"wp-image-1877\" srcset=\"https:\/\/mladjxeqsxgv.i.optimole.com\/cb:B3zE.b136\/w:680\/h:419\/q:mauto\/f:best\/https:\/\/ctalker.org\/wp-content\/uploads\/2022\/02\/vetlen_balthazar_3.jpg 680w, https:\/\/mladjxeqsxgv.i.optimole.com\/cb:B3zE.b136\/w:300\/h:185\/q:mauto\/f:best\/https:\/\/ctalker.org\/wp-content\/uploads\/2022\/02\/vetlen_balthazar_3.jpg 300w, https:\/\/mladjxeqsxgv.i.optimole.com\/cb:B3zE.b136\/w:680\/h:419\/q:mauto\/f:best\/dpr:2\/https:\/\/ctalker.org\/wp-content\/uploads\/2022\/02\/vetlen_balthazar_3.jpg 2x\" sizes=\"(max-width: 680px) 100vw, 680px\" \/><figcaption>Balthaz\u00e1r a b\u00e1r\u00e1nyokkal<\/figcaption><\/figure>\n<\/div>\n\n\n<p style=\"text-align: justify;\">\u201e\u00c9n majd akkor leszek kereszt\u00e9ny, ha a Bibli\u00e1ban az \u00e1llatok szenved\u00e9s\u00e9r\u0151l is sz\u00f3 lesz, \u00e9s \u0151ket is megv\u00e1ltja J\u00e9zus.\u201d (Bu\u00f1uel)A film n\u00e9z\u0151i a szam\u00e1r, azaz a humaniz\u00e1lt term\u00e9szet k\u00e9pvisel\u0151j\u00e9nek sors\u00e1val szembes\u00fclhetnek \u00e9s megtapasztalhatj\u00e1k milyen is tud lenni val\u00f3j\u00e1ban az emberek lakta civiliz\u00e1lt vil\u00e1g. Az olykor abuz\u00e1lt, olykor \u201ecsak\u201d fenyegetett helyzetbe sodr\u00f3d\u00f3 domesztik\u00e1lt \u00e1llat, krimibe ill\u0151 (szenved\u00e9s-) t\u00f6rt\u00e9nete r\u00e1vil\u00e1g\u00edt ennek a \u201ecsupasz majomnak\u201d, azaz a homo sapiensnek a k\u00fcl\u00f6n\u00f6s term\u00e9szetrajz\u00e1ra. Robert Bresson ezt a nek\u00fcnk, feltartott t\u00fckr\u00f6t pedig \u00e9pp egy \u201eolyan er\u00e9ny\u0171 teremtm\u00e9ny\u201d kez\u00e9be adja, aki m\u00e1r elszakadt a vad\u00e1llatok tiszta term\u00e9szeti t\u00f6rv\u00e9ny\u0171 vil\u00e1g\u00e1t\u00f3l \u00e9s az emberl\u00e9pt\u00e9k\u0171 k\u00f6rnyezethez szocializ\u00e1l\u00f3dott. Az ember cs\u00f6k\u00f6ny\u00f6s szolg\u00e1ja t\u00f6rt\u00e9net\u00e9nek elbesz\u00e9l\u00e9se sor\u00e1n, a rendez\u0151 szoci\u00e1lis l\u00e9t\u00e1llapotok \u00e9s h\u00e9tk\u00f6znapi \u00e9lethelyzetek tapasztal\u00e1s\u00e1ba sodorja a film n\u00e9z\u0151j\u00e9t. Bresson szenvtelen tanmes\u00e9je mindezt a legterm\u00e9szetesebb h\u00e9tk\u00f6znapis\u00e1ggal t\u00e1rja el\u00e9nk.<\/p>\n\n\n<div class=\"wp-block-image\">\n<figure class=\"aligncenter size-full\"><img data-opt-id=1945843905  fetchpriority=\"high\" decoding=\"async\" width=\"520\" height=\"650\" src=\"https:\/\/mladjxeqsxgv.i.optimole.com\/cb:B3zE.b136\/w:auto\/h:auto\/q:mauto\/f:best\/https:\/\/ctalker.org\/wp-content\/uploads\/2022\/02\/Bresson_Baby_Donkey_medium.jpg\" alt=\"\" class=\"wp-image-1878\" srcset=\"https:\/\/mladjxeqsxgv.i.optimole.com\/cb:B3zE.b136\/w:520\/h:650\/q:mauto\/f:best\/https:\/\/ctalker.org\/wp-content\/uploads\/2022\/02\/Bresson_Baby_Donkey_medium.jpg 520w, https:\/\/mladjxeqsxgv.i.optimole.com\/cb:B3zE.b136\/w:240\/h:300\/q:mauto\/f:best\/https:\/\/ctalker.org\/wp-content\/uploads\/2022\/02\/Bresson_Baby_Donkey_medium.jpg 240w, https:\/\/mladjxeqsxgv.i.optimole.com\/cb:B3zE.b136\/w:520\/h:650\/q:mauto\/f:best\/dpr:2\/https:\/\/ctalker.org\/wp-content\/uploads\/2022\/02\/Bresson_Baby_Donkey_medium.jpg 2x\" sizes=\"(max-width: 520px) 100vw, 520px\" \/><\/figure>\n<\/div>\n\n\n<p style=\"text-align: justify;\">Mikor a francia \u00faj hull\u00e1m filmm\u0171v\u00e9szete internacionalista vizekre evez \u00e9s tekintet\u00e9t a glob\u00e1liss\u00e1 sz\u00e9lesed\u0151 emberi jogok fel\u00e9 ir\u00e1ny\u00edtja, Bresson ism\u00e9t m\u00e1s utat v\u00e1lasztva, vizsg\u00e1l\u00f3d\u00f3 kamer\u00e1j\u00e1nak egyszer\u0171, naiv szemsz\u00f6g\u00e9t a civiliz\u00e1lt ember vil\u00e1gt\u00f3l elz\u00e1rtabb k\u00f6rnyezete fel\u00e9 ford\u00edtja. Bresson eg\u00e9szen rendk\u00edv\u00fcli \u00e9s ut\u00e1nozhatatlan, mint Bergman. Nem tartozik a \u201epapa mozija\u201d elnevez\u00e9s\u0171, klasszikus filmform\u00e1k rendez\u0151i k\u00f6z\u00e9, sem a francia \u00faj hull\u00e1m \u00e9lenj\u00e1r\u00f3 szerz\u0151i mell\u00e9, \u201ede mindk\u00e9t t\u00e1bor nagyra becs\u00fcli, mert nem zavartatja mag\u00e1t a k\u00f6r\u00fcl\u00f6tte sz\u00fclet\u0151 filmekt\u0151l, \u2026 val\u00f3sz\u00edn\u0171leg \u0151 \u00e1ll legk\u00f6zelebb az auteur defin\u00edci\u00f3j\u00e1hoz.\u201d (Filmkult\u00fara, 1999)<\/p>\n<p>&nbsp;<\/p>\n\n\n<div class=\"wp-block-image\">\n<figure class=\"aligncenter size-full\"><img data-opt-id=876452767  decoding=\"async\" src=\"https:\/\/mladjxeqsxgv.i.optimole.com\/cb:B3zE.b136\/w:auto\/h:auto\/q:mauto\/f:best\/https:\/\/ctalker.org\/wp-content\/uploads\/2022\/02\/56.jpg\" alt=\"\" class=\"wp-image-1880\"\/><\/figure>\n<\/div>\n\n\n<p style=\"text-align: justify;\">A t\u00f6rt\u00e9netmes\u00e9l\u00e9s konvenci\u00f3it \u00fajra\u00e9rtelmezve, Bresson \u00fagy pl\u00e1noz fel egy \u00e9lethelyzetet, ahogyan rendszerint nem szok\u00e1s, ez\u00e9rt a k\u00e9pis\u00e9g, azaz a kamerabe\u00e1ll\u00edt\u00e1s \u00e9s a mont\u00e1zs szintj\u00e9n azt mutatja meg ami filmen el\u0151tte l\u00e1thatatlan volt. Ennek \u00e9lm\u00e9ny\u00e9re olykor kifejezetten nehezen tudnak r\u00e1harapni, a napjaink ki\u00fcresedett filmm\u0171v\u00e9szet\u00e9t fogyaszt\u00f3 elm\u00e9k. N\u00e1la m\u00e1shol vannak a kiemel\u00e9sek \u00e9s a narrat\u00edv hangs\u00falyok. Rejt\u0151zk\u00f6d\u0151 kamer\u00e1ja a leselked\u00e9s vagy voyeurizmus megsz\u00e1llott \u00fatt\u00f6r\u0151je. \u201eA puszta val\u00f3s\u00e1gon t\u00fali igazs\u00e1g \u00e9rdekli \u00e9s nem magukban a t\u00e1rgyakban fedezi fel, hanem az \u00e1ltaluk k\u00f6r\u00fclvett figur\u00e1k bels\u0151 \u00e9let\u00e9ben. A purista Bresson elutas\u00edtja a konvencion\u00e1lis cselekm\u00e9nyt, mint a \u00bbreg\u00e9ny\u00edr\u00f3k tr\u00fckkj\u00e9t\u00ab \u2026 \u00dagy v\u00e9li, hogy a sz\u00ednh\u00e1zzal ellent\u00e9tben \u00bba film az\u00e9rt lehet igaz m\u0171v\u00e9szet, mert benne a szerz\u0151 a val\u00f3s\u00e1g t\u00f6red\u00e9keit fogja \u00e9s rendezi el \u00fagy, hogy szembe\u00e1ll\u00edt\u00e1suk \u00e1talak\u00edtja \u0151ket&#8230; A sz\u00ednj\u00e1tsz\u00e1s ezt csak akad\u00e1lyozhatja. Filmet csak a benne szerepl\u0151k akarat\u00e1nak kij\u00e1tsz\u00e1s\u00e1val lehet csin\u00e1lni, nem azt haszn\u00e1lva fel, amit csin\u00e1lnak, hanem azt, amik.\u00ab\u201d<\/p>\n\n\n<div class=\"wp-block-image\">\n<figure class=\"aligncenter size-full\"><img data-opt-id=436240060  decoding=\"async\" width=\"876\" height=\"524\" src=\"https:\/\/mladjxeqsxgv.i.optimole.com\/cb:B3zE.b136\/w:auto\/h:auto\/q:mauto\/f:best\/https:\/\/ctalker.org\/wp-content\/uploads\/2022\/02\/robert-bresson-au-hasard-balthazar.png\" alt=\"\" class=\"wp-image-1881\" srcset=\"https:\/\/mladjxeqsxgv.i.optimole.com\/cb:B3zE.b136\/w:876\/h:524\/q:mauto\/f:best\/https:\/\/ctalker.org\/wp-content\/uploads\/2022\/02\/robert-bresson-au-hasard-balthazar.png 876w, https:\/\/mladjxeqsxgv.i.optimole.com\/cb:B3zE.b136\/w:300\/h:179\/q:mauto\/f:best\/https:\/\/ctalker.org\/wp-content\/uploads\/2022\/02\/robert-bresson-au-hasard-balthazar.png 300w, https:\/\/mladjxeqsxgv.i.optimole.com\/cb:B3zE.b136\/w:768\/h:459\/q:mauto\/f:best\/https:\/\/ctalker.org\/wp-content\/uploads\/2022\/02\/robert-bresson-au-hasard-balthazar.png 768w, https:\/\/mladjxeqsxgv.i.optimole.com\/cb:B3zE.b136\/w:876\/h:524\/q:mauto\/f:best\/dpr:2\/https:\/\/ctalker.org\/wp-content\/uploads\/2022\/02\/robert-bresson-au-hasard-balthazar.png 2x\" sizes=\"(max-width: 876px) 100vw, 876px\" \/><\/figure>\n<\/div>\n\n\n<p style=\"text-align: justify;\">N\u00e1la a l\u00e9nyegre a mell\u00e9kes k\u00e9pelem, a r\u00e9szlet kifejez\u0151 ereje mutat r\u00e1. \u201e\u0150 tal\u00e1lta fel a sz\u0171nni nem akar\u00f3 l\u00e9pcs\u0151csikordul\u00e1st, ajt\u00f3ny\u00edl\u00e1st, a k\u00f6ztes zajokat, mindazt, ami k\u00e9t trag\u00e9dia, k\u00e9t zaj, k\u00e9t arc, k\u00e9t felki\u00e1lt\u00f3jel k\u00f6z\u00f6tt \u00f3l\u00e1lkodik. \u2026 A V\u00e9tlen Baltaz\u00e1r. A filmm\u0171v\u00e9szet legfurcs\u00e1bb alkot\u00e1sa. Elk\u00e9pzelhetetlen, hogy valaki ilyet k\u00e9pzelhet moziv\u00e1szonra. Ezt mintha Pilinszky \u00edrta \u00e9s rendezte volna. A legnagyobb katolikus filmrendez\u0151nek ez a tal\u00e1n legm\u00e9lyebb filmje, egy\u00fattal a legs\u00falyosabb. Legfeket\u00e9bb \u00e9s legk\u00e9ts\u00e9gbeesettebb k\u00e9rd\u00e9s Istenhez: vajon mi\u00e9rt ilyen hozz\u00e1nk?\u201d (Bik\u00e1csy, Filmvil\u00e1g, 2000.)<\/p>\n\n\n<div class=\"wp-block-image\">\n<figure class=\"aligncenter size-full\"><img data-opt-id=1484066510  loading=\"lazy\" decoding=\"async\" width=\"800\" height=\"450\" src=\"https:\/\/mladjxeqsxgv.i.optimole.com\/cb:B3zE.b136\/w:auto\/h:auto\/q:mauto\/f:best\/https:\/\/ctalker.org\/wp-content\/uploads\/2022\/02\/image-w1280.jpg\" alt=\"\" class=\"wp-image-1882\" srcset=\"https:\/\/mladjxeqsxgv.i.optimole.com\/cb:B3zE.b136\/w:800\/h:450\/q:mauto\/f:best\/https:\/\/ctalker.org\/wp-content\/uploads\/2022\/02\/image-w1280.jpg 800w, https:\/\/mladjxeqsxgv.i.optimole.com\/cb:B3zE.b136\/w:300\/h:169\/q:mauto\/f:best\/https:\/\/ctalker.org\/wp-content\/uploads\/2022\/02\/image-w1280.jpg 300w, https:\/\/mladjxeqsxgv.i.optimole.com\/cb:B3zE.b136\/w:768\/h:432\/q:mauto\/f:best\/https:\/\/ctalker.org\/wp-content\/uploads\/2022\/02\/image-w1280.jpg 768w, https:\/\/mladjxeqsxgv.i.optimole.com\/cb:B3zE.b136\/w:800\/h:450\/q:mauto\/f:best\/dpr:2\/https:\/\/ctalker.org\/wp-content\/uploads\/2022\/02\/image-w1280.jpg 2x\" sizes=\"(max-width: 800px) 100vw, 800px\" \/><figcaption>Anne&nbsp;Wiazemsky<\/figcaption><\/figure>\n<\/div>\n\n<div class=\"wp-block-image\">\n<figure class=\"aligncenter size-large is-resized\"><img data-opt-id=2087418457  loading=\"lazy\" decoding=\"async\" src=\"https:\/\/mladjxeqsxgv.i.optimole.com\/cb:B3zE.b136\/w:1024\/h:229\/q:mauto\/f:best\/https:\/\/ctalker.org\/wp-content\/uploads\/2022\/08\/megvalosult_a_magyar_kormany_tamogatasaval_bga_alap-1.jpg\" alt=\"\" class=\"wp-image-2279\" width=\"578\" height=\"129\" srcset=\"https:\/\/mladjxeqsxgv.i.optimole.com\/cb:B3zE.b136\/w:1024\/h:229\/q:mauto\/f:best\/https:\/\/ctalker.org\/wp-content\/uploads\/2022\/08\/megvalosult_a_magyar_kormany_tamogatasaval_bga_alap-1.jpg 1024w, https:\/\/mladjxeqsxgv.i.optimole.com\/cb:B3zE.b136\/w:300\/h:67\/q:mauto\/f:best\/https:\/\/ctalker.org\/wp-content\/uploads\/2022\/08\/megvalosult_a_magyar_kormany_tamogatasaval_bga_alap-1.jpg 300w, https:\/\/mladjxeqsxgv.i.optimole.com\/cb:B3zE.b136\/w:768\/h:171\/q:mauto\/f:best\/https:\/\/ctalker.org\/wp-content\/uploads\/2022\/08\/megvalosult_a_magyar_kormany_tamogatasaval_bga_alap-1.jpg 768w, https:\/\/mladjxeqsxgv.i.optimole.com\/cb:B3zE.b136\/w:1536\/h:343\/q:mauto\/f:best\/https:\/\/ctalker.org\/wp-content\/uploads\/2022\/08\/megvalosult_a_magyar_kormany_tamogatasaval_bga_alap-1.jpg 1536w, https:\/\/mladjxeqsxgv.i.optimole.com\/cb:B3zE.b136\/w:1920\/h:428\/q:mauto\/f:best\/https:\/\/ctalker.org\/wp-content\/uploads\/2022\/08\/megvalosult_a_magyar_kormany_tamogatasaval_bga_alap-1.jpg 2048w, https:\/\/mladjxeqsxgv.i.optimole.com\/cb:B3zE.b136\/w:1920\/h:428\/q:mauto\/f:best\/dpr:2\/https:\/\/ctalker.org\/wp-content\/uploads\/2022\/08\/megvalosult_a_magyar_kormany_tamogatasaval_bga_alap-1.jpg 2x\" sizes=\"(max-width: 578px) 100vw, 578px\" \/><figcaption>Megval\u00f3sult a Magyar Korm\u00e1ny t\u00e1mogat\u00e1s\u00e1val<\/figcaption><\/figure>\n<\/div>","protected":false},"excerpt":{"rendered":"<p>Szabadka\/2022.02.23. Robert Bresson: V\u00e9tlen Balthaz\u00e1r (Au Hasard Balthazar), 1966., fekete-feh\u00e9r sv\u00e9d\u2013francia filmdr\u00e1ma, 95 p. Bik\u00e1csy Gergely filmeszt\u00e9ta szerint \u201eBalthaz\u00e1r a megv\u00e1ltatlan emberi \u00e9let \u00e9rtelmetlens\u00e9g\u00e9t p\u00e9ld\u00e1zza \u2026\u201d \u201e\u00c9n majd akkor leszek kereszt\u00e9ny, ha a Bibli\u00e1ban&#46;&#46;&#46;<\/p>\n","protected":false},"author":3,"featured_media":1883,"comment_status":"open","ping_status":"closed","sticky":false,"template":"","format":"standard","meta":{"rop_custom_images_group":[],"rop_custom_messages_group":[],"rop_publish_now":"initial","rop_publish_now_accounts":[],"rop_publish_now_history":[],"rop_publish_now_status":"pending","_themeisle_gutenberg_block_has_review":false,"footnotes":""},"categories":[8,9],"tags":[],"class_list":["post-1873","post","type-post","status-publish","format-standard","has-post-thumbnail","hentry","category-kurbli","category-kurbli-filmklub"],"featured_image_src":"https:\/\/mladjxeqsxgv.i.optimole.com\/cb:B3zE.b136\/w:auto\/h:auto\/q:mauto\/f:best\/https:\/\/ctalker.org\/wp-content\/uploads\/2022\/02\/tree.jpg","featured_image_src_square":"https:\/\/mladjxeqsxgv.i.optimole.com\/cb:B3zE.b136\/w:auto\/h:auto\/q:mauto\/f:best\/https:\/\/ctalker.org\/wp-content\/uploads\/2022\/02\/tree.jpg","author_info":{"display_name":"Kari","author_link":"https:\/\/ctalker.org\/rs\/author\/karina\/"},"_links":{"self":[{"href":"https:\/\/ctalker.org\/rs\/wp-json\/wp\/v2\/posts\/1873","targetHints":{"allow":["GET"]}}],"collection":[{"href":"https:\/\/ctalker.org\/rs\/wp-json\/wp\/v2\/posts"}],"about":[{"href":"https:\/\/ctalker.org\/rs\/wp-json\/wp\/v2\/types\/post"}],"author":[{"embeddable":true,"href":"https:\/\/ctalker.org\/rs\/wp-json\/wp\/v2\/users\/3"}],"replies":[{"embeddable":true,"href":"https:\/\/ctalker.org\/rs\/wp-json\/wp\/v2\/comments?post=1873"}],"version-history":[{"count":4,"href":"https:\/\/ctalker.org\/rs\/wp-json\/wp\/v2\/posts\/1873\/revisions"}],"predecessor-version":[{"id":2346,"href":"https:\/\/ctalker.org\/rs\/wp-json\/wp\/v2\/posts\/1873\/revisions\/2346"}],"wp:featuredmedia":[{"embeddable":true,"href":"https:\/\/ctalker.org\/rs\/wp-json\/wp\/v2\/media\/1883"}],"wp:attachment":[{"href":"https:\/\/ctalker.org\/rs\/wp-json\/wp\/v2\/media?parent=1873"}],"wp:term":[{"taxonomy":"category","embeddable":true,"href":"https:\/\/ctalker.org\/rs\/wp-json\/wp\/v2\/categories?post=1873"},{"taxonomy":"post_tag","embeddable":true,"href":"https:\/\/ctalker.org\/rs\/wp-json\/wp\/v2\/tags?post=1873"}],"curies":[{"name":"wp","href":"https:\/\/api.w.org\/{rel}","templated":true}]}}