{"id":1861,"date":"2022-02-24T15:45:42","date_gmt":"2022-02-24T14:45:42","guid":{"rendered":"https:\/\/ctalker.org\/?p=1861"},"modified":"2022-08-17T19:35:20","modified_gmt":"2022-08-17T18:35:20","slug":"kurbli-filmklub-evald-schorm-jan-nemec-jaromil-jires-vera-chytilova-jiri-menzel-gyongyok-a-melyben","status":"publish","type":"post","link":"https:\/\/ctalker.org\/rs\/2022\/02\/24\/kurbli-filmklub-evald-schorm-jan-nemec-jaromil-jires-vera-chytilova-jiri-menzel-gyongyok-a-melyben\/","title":{"rendered":"Kurbli Filmklub: Evald Schorm,\u00a0Jan N\u011bmec,\u00a0Jaromil Jire\u0161,\u00a0V\u011bra Chytilov\u00e1,\u00a0Ji\u0159\u00ed Menzel-Gy\u00f6ngy\u00f6k a m\u00e9lyben"},"content":{"rendered":"\n<p>Szabadka\/2022.02.16.<\/p>\n\n\n\n<p>Evald Schorm,&nbsp;Jan N\u011bmec,&nbsp;Jaromil Jire\u0161,&nbsp;V\u011bra Chytilov\u00e1,&nbsp;Ji\u0159\u00ed Menzel: Gy\u00f6ngy\u00f6k a m\u00e9lyben (Perli\u010dky na dn\u011b), 1965., csehszlov\u00e1k (antol\u00f3giai film) SZKECCSFILM, 105 p.<\/p>\n\n\n\n<p class=\"has-text-align-center\">\u201eA cseh \u00faj hull\u00e1m sz\u00e9tfesz\u00edtette a szocialista rendszer kereteit, az ideol\u00f3gia tehetetlennek bizonyult a szel\u00edd ir\u00f3ni\u00e1val szemben \u2026\u201d Bik\u00e1csy Gergely<\/p>\n\n\n<div class=\"wp-block-image\">\n<figure class=\"aligncenter size-full\"><img data-opt-id=70987243  fetchpriority=\"high\" decoding=\"async\" width=\"700\" height=\"646\" src=\"https:\/\/mladjxeqsxgv.i.optimole.com\/cb:B3zE.b136\/w:auto\/h:auto\/q:mauto\/f:best\/https:\/\/ctalker.org\/wp-content\/uploads\/2022\/02\/147304_f97d34.jpg\" alt=\"\" class=\"wp-image-1866\" srcset=\"https:\/\/mladjxeqsxgv.i.optimole.com\/cb:B3zE.b136\/w:700\/h:646\/q:mauto\/f:best\/https:\/\/ctalker.org\/wp-content\/uploads\/2022\/02\/147304_f97d34.jpg 700w, https:\/\/mladjxeqsxgv.i.optimole.com\/cb:B3zE.b136\/w:300\/h:277\/q:mauto\/f:best\/https:\/\/ctalker.org\/wp-content\/uploads\/2022\/02\/147304_f97d34.jpg 300w, https:\/\/mladjxeqsxgv.i.optimole.com\/cb:B3zE.b136\/w:700\/h:646\/q:mauto\/f:best\/dpr:2\/https:\/\/ctalker.org\/wp-content\/uploads\/2022\/02\/147304_f97d34.jpg 2x\" sizes=\"(max-width: 700px) 100vw, 700px\" \/><figcaption><strong>Az \u00f6r\u00f6m h\u00e1za<\/strong><\/figcaption><\/figure>\n<\/div>\n\n\n<p style=\"text-align: justify;\">\u201e\u2026 \u00e9rdemes megsz\u00edvleln\u00fcnk a&nbsp;<em>Gy\u00f6ngy\u00f6k a m\u00e9lyben&nbsp;<\/em>mes\u00e9it, amelyek nem a k\u00fcls\u0151, de a bels\u0151 szabads\u00e1g egyszer\u0171, jelent\u00e9ktelen embereir\u0151l sz\u00f3lnak, akikt\u0151l elleshetj\u00fck, hogyan lehet egyszerre al\u00e1zattal \u00e9s f\u00f6l\u00e9nnyel n\u00e9zni az \u00e9letre.\u201d (Zal\u00e1n Vince)Jan N\u011bmec rendez\u0151 elmond\u00e1s\u00e1ban a film \u00f6tlete egy s\u00e9ta k\u00f6zben sz\u00fcletett. \u201eJir\u00ed Menzellel ment\u00fcnk a Vynohrady \u00faton, s h\u00e1t \u00e9ppen akkoriban jelent meg Hrabal els\u0151 k\u00f6nyve. Ez a kis k\u00f6tet akkor\u00e1t sz\u00f3lt, mint egy bomba. \u2026 nem vonult bizonyos ideol\u00f3giailag v\u00e9dhet\u0151 s\u00e1ncok m\u00f6g\u00e9 \u2026 \u00dagy \u00e9rezt\u00fck, hogy ezt az \u00edr\u00f3t meg kell kaparintanunk \u2026\u201d<\/p>\n\n\n<div class=\"wp-block-image\">\n<figure class=\"aligncenter size-full\"><img data-opt-id=821994585  fetchpriority=\"high\" decoding=\"async\" width=\"500\" height=\"359\" src=\"https:\/\/mladjxeqsxgv.i.optimole.com\/cb:B3zE.b136\/w:auto\/h:auto\/q:mauto\/f:best\/https:\/\/ctalker.org\/wp-content\/uploads\/2022\/02\/274030744_10228717678668240_1073734104655130816_n.jpg\" alt=\"\" class=\"wp-image-1867\" srcset=\"https:\/\/mladjxeqsxgv.i.optimole.com\/cb:B3zE.b136\/w:500\/h:359\/q:mauto\/f:best\/https:\/\/ctalker.org\/wp-content\/uploads\/2022\/02\/274030744_10228717678668240_1073734104655130816_n.jpg 500w, https:\/\/mladjxeqsxgv.i.optimole.com\/cb:B3zE.b136\/w:300\/h:215\/q:mauto\/f:best\/https:\/\/ctalker.org\/wp-content\/uploads\/2022\/02\/274030744_10228717678668240_1073734104655130816_n.jpg 300w, https:\/\/mladjxeqsxgv.i.optimole.com\/cb:B3zE.b136\/w:500\/h:359\/q:mauto\/f:best\/dpr:2\/https:\/\/ctalker.org\/wp-content\/uploads\/2022\/02\/274030744_10228717678668240_1073734104655130816_n.jpg 2x\" sizes=\"(max-width: 500px) 100vw, 500px\" \/><figcaption>Bohumil Hrabal<\/figcaption><\/figure>\n<\/div>\n\n\n<p style=\"text-align: justify;\">Hrabal r\u00f6vid pr\u00f3z\u00e1inak berobban\u00e1sa \u00e9s az azonos c\u00edm\u0171 filmet\u0171d sorozat egyar\u00e1nt megalapozt\u00e1k a nagyon jellegzetes \u00e9s k\u00e9s\u0151bb Eur\u00f3pa szerte be\u00e9p\u00fclt, cseh \u00faj hull\u00e1m szellemis\u00e9g\u00e9t, emberk\u00e9p\u00e9t \u00e9s er\u0151teljes humor\u00e1t. A r\u00f6vidfilmv\u00e1logat\u00e1s a hatvanas \u00e9vek elej\u00e9n, a szovjetek \u00e1ltal elnyomott Csehszlov\u00e1ki\u00e1ban indul\u00f3 \u00faj hull\u00e1mos szerz\u0151k (Evald Schorm, Jan N\u011bmec, Jaromil Jire\u0161, V\u011bra Chytilov\u00e1 \u00e9s Ji\u0159\u00ed Menzel) manifesztum\u00e1nak tekinthet\u0151. \u201eAk\u00e1r azt is mondhatjuk, hogy a cseh \u00faj hull\u00e1m r\u00e9szben az irodalmi hagyom\u00e1nyok filmi felvir\u00e1goztat\u00e1sa, hiszen Capek, Hasek, Kafka szinte megtestes\u00edtik a cseh kult\u00far\u00e1ban megl\u00e9v\u0151 \u00e9rz\u00e9kenys\u00e9get a furcsas\u00e1gok, abszurdit\u00e1sok ir\u00e1nt. A filmben mindez tal\u00e1n nem is puszt\u00e1n irodalmi hagyom\u00e1ny, hanem szeml\u00e9letbe, modorba, l\u00e1t\u00e1sm\u00f3dba be\u00e9p\u00fclt dolog, mely a megval\u00f3sult szocializmus groteszk k\u00e9ptelens\u00e9geit is felt\u00e1rja. \u2026 Alkot\u00f3ik m\u00e9lyen benne \u00e9lnek abban a vil\u00e1gban, amelyet \u00e1br\u00e1zolnak, kritik\u00e1juk \u00e9s ir\u00f3ni\u00e1juk \u00f6nkritika \u00e9s \u00f6nir\u00f3nia is.\u201d (Kiss Csilla S\u00e1ra)<\/p>\n<p style=\"text-align: justify;\">A\u00a0<em>Baltaz\u00e1r \u00far hal\u00e1la\u00a0<\/em>egy mechanik\u00e1ban j\u00e1rtas k\u00f6z\u00e9pkor\u00fa h\u00e1zasp\u00e1rr\u00f3l sz\u00f3l, akik r\u00e9szt vesznek egy motorversenyen, ahol a t\u00f6meg a p\u00e1lya azon szakasz\u00e1n gy\u0171lik \u00f6ssze, ahol az id\u0151k sor\u00e1n a legt\u00f6bb s\u00falyos s\u00e9r\u00fcl\u00e9ssel j\u00e1r\u00f3 vagy hal\u00e1los kimenetel\u0171 baleset t\u00f6rt\u00e9nt. \u201e\u2026 az \u00f6nir\u00f3nia teremti meg az \u00e9rtelmes kapcsolatot a m\u00falthoz val\u00f3 ragaszkod\u00e1s \u00e9s a jelen elvisel\u00e9se k\u00f6zt.\u201e (ZAL\u00c1N) A\u00a0<em>Sz\u00e9lh\u00e1mosok<\/em>\u00a0c\u00edm\u0171 et\u0171dben k\u00e9t id\u0151s k\u00f3rh\u00e1zi beteg besz\u00e9lget m\u00faltbeli szakmai dics\u0151s\u00e9geikr\u0151l. A sikeres \u00fajs\u00e1g\u00edr\u00f3 \u00e9s a tehets\u00e9ges operaszt\u00e1r mes\u00e9i a megsz\u00e9p\u00edthet\u0151 m\u00faltr\u00f3l \u00e1rulkodnak. \u201e&#8230; meg\u00e9rezz\u00fck a k\u00fcl\u00f6nbs\u00e9get a k\u00e9tf\u00e9le csal\u00e1s: a hal\u00e1l \u00e1rny\u00e9k\u00e1ban sz\u00e9pnek \u00e9s nagyszer\u0171nek hazudott \u00e9let \u00e9s a j\u00f3indulat\u00fa, \u00e1ls\u00e1gos hiteget\u00e9s k\u00f6z\u00f6tt.\u201d\u00a0<\/p>\n<p style=\"text-align: justify;\"><em>Az \u00f6r\u00f6m h\u00e1za<\/em>\u00a0c\u00edm\u0171 filmben k\u00e9t biztos\u00edt\u00e1si \u00fcgyn\u00f6k jelenik meg egy id\u0151s kecsketeny\u00e9szt\u0151n\u00e9l, aki amat\u0151r fest\u0151 is \u00e9s b\u00e1rmilyen v\u00e1szonk\u00e9nt haszn\u00e1lhat\u00f3 fel\u00fcletre k\u00e9pes r\u00e1festeni \u00e1lmait. \u201eEz az olykor abszurdba hajl\u00f3 ir\u00f3nia l\u00e1ttatja meg vel\u00fcnk a k\u00e9tfel\u00e9 szakadt t\u00e1rsadalom r\u00e9szeinek egym\u00e1st\u00f3l val\u00f3 idegens\u00e9g\u00e9t \u00e9s ellehetetlen\u00fclt kapcsolat\u00e1t. A mag\u00e1nszf\u00e9ra \u00e9s a hivatalos szf\u00e9ra teljes elk\u00fcl\u00f6n\u00fcl\u00e9s\u00e9t. S ebben a Schorm megfogalmazta szocialista pas deux deux-ben nem a bolondos gazda v\u00e1lik nevets\u00e9gess\u00e9, hanem a norm\u00e1lis hivatalosak.\u201d<\/p>\n<p>\u00a0<\/p>\n<p style=\"text-align: justify;\">Az\u00a0<em>Automatavil\u00e1g<\/em>\u00a0c\u00edm\u0171 epiz\u00f3dban esk\u00fcv\u0151i fogad\u00e1s zajlik egy forgalmas \u00f6nkiszolg\u00e1l\u00f3 \u00e9tterem egyik r\u00e9sz\u00e9ben. A vend\u00e9gek nem vesznek tudom\u00e1st az \u00e9let val\u00f3di szomor\u00fas\u00e1g\u00e1r\u00f3l a menyasszony pedig elhat\u00e1rozza, hogy a legt\u00f6bbet hozza ki az \u00e9jszak\u00e1b\u00f3l. \u2013 \u201e\u2026 meg\u00e9rezz\u00fck a k\u00f6rnyez\u0151 vil\u00e1g hazugs\u00e1g\u00e1t, s azt a leb\u00edrhatatlannak tetsz\u0151, mag\u00e1t sorscsap\u00e1snak mutat\u00f3 jelent, amely oly kisz\u00e1m\u00edthatatlann\u00e1 teszi a szerepl\u0151k: a menyasszony, a munk\u00e1s, a rend\u0151r, a csaposn\u0151 \u00e9s a t\u00f6bbiek \u00e9let\u00e9t. \u2026 ami \u201eautomatikus\u201d az a h\u0151s\u00f6k becsapotts\u00e1ga, kisemmizetts\u00e9ge \u00e9s rem\u00e9nyfosztotts\u00e1ga.\u201d Az utols\u00f3 r\u00f6vidfilm, a\u00a0<em>Rom\u00e1nc<\/em>\u00a0egy munk\u00e1soszt\u00e1lybeli fi\u00fat mutat be, aki egyed\u00fcl van a v\u00e1rosban \u00e9s akit elb\u0171v\u00f6l egy fiatal roma l\u00e1ny. Kapcsolatuk \u00e1br\u00e1zol\u00e1sa k\u00f6zben \u00e9rv\u00e9nytelenednek \u00e9vsz\u00e1zados hazugs\u00e1gok \u00e9s el\u0151\u00edt\u00e9letek.<\/p>\n\n\n\n<figure class=\"wp-block-image size-full\"><img data-opt-id=194103139  decoding=\"async\" width=\"850\" height=\"558\" src=\"https:\/\/mladjxeqsxgv.i.optimole.com\/cb:B3zE.b136\/w:auto\/h:auto\/q:mauto\/f:best\/https:\/\/ctalker.org\/wp-content\/uploads\/2022\/02\/5b80dc3087306fe93a4dca4faadaf76521.jpg\" alt=\"\" class=\"wp-image-1869\" srcset=\"https:\/\/mladjxeqsxgv.i.optimole.com\/cb:B3zE.b136\/w:850\/h:558\/q:mauto\/f:best\/https:\/\/ctalker.org\/wp-content\/uploads\/2022\/02\/5b80dc3087306fe93a4dca4faadaf76521.jpg 850w, https:\/\/mladjxeqsxgv.i.optimole.com\/cb:B3zE.b136\/w:300\/h:197\/q:mauto\/f:best\/https:\/\/ctalker.org\/wp-content\/uploads\/2022\/02\/5b80dc3087306fe93a4dca4faadaf76521.jpg 300w, https:\/\/mladjxeqsxgv.i.optimole.com\/cb:B3zE.b136\/w:768\/h:504\/q:mauto\/f:best\/https:\/\/ctalker.org\/wp-content\/uploads\/2022\/02\/5b80dc3087306fe93a4dca4faadaf76521.jpg 768w, https:\/\/mladjxeqsxgv.i.optimole.com\/cb:B3zE.b136\/w:850\/h:558\/q:mauto\/f:best\/dpr:2\/https:\/\/ctalker.org\/wp-content\/uploads\/2022\/02\/5b80dc3087306fe93a4dca4faadaf76521.jpg 2x\" sizes=\"(max-width: 850px) 100vw, 850px\" \/><figcaption>Rom\u00e1nc<\/figcaption><\/figure>\n\n\n<div class=\"wp-block-image\">\n<figure class=\"aligncenter size-large is-resized\"><img data-opt-id=2087418457  loading=\"lazy\" decoding=\"async\" src=\"https:\/\/mladjxeqsxgv.i.optimole.com\/cb:B3zE.b136\/w:1024\/h:229\/q:mauto\/f:best\/https:\/\/ctalker.org\/wp-content\/uploads\/2022\/08\/megvalosult_a_magyar_kormany_tamogatasaval_bga_alap-1.jpg\" alt=\"\" class=\"wp-image-2279\" width=\"568\" height=\"127\" srcset=\"https:\/\/mladjxeqsxgv.i.optimole.com\/cb:B3zE.b136\/w:1024\/h:229\/q:mauto\/f:best\/https:\/\/ctalker.org\/wp-content\/uploads\/2022\/08\/megvalosult_a_magyar_kormany_tamogatasaval_bga_alap-1.jpg 1024w, https:\/\/mladjxeqsxgv.i.optimole.com\/cb:B3zE.b136\/w:300\/h:67\/q:mauto\/f:best\/https:\/\/ctalker.org\/wp-content\/uploads\/2022\/08\/megvalosult_a_magyar_kormany_tamogatasaval_bga_alap-1.jpg 300w, https:\/\/mladjxeqsxgv.i.optimole.com\/cb:B3zE.b136\/w:768\/h:171\/q:mauto\/f:best\/https:\/\/ctalker.org\/wp-content\/uploads\/2022\/08\/megvalosult_a_magyar_kormany_tamogatasaval_bga_alap-1.jpg 768w, https:\/\/mladjxeqsxgv.i.optimole.com\/cb:B3zE.b136\/w:1536\/h:343\/q:mauto\/f:best\/https:\/\/ctalker.org\/wp-content\/uploads\/2022\/08\/megvalosult_a_magyar_kormany_tamogatasaval_bga_alap-1.jpg 1536w, https:\/\/mladjxeqsxgv.i.optimole.com\/cb:B3zE.b136\/w:1920\/h:428\/q:mauto\/f:best\/https:\/\/ctalker.org\/wp-content\/uploads\/2022\/08\/megvalosult_a_magyar_kormany_tamogatasaval_bga_alap-1.jpg 2048w, https:\/\/mladjxeqsxgv.i.optimole.com\/cb:B3zE.b136\/w:1920\/h:428\/q:mauto\/f:best\/dpr:2\/https:\/\/ctalker.org\/wp-content\/uploads\/2022\/08\/megvalosult_a_magyar_kormany_tamogatasaval_bga_alap-1.jpg 2x\" sizes=\"(max-width: 568px) 100vw, 568px\" \/><figcaption>Megval\u00f3sult a Magyar Korm\u00e1ny t\u00e1mogat\u00e1s\u00e1val<\/figcaption><\/figure>\n<\/div>","protected":false},"excerpt":{"rendered":"<p>Szabadka\/2022.02.16. Evald Schorm,&nbsp;Jan N\u011bmec,&nbsp;Jaromil Jire\u0161,&nbsp;V\u011bra Chytilov\u00e1,&nbsp;Ji\u0159\u00ed Menzel: Gy\u00f6ngy\u00f6k a m\u00e9lyben (Perli\u010dky na dn\u011b), 1965., csehszlov\u00e1k (antol\u00f3giai film) SZKECCSFILM, 105 p. \u201eA cseh \u00faj hull\u00e1m sz\u00e9tfesz\u00edtette a szocialista rendszer kereteit, az ideol\u00f3gia tehetetlennek bizonyult a&#46;&#46;&#46;<\/p>\n","protected":false},"author":3,"featured_media":1875,"comment_status":"open","ping_status":"closed","sticky":false,"template":"","format":"standard","meta":{"rop_custom_images_group":[],"rop_custom_messages_group":[],"rop_publish_now":"initial","rop_publish_now_accounts":[],"rop_publish_now_history":[],"rop_publish_now_status":"pending","_themeisle_gutenberg_block_has_review":false,"footnotes":""},"categories":[8,9],"tags":[],"class_list":["post-1861","post","type-post","status-publish","format-standard","has-post-thumbnail","hentry","category-kurbli","category-kurbli-filmklub"],"featured_image_src":"https:\/\/mladjxeqsxgv.i.optimole.com\/cb:B3zE.b136\/w:auto\/h:auto\/q:mauto\/f:best\/https:\/\/ctalker.org\/wp-content\/uploads\/2022\/02\/hrabal_360x450.jpg","featured_image_src_square":"https:\/\/mladjxeqsxgv.i.optimole.com\/cb:B3zE.b136\/w:auto\/h:auto\/q:mauto\/f:best\/https:\/\/ctalker.org\/wp-content\/uploads\/2022\/02\/hrabal_360x450.jpg","author_info":{"display_name":"Kari","author_link":"https:\/\/ctalker.org\/rs\/author\/karina\/"},"_links":{"self":[{"href":"https:\/\/ctalker.org\/rs\/wp-json\/wp\/v2\/posts\/1861","targetHints":{"allow":["GET"]}}],"collection":[{"href":"https:\/\/ctalker.org\/rs\/wp-json\/wp\/v2\/posts"}],"about":[{"href":"https:\/\/ctalker.org\/rs\/wp-json\/wp\/v2\/types\/post"}],"author":[{"embeddable":true,"href":"https:\/\/ctalker.org\/rs\/wp-json\/wp\/v2\/users\/3"}],"replies":[{"embeddable":true,"href":"https:\/\/ctalker.org\/rs\/wp-json\/wp\/v2\/comments?post=1861"}],"version-history":[{"count":7,"href":"https:\/\/ctalker.org\/rs\/wp-json\/wp\/v2\/posts\/1861\/revisions"}],"predecessor-version":[{"id":2347,"href":"https:\/\/ctalker.org\/rs\/wp-json\/wp\/v2\/posts\/1861\/revisions\/2347"}],"wp:featuredmedia":[{"embeddable":true,"href":"https:\/\/ctalker.org\/rs\/wp-json\/wp\/v2\/media\/1875"}],"wp:attachment":[{"href":"https:\/\/ctalker.org\/rs\/wp-json\/wp\/v2\/media?parent=1861"}],"wp:term":[{"taxonomy":"category","embeddable":true,"href":"https:\/\/ctalker.org\/rs\/wp-json\/wp\/v2\/categories?post=1861"},{"taxonomy":"post_tag","embeddable":true,"href":"https:\/\/ctalker.org\/rs\/wp-json\/wp\/v2\/tags?post=1861"}],"curies":[{"name":"wp","href":"https:\/\/api.w.org\/{rel}","templated":true}]}}