{"id":1656,"date":"2021-10-27T16:54:33","date_gmt":"2021-10-27T15:54:33","guid":{"rendered":"https:\/\/ctalker.org\/?p=1656"},"modified":"2021-10-27T16:54:35","modified_gmt":"2021-10-27T15:54:35","slug":"kurbli-filmklub-fabri-zoltan-hannibal-tanar-ur","status":"publish","type":"post","link":"https:\/\/ctalker.org\/rs\/2021\/10\/27\/kurbli-filmklub-fabri-zoltan-hannibal-tanar-ur\/","title":{"rendered":"Kurbli Filmklub: F\u00e1bri Zolt\u00e1n-Hannib\u00e1l tan\u00e1r \u00far"},"content":{"rendered":"\n<p>MA ESTI MOZI: F\u00e1bri Zolt\u00e1n: Hannib\u00e1l tan\u00e1r \u00far, 1956 fekete-feh\u00e9r magyar j\u00e1t\u00e9kfilm, 94 perc, 4K restaur\u00e1lt <\/p>\n\n\n\n<figure class=\"wp-block-image size-large\"><img data-opt-id=285842483  fetchpriority=\"high\" decoding=\"async\" width=\"1024\" height=\"637\" src=\"https:\/\/mladjxeqsxgv.i.optimole.com\/cb:B3zE.b136\/w:1024\/h:637\/q:mauto\/f:best\/https:\/\/ctalker.org\/wp-content\/uploads\/2021\/10\/247964610_1052846505254150_2570259424594492630_n.jpg\" alt=\"\" class=\"wp-image-1658\" srcset=\"https:\/\/mladjxeqsxgv.i.optimole.com\/cb:B3zE.b136\/w:1024\/h:637\/q:mauto\/f:best\/https:\/\/ctalker.org\/wp-content\/uploads\/2021\/10\/247964610_1052846505254150_2570259424594492630_n.jpg 1024w, https:\/\/mladjxeqsxgv.i.optimole.com\/cb:B3zE.b136\/w:300\/h:187\/q:mauto\/f:best\/https:\/\/ctalker.org\/wp-content\/uploads\/2021\/10\/247964610_1052846505254150_2570259424594492630_n.jpg 300w, https:\/\/mladjxeqsxgv.i.optimole.com\/cb:B3zE.b136\/w:768\/h:478\/q:mauto\/f:best\/https:\/\/ctalker.org\/wp-content\/uploads\/2021\/10\/247964610_1052846505254150_2570259424594492630_n.jpg 768w, https:\/\/mladjxeqsxgv.i.optimole.com\/cb:B3zE.b136\/w:1500\/h:933\/q:mauto\/f:best\/https:\/\/ctalker.org\/wp-content\/uploads\/2021\/10\/247964610_1052846505254150_2570259424594492630_n.jpg 1500w, https:\/\/mladjxeqsxgv.i.optimole.com\/cb:B3zE.b136\/w:1500\/h:933\/q:mauto\/f:best\/dpr:2\/https:\/\/ctalker.org\/wp-content\/uploads\/2021\/10\/247964610_1052846505254150_2570259424594492630_n.jpg 2x\" sizes=\"(max-width: 1000px) 100vw, 1000px\" \/><\/figure>\n\n\n\n<p>\u00edr\u00f3: M\u00f3ra Ferenc; forgat\u00f3k\u00f6nyv\u00edr\u00f3: F\u00e1bri Zolt\u00e1n, Sz\u00e1sz P\u00e9ter, Gyenes Istv\u00e1n; operat\u0151r: Sz\u00e9cs\u00e9nyi Ferenc; f\u0151szerepl\u0151k: Szab\u00f3 Ern\u0151, Kiss Manyi, Makl\u00e1ry Zolt\u00e1n, Apor No\u00e9mi, Selmeczi Mih\u00e1ly, Somogyv\u00e1ri Rudolf \u201eAzt se F\u00e1bri, se m\u00e1s nem sejthette, hogy a Hannib\u00e1l 1956. okt\u00f3ber 18-i bemutat\u00f3ja nyom\u00e1n \u00f6t nappal \u00fajkori t\u00f6rt\u00e9nelm\u00fcnk val\u00f3di forradalma robbanhat ki.\u201d (D\u00c1NIEL)<\/p>\n\n\n\n<figure class=\"wp-block-image size-full\"><img data-opt-id=1402943339  fetchpriority=\"high\" decoding=\"async\" width=\"760\" height=\"510\" src=\"https:\/\/mladjxeqsxgv.i.optimole.com\/cb:B3zE.b136\/w:auto\/h:auto\/q:mauto\/f:best\/https:\/\/ctalker.org\/wp-content\/uploads\/2021\/10\/JUN13-ProfessorHannibal.jpg\" alt=\"\" class=\"wp-image-1661\" srcset=\"https:\/\/mladjxeqsxgv.i.optimole.com\/cb:B3zE.b136\/w:760\/h:510\/q:mauto\/f:best\/https:\/\/ctalker.org\/wp-content\/uploads\/2021\/10\/JUN13-ProfessorHannibal.jpg 760w, https:\/\/mladjxeqsxgv.i.optimole.com\/cb:B3zE.b136\/w:300\/h:201\/q:mauto\/f:best\/https:\/\/ctalker.org\/wp-content\/uploads\/2021\/10\/JUN13-ProfessorHannibal.jpg 300w, https:\/\/mladjxeqsxgv.i.optimole.com\/cb:B3zE.b136\/w:760\/h:510\/q:mauto\/f:best\/dpr:2\/https:\/\/ctalker.org\/wp-content\/uploads\/2021\/10\/JUN13-ProfessorHannibal.jpg 2x\" sizes=\"(max-width: 760px) 100vw, 760px\" \/><\/figure>\n\n\n\n<p> Az al\u00e1zatos Ny\u00fal B\u00e9la jelent\u00e9ktelen iskolai tan\u00e1rk\u00e9nt \u00e9li sz\u00fcrke h\u00e9tk\u00f6znapjait, de miut\u00e1n Hannib\u00e1lr\u00f3l \u00edrt tanulm\u00e1ny\u00e1ra felfigyel a hatalom, \u00fagy hiszi, elj\u00f6tt \u00e9lete nagy pillanata. Az euforikus hangulatban nagypolg\u00e1ri mulatoz\u00e1sba kezd \u00e9s csak m\u00e1snap d\u00f6bben r\u00e1, csup\u00e1n az \u00e1ls\u00e1gos politikum b\u00e1bja lett. A film a kisember politik\u00e1val szemben folytatott harc\u00e1nak \u00f6r\u00f6k\u00e9rv\u00e9ny\u0171 t\u00f6rt\u00e9nete. Egyszerre ny\u00fajtja a \u201930-as \u00e9vek fasiszta fajgy\u0171l\u00f6let\u00e9nek \u00e9s az \u201950-es \u00e9vek R\u00e1kosi-rendszer\u00e9b\u0151l ismert koncepci\u00f3s pereinek h\u00e1tborzongat\u00f3 tragikom\u00e9di\u00e1j\u00e1t. Az 1957-es Karlovy Vary Filmfesztiv\u00e1l f\u0151d\u00edjas j\u00e1t\u00e9kfilmje. M\u00f3ra Ferenc: Hannib\u00e1l felt\u00e1maszt\u00e1sa c\u00edm\u0171 kisreg\u00e9ny\u00e9nek, kor\u00e1t meghalad\u00f3 szerz\u0151i filmadapt\u00e1ci\u00f3ja. M\u00e1ig zavarba ejt\u0151en aktu\u00e1lis ir\u00f3ni\u00e1ba \u00e9s groteszkbe hajl\u00f3, egzisztencialista-t\u00e1rsadalmi szat\u00edra, a korban az els\u0151k k\u00f6z\u00f6tt merte \u00e1br\u00e1zolni a t\u00f6megek hatalom \u00e1ltali manipul\u00e1lhat\u00f3s\u00e1g\u00e1t \u00e9s a vel\u00fck szemben \u00e1ll\u00f3, humanista ide\u00e1kat d\u00e9delget\u0151 kisembert. \u201eAzon kaptam rajta magam, hogy egyre jobban izgatott az er\u0151szak k\u00e9rd\u00e9se, az er\u0151szakt\u00e9tel az embereken, a megal\u00e1zotts\u00e1g \u00e9s kiszolg\u00e1ltatotts\u00e1g elviselhetetlens\u00e9ge, s szinte k\u00e9ny\u00farr\u00e1 n\u0151tt bennem az ellene val\u00f3 tiltakoz\u00e1s sz\u00fcks\u00e9gess\u00e9ge.\u201d (F\u00e1bri Zolt\u00e1n) <\/p>\n\n\n\n<figure class=\"wp-block-image size-full\"><img data-opt-id=1458774389  decoding=\"async\" width=\"860\" height=\"490\" src=\"https:\/\/mladjxeqsxgv.i.optimole.com\/cb:B3zE.b136\/w:auto\/h:auto\/q:mauto\/f:best\/https:\/\/ctalker.org\/wp-content\/uploads\/2021\/10\/maraton_lead_HannibalTanarUr009.jpg\" alt=\"\" class=\"wp-image-1659\" srcset=\"https:\/\/mladjxeqsxgv.i.optimole.com\/cb:B3zE.b136\/w:860\/h:490\/q:mauto\/f:best\/https:\/\/ctalker.org\/wp-content\/uploads\/2021\/10\/maraton_lead_HannibalTanarUr009.jpg 860w, https:\/\/mladjxeqsxgv.i.optimole.com\/cb:B3zE.b136\/w:300\/h:171\/q:mauto\/f:best\/https:\/\/ctalker.org\/wp-content\/uploads\/2021\/10\/maraton_lead_HannibalTanarUr009.jpg 300w, https:\/\/mladjxeqsxgv.i.optimole.com\/cb:B3zE.b136\/w:768\/h:438\/q:mauto\/f:best\/https:\/\/ctalker.org\/wp-content\/uploads\/2021\/10\/maraton_lead_HannibalTanarUr009.jpg 768w, https:\/\/mladjxeqsxgv.i.optimole.com\/cb:B3zE.b136\/w:860\/h:490\/q:mauto\/f:best\/dpr:2\/https:\/\/ctalker.org\/wp-content\/uploads\/2021\/10\/maraton_lead_HannibalTanarUr009.jpg 2x\" sizes=\"(max-width: 860px) 100vw, 860px\" \/><\/figure>\n\n\n\n<p>F\u00e1bri Zolt\u00e1n fest\u0151, sz\u00edn\u00e9sz, d\u00edszlettervez\u0151, sz\u00ednh\u00e1zi rendez\u0151, forgat\u00f3k\u00f6nyv\u00edr\u00f3, m\u0171v\u00e9szeti vezet\u0151, de f\u0151leg eur\u00f3pai rang\u00fa filmrendez\u0151. 21 humanizmussal \u00e1titatott mozifilmet k\u00e9sz\u00edtett, mindegyik irodalmi ihlet\u00e9s\u0171. Sokf\u00e9le m\u0171fajt adapt\u00e1l a klasszikusokt\u00f3l, mint Kosztol\u00e1nyi, M\u00f3ra, Kaffka vagy Moln\u00e1r Ferenc, a kort\u00e1rsig: D\u00e9ry, \u00d6rk\u00e9ny, Sarkadi, S\u00e1nta, Palotai vagy Karinthy. Adapt\u00e1ci\u00f3s gyakorlatb\u00f3l k\u00f6vetkezhet, hogy szerz\u0151i st\u00edlus\u00e1t nem tudj\u00e1k levezetni egy kiemelt filmj\u00e9b\u0151l. Korai korszak\u00e1ra jellemz\u0151 klasszikus st\u00edlusa, a szocialista realizmus sematizmus\u00e1nak meghalad\u00e1sa. Ez a tal\u00e1n posztneorealist\u00e1nak is nevezhet\u0151 id\u0151szak, amelyben a K\u00f6rhinta (1955) ut\u00e1n k\u00e9sz\u00fclt \u2013 g\u00e9p\u00e1ll\u00e1sok \u00e9s a pl\u00e1nok tekintet\u00e9ben is technik\u00e1s \u2013 Hannib\u00e1l tan\u00e1r \u00far elhelyezhet\u0151. \u201eF\u00e1bri Zolt\u00e1n m\u00e1r a K\u00f6rhint\u00e1ban is az eg\u00e9sz apr\u00f3 mozzanatok mester\u00e9nek bizonyult, \u00e9s ez a kis rezd\u00fcl\u00e9sekre is reag\u00e1l\u00f3 k\u00e9szs\u00e9ge ebben a filmben m\u00e9g ihletettebben \u00e9rv\u00e9nyes\u00fclt. \u2026 Az a pillanat, amikor Hannib\u00e1l tan\u00e1r \u00far a miniszteri biztos k\u00e9rd\u00e9s\u00e9re, hogy visszavonja-e tanulm\u00e1ny\u00e1t, egyetlen r\u00f6vid sz\u00f3val felel: NEM! \u2013 feledhetetlen.\u201d (SZINET\u00c1R) \u201e F\u00e1bri nem a tudat bels\u0151, hanem j\u00f3val ink\u00e1bb a dr\u00e1mai konfliktus k\u00fcls\u0151, l\u00e1tv\u00e1nyos \u00bbexpressz\u00edv\u00ab helyzeteit hangs\u00falyozza, m\u00e9ghozz\u00e1 \u2013 szemben a tudati folyamatokkal \u2013 mag\u00e1val ragad\u00f3 kifejez\u0151er\u0151vel \u00e9s igen \u00f6sszetett m\u00f3don.\u201d (GELENCS\u00c9R) H\u00e9tk\u00f6znapi h\u0151sei \u201eszemk\u00f6zt a sorssal, a historikummal, az oszt\u00e1lyharccal, a mor\u00e1l kih\u00edv\u00e1saival, a kegyetlen huszadik sz\u00e1zad megpr\u00f3b\u00e1ltat\u00e1saival. \u00cdt\u00e9let\u00fck szerint rendre elbuknak, erk\u00f6lcsileg felmagasztosulnak, vagy legal\u00e1bbis felment\u00e9sre m\u00e9lt\u00f3nak tal\u00e1ltatnak. \u2026 F\u00e1bri Zolt\u00e1n \u2026. nem \u00bbalak\u00edt\u00e1sokat\u00ab form\u00e1lt, hanem t\u00e1rsadalom-l\u00e9lektanilag karakteresen egym\u00e1st k\u00f6vet\u0151, ellenpontoz\u00f3, \u00f6nmag\u00e1t dr\u00e1maian hiteltelen\u00edt\u0151 cselekm\u00e9nyfolyamot. Pszeudo-val\u00f3s\u00e1got \u2026\u201d (D\u00c1NIEL) <\/p>\n\n\n\n<figure class=\"wp-block-image size-full\"><img data-opt-id=1921347884  loading=\"lazy\" decoding=\"async\" width=\"789\" height=\"600\" src=\"https:\/\/mladjxeqsxgv.i.optimole.com\/cb:B3zE.b136\/w:auto\/h:auto\/q:mauto\/f:best\/https:\/\/ctalker.org\/wp-content\/uploads\/2021\/10\/090.jpg\" alt=\"\" class=\"wp-image-1660\" srcset=\"https:\/\/mladjxeqsxgv.i.optimole.com\/cb:B3zE.b136\/w:789\/h:600\/q:mauto\/f:best\/https:\/\/ctalker.org\/wp-content\/uploads\/2021\/10\/090.jpg 789w, https:\/\/mladjxeqsxgv.i.optimole.com\/cb:B3zE.b136\/w:300\/h:228\/q:mauto\/f:best\/https:\/\/ctalker.org\/wp-content\/uploads\/2021\/10\/090.jpg 300w, https:\/\/mladjxeqsxgv.i.optimole.com\/cb:B3zE.b136\/w:768\/h:584\/q:mauto\/f:best\/https:\/\/ctalker.org\/wp-content\/uploads\/2021\/10\/090.jpg 768w, https:\/\/mladjxeqsxgv.i.optimole.com\/cb:B3zE.b136\/w:789\/h:600\/q:mauto\/f:best\/dpr:2\/https:\/\/ctalker.org\/wp-content\/uploads\/2021\/10\/090.jpg 2x\" sizes=\"(max-width: 789px) 100vw, 789px\" \/><\/figure>\n\n\n\n<p>F\u00e1bri k\u00e9s\u0151bbi, modernista alkot\u00e1saiban finoman az id\u0151rendfelbont\u00f3 elbesz\u00e9l\u00e9sm\u00f3d \u00e9s a szubjekt\u00edv tudati folyamatokat \u00e1br\u00e1zol\u00f3 forma hangs\u00falyai fel\u00e9 tol\u00f3dik, p\u00e9ld\u00e1ul a H\u00fasz \u00f3ra c\u00edm\u0171, 1965-\u00f6s filmben.<\/p>\n","protected":false},"excerpt":{"rendered":"<p>MA ESTI MOZI: F\u00e1bri Zolt\u00e1n: Hannib\u00e1l tan\u00e1r \u00far, 1956 fekete-feh\u00e9r magyar j\u00e1t\u00e9kfilm, 94 perc, 4K restaur\u00e1lt \u00edr\u00f3: M\u00f3ra Ferenc; forgat\u00f3k\u00f6nyv\u00edr\u00f3: F\u00e1bri Zolt\u00e1n, Sz\u00e1sz P\u00e9ter, Gyenes Istv\u00e1n; operat\u0151r: Sz\u00e9cs\u00e9nyi Ferenc; f\u0151szerepl\u0151k: Szab\u00f3 Ern\u0151, Kiss Manyi,&#46;&#46;&#46;<\/p>\n","protected":false},"author":1,"featured_media":1657,"comment_status":"open","ping_status":"closed","sticky":false,"template":"","format":"standard","meta":{"rop_custom_images_group":[],"rop_custom_messages_group":[],"rop_publish_now":"initial","rop_publish_now_accounts":[],"rop_publish_now_history":[],"rop_publish_now_status":"pending","_themeisle_gutenberg_block_has_review":false,"footnotes":""},"categories":[8,9],"tags":[],"class_list":["post-1656","post","type-post","status-publish","format-standard","has-post-thumbnail","hentry","category-kurbli","category-kurbli-filmklub"],"featured_image_src":"https:\/\/mladjxeqsxgv.i.optimole.com\/cb:B3zE.b136\/w:auto\/h:auto\/q:mauto\/f:best\/https:\/\/ctalker.org\/wp-content\/uploads\/2021\/10\/249256068_10228044979731187_4111209831329826293_n.jpg","featured_image_src_square":"https:\/\/mladjxeqsxgv.i.optimole.com\/cb:B3zE.b136\/w:auto\/h:auto\/q:mauto\/f:best\/https:\/\/ctalker.org\/wp-content\/uploads\/2021\/10\/249256068_10228044979731187_4111209831329826293_n.jpg","author_info":{"display_name":"kriszti\u0430n","author_link":"https:\/\/ctalker.org\/rs\/author\/krs\/"},"_links":{"self":[{"href":"https:\/\/ctalker.org\/rs\/wp-json\/wp\/v2\/posts\/1656","targetHints":{"allow":["GET"]}}],"collection":[{"href":"https:\/\/ctalker.org\/rs\/wp-json\/wp\/v2\/posts"}],"about":[{"href":"https:\/\/ctalker.org\/rs\/wp-json\/wp\/v2\/types\/post"}],"author":[{"embeddable":true,"href":"https:\/\/ctalker.org\/rs\/wp-json\/wp\/v2\/users\/1"}],"replies":[{"embeddable":true,"href":"https:\/\/ctalker.org\/rs\/wp-json\/wp\/v2\/comments?post=1656"}],"version-history":[{"count":1,"href":"https:\/\/ctalker.org\/rs\/wp-json\/wp\/v2\/posts\/1656\/revisions"}],"predecessor-version":[{"id":1662,"href":"https:\/\/ctalker.org\/rs\/wp-json\/wp\/v2\/posts\/1656\/revisions\/1662"}],"wp:featuredmedia":[{"embeddable":true,"href":"https:\/\/ctalker.org\/rs\/wp-json\/wp\/v2\/media\/1657"}],"wp:attachment":[{"href":"https:\/\/ctalker.org\/rs\/wp-json\/wp\/v2\/media?parent=1656"}],"wp:term":[{"taxonomy":"category","embeddable":true,"href":"https:\/\/ctalker.org\/rs\/wp-json\/wp\/v2\/categories?post=1656"},{"taxonomy":"post_tag","embeddable":true,"href":"https:\/\/ctalker.org\/rs\/wp-json\/wp\/v2\/tags?post=1656"}],"curies":[{"name":"wp","href":"https:\/\/api.w.org\/{rel}","templated":true}]}}