{"id":1502,"date":"2021-10-15T10:19:34","date_gmt":"2021-10-15T09:19:34","guid":{"rendered":"https:\/\/ctalker.org\/?p=1502"},"modified":"2021-11-01T18:39:34","modified_gmt":"2021-11-01T17:39:34","slug":"kurbli-filmklub-tarr-bela-satantango","status":"publish","type":"post","link":"https:\/\/ctalker.org\/rs\/2021\/10\/15\/kurbli-filmklub-tarr-bela-satantango\/","title":{"rendered":"Kurbli Filmklub: Tarr B\u00e9la-S\u00e1t\u00e1ntang\u00f3"},"content":{"rendered":"\n<p>Szabadka\/2021.10.13.<\/p>\n\n\n\n<p class=\"has-text-align-center\">&#8222;Mi, kelet-eur\u00f3paiak vagyunk a S\u00e1t\u00e1ntang\u00f3 telep\u00e9nek lak\u00f3i, \u00e9s k\u00e9ts\u00e9gbeesve cs\u00fcng\u00fcnk a hiteget\u0151 csal\u00f3k \u00edg\u00e9retein, akik csak a p\u00e9nz\u00fcnket szedik el. Mi vagyunk a rem\u00e9nytelen kocsmat\u00f6ltel\u00e9kek, vezet\u0151ink pedig az alkoholista rend\u0151r, az \u00fcgyesked\u0151 csemp\u00e9sz \u00e9s a maffi\u00f3z\u00f3 kocsm\u00e1ros. \u00c9s mi vagyunk Valuska is, aki v\u00e9gtelen al\u00e1zattal szolg\u00e1l minden f\u00f6l\u00f6tte lev\u0151t, \u00e9s r\u00e9m\u00fclt borzalommal n\u00e9z bele a b\u00e1lna szem\u00e9be, a term\u00e9szet nagys\u00e1g\u00e1t\u00f3l rem\u00e9lve seg\u00edts\u00e9get. A cs\u0151csel\u00e9k is mi vagyunk. Tehetetlens\u00e9g\u00fcnkben szeretn\u00e9nk sz\u00e9tverni minden luxusbolt kirakat\u00e1t&#8230;&#8220; Kov\u00e1cs Andr\u00e1s B\u00e1lint  <\/p>\n\n\n\n<p>Tarr B\u00e9la: S\u00e1t\u00e1ntang\u00f3, magyar-n\u00e9met-sv\u00e1jci film, 450 perc, 1994.<\/p>\n\n\n\n<p class=\"has-text-align-center\">Maratoni filmn\u00e9z\u0151k a Kurbliban<\/p>\n\n\n\n<figure class=\"wp-block-gallery columns-3 is-cropped wp-block-gallery-2 is-layout-flex wp-block-gallery-is-layout-flex\"><ul class=\"blocks-gallery-grid\"><li class=\"blocks-gallery-item\"><figure><img data-opt-id=783454998  fetchpriority=\"high\" decoding=\"async\" width=\"1024\" height=\"768\" src=\"https:\/\/mladjxeqsxgv.i.optimole.com\/cb:B3zE.b136\/w:1024\/h:768\/q:mauto\/f:best\/https:\/\/ctalker.org\/wp-content\/uploads\/2021\/10\/received_586653135813807.jpeg\" alt=\"\" data-id=\"1670\" data-full-url=\"https:\/\/mladjxeqsxgv.i.optimole.com\/cb:B3zE.b136\/w:auto\/h:auto\/q:mauto\/f:best\/https:\/\/ctalker.org\/wp-content\/uploads\/2021\/10\/received_586653135813807.jpeg\" data-link=\"https:\/\/ctalker.org\/?attachment_id=1670\" class=\"wp-image-1670\" srcset=\"https:\/\/mladjxeqsxgv.i.optimole.com\/cb:B3zE.b136\/w:1024\/h:768\/q:mauto\/f:best\/https:\/\/ctalker.org\/wp-content\/uploads\/2021\/10\/received_586653135813807.jpeg 1024w, https:\/\/mladjxeqsxgv.i.optimole.com\/cb:B3zE.b136\/w:300\/h:225\/q:mauto\/f:best\/https:\/\/ctalker.org\/wp-content\/uploads\/2021\/10\/received_586653135813807.jpeg 300w, https:\/\/mladjxeqsxgv.i.optimole.com\/cb:B3zE.b136\/w:768\/h:576\/q:mauto\/f:best\/https:\/\/ctalker.org\/wp-content\/uploads\/2021\/10\/received_586653135813807.jpeg 768w, https:\/\/mladjxeqsxgv.i.optimole.com\/cb:B3zE.b136\/w:1440\/h:1080\/q:mauto\/f:best\/https:\/\/ctalker.org\/wp-content\/uploads\/2021\/10\/received_586653135813807.jpeg 1536w, https:\/\/mladjxeqsxgv.i.optimole.com\/cb:B3zE.b136\/w:1440\/h:1080\/q:mauto\/f:best\/https:\/\/ctalker.org\/wp-content\/uploads\/2021\/10\/received_586653135813807.jpeg 2048w, https:\/\/mladjxeqsxgv.i.optimole.com\/cb:B3zE.b136\/w:1440\/h:1080\/q:mauto\/f:best\/dpr:2\/https:\/\/ctalker.org\/wp-content\/uploads\/2021\/10\/received_586653135813807.jpeg 2x\" sizes=\"(max-width: 1000px) 100vw, 1000px\" \/><\/figure><\/li><li class=\"blocks-gallery-item\"><figure><img data-opt-id=1136033422  fetchpriority=\"high\" decoding=\"async\" width=\"1024\" height=\"768\" src=\"https:\/\/mladjxeqsxgv.i.optimole.com\/cb:B3zE.b136\/w:1024\/h:768\/q:mauto\/f:best\/https:\/\/ctalker.org\/wp-content\/uploads\/2021\/10\/received_1087347608711528.jpeg\" alt=\"\" data-id=\"1669\" data-full-url=\"https:\/\/mladjxeqsxgv.i.optimole.com\/cb:B3zE.b136\/w:auto\/h:auto\/q:mauto\/f:best\/https:\/\/ctalker.org\/wp-content\/uploads\/2021\/10\/received_1087347608711528.jpeg\" data-link=\"https:\/\/ctalker.org\/?attachment_id=1669\" class=\"wp-image-1669\" srcset=\"https:\/\/mladjxeqsxgv.i.optimole.com\/cb:B3zE.b136\/w:1024\/h:768\/q:mauto\/f:best\/https:\/\/ctalker.org\/wp-content\/uploads\/2021\/10\/received_1087347608711528.jpeg 1024w, https:\/\/mladjxeqsxgv.i.optimole.com\/cb:B3zE.b136\/w:300\/h:225\/q:mauto\/f:best\/https:\/\/ctalker.org\/wp-content\/uploads\/2021\/10\/received_1087347608711528.jpeg 300w, https:\/\/mladjxeqsxgv.i.optimole.com\/cb:B3zE.b136\/w:768\/h:576\/q:mauto\/f:best\/https:\/\/ctalker.org\/wp-content\/uploads\/2021\/10\/received_1087347608711528.jpeg 768w, https:\/\/mladjxeqsxgv.i.optimole.com\/cb:B3zE.b136\/w:1440\/h:1080\/q:mauto\/f:best\/https:\/\/ctalker.org\/wp-content\/uploads\/2021\/10\/received_1087347608711528.jpeg 1536w, https:\/\/mladjxeqsxgv.i.optimole.com\/cb:B3zE.b136\/w:1440\/h:1080\/q:mauto\/f:best\/https:\/\/ctalker.org\/wp-content\/uploads\/2021\/10\/received_1087347608711528.jpeg 2048w, https:\/\/mladjxeqsxgv.i.optimole.com\/cb:B3zE.b136\/w:1440\/h:1080\/q:mauto\/f:best\/dpr:2\/https:\/\/ctalker.org\/wp-content\/uploads\/2021\/10\/received_1087347608711528.jpeg 2x\" sizes=\"(max-width: 1000px) 100vw, 1000px\" \/><\/figure><\/li><li class=\"blocks-gallery-item\"><figure><img data-opt-id=1525928268  decoding=\"async\" width=\"1024\" height=\"768\" src=\"https:\/\/mladjxeqsxgv.i.optimole.com\/cb:B3zE.b136\/w:1024\/h:768\/q:mauto\/f:best\/https:\/\/ctalker.org\/wp-content\/uploads\/2021\/10\/received_593584921885885.jpeg\" alt=\"\" data-id=\"1668\" data-full-url=\"https:\/\/mladjxeqsxgv.i.optimole.com\/cb:B3zE.b136\/w:auto\/h:auto\/q:mauto\/f:best\/https:\/\/ctalker.org\/wp-content\/uploads\/2021\/10\/received_593584921885885.jpeg\" data-link=\"https:\/\/ctalker.org\/?attachment_id=1668\" class=\"wp-image-1668\" srcset=\"https:\/\/mladjxeqsxgv.i.optimole.com\/cb:B3zE.b136\/w:1024\/h:768\/q:mauto\/f:best\/https:\/\/ctalker.org\/wp-content\/uploads\/2021\/10\/received_593584921885885.jpeg 1024w, https:\/\/mladjxeqsxgv.i.optimole.com\/cb:B3zE.b136\/w:300\/h:225\/q:mauto\/f:best\/https:\/\/ctalker.org\/wp-content\/uploads\/2021\/10\/received_593584921885885.jpeg 300w, https:\/\/mladjxeqsxgv.i.optimole.com\/cb:B3zE.b136\/w:768\/h:576\/q:mauto\/f:best\/https:\/\/ctalker.org\/wp-content\/uploads\/2021\/10\/received_593584921885885.jpeg 768w, https:\/\/mladjxeqsxgv.i.optimole.com\/cb:B3zE.b136\/w:1440\/h:1080\/q:mauto\/f:best\/https:\/\/ctalker.org\/wp-content\/uploads\/2021\/10\/received_593584921885885.jpeg 1536w, https:\/\/mladjxeqsxgv.i.optimole.com\/cb:B3zE.b136\/w:1440\/h:1080\/q:mauto\/f:best\/https:\/\/ctalker.org\/wp-content\/uploads\/2021\/10\/received_593584921885885.jpeg 2048w, https:\/\/mladjxeqsxgv.i.optimole.com\/cb:B3zE.b136\/w:1440\/h:1080\/q:mauto\/f:best\/dpr:2\/https:\/\/ctalker.org\/wp-content\/uploads\/2021\/10\/received_593584921885885.jpeg 2x\" sizes=\"(max-width: 1000px) 100vw, 1000px\" \/><\/figure><\/li><\/ul><\/figure>\n\n\n\n<figure class=\"wp-block-gallery columns-0 is-cropped wp-block-gallery-3 is-layout-flex wp-block-gallery-is-layout-flex\"><ul class=\"blocks-gallery-grid\"><\/ul><\/figure>\n\n\n\n<p style=\"text-align: justify;\">Tarr B\u00e9la, Krasznahorkai L\u00e1szl\u00f3val \u00e9s Hranitzky \u00c1gnessel k\u00e9sz\u00edtett filmtril\u00f3gi\u00e1ja (K\u00e1rhozat, S\u00e1t\u00e1ntang\u00f3, Werckmeister harm\u00f3ni\u00e1k) olyan egyetemes \u00e9rv\u00e9nyess\u00e9g\u0171 \u00fczeneteket hordoz, amelyek a \u201990-es \u00e9vekben meghat\u00e1rozt\u00e1k a kelet-k\u00f6z\u00e9p eur\u00f3pai r\u00e9gi\u00f3 emberk\u00e9p\u00e9t.<\/p>\n\n\n\n\n\n<figure class=\"wp-block-gallery columns-0 is-cropped wp-block-gallery-4 is-layout-flex wp-block-gallery-is-layout-flex\"><ul class=\"blocks-gallery-grid\"><\/ul><\/figure>\n\n\n\n<div class=\"wp-block-image\"><figure class=\"aligncenter size-full\"><img data-opt-id=1330936389  loading=\"lazy\" decoding=\"async\" width=\"720\" height=\"422\" src=\"https:\/\/mladjxeqsxgv.i.optimole.com\/cb:B3zE.b136\/w:auto\/h:auto\/q:mauto\/f:best\/https:\/\/ctalker.org\/wp-content\/uploads\/2021\/10\/large_pic_20131120122205_y2kvr9w02vg.jpg\" alt=\"\" class=\"wp-image-1503\" srcset=\"https:\/\/mladjxeqsxgv.i.optimole.com\/cb:B3zE.b136\/w:720\/h:422\/q:mauto\/f:best\/https:\/\/ctalker.org\/wp-content\/uploads\/2021\/10\/large_pic_20131120122205_y2kvr9w02vg.jpg 720w, https:\/\/mladjxeqsxgv.i.optimole.com\/cb:B3zE.b136\/w:300\/h:176\/q:mauto\/f:best\/https:\/\/ctalker.org\/wp-content\/uploads\/2021\/10\/large_pic_20131120122205_y2kvr9w02vg.jpg 300w, https:\/\/mladjxeqsxgv.i.optimole.com\/cb:B3zE.b136\/w:720\/h:422\/q:mauto\/f:best\/dpr:2\/https:\/\/ctalker.org\/wp-content\/uploads\/2021\/10\/large_pic_20131120122205_y2kvr9w02vg.jpg 2x\" sizes=\"(max-width: 720px) 100vw, 720px\" \/><\/figure><\/div>\n\n\n\n<p style=\"text-align: justify;\">A film h\u00e1ttere: \u201eAz \u00f6tvenes-hatvanas \u00e9vekben a kommerszfilm ipar mellett Eur\u00f3p\u00e1ban kialakult egy m\u00e1sik fajta ipar, az, amit m\u0171v\u00e9szfilm-iparnak nevezhet\u00fcnk. Erre a m\u0171v\u00e9szetiparra \u2013 nagyj\u00e1b\u00f3l a hetvenes \u00e9vek eleje \u00f3ta \u2013 reakci\u00f3k\u00e9nt j\u00f6tt l\u00e9tre az az \u00bbavantg\u00e1rd, elit\u00ab m\u0171v\u00e9szfilm (Amerik\u00e1ban \u00bbszerz\u0151i filmnek\u00ab, Franciaorsz\u00e1gban \u00bbart et essai\u00ab-nek h\u00edvj\u00e1k)\u201d, amelyet pl. Godard, Jancs\u00f3, Tarkovszkij vagy Fassbinder k\u00e9pvisel. Ezek a filmek \u2013 az amerikai filmipar hat\u00e1s\u00e1ra el\u00fczletiesedett eur\u00f3pai filmek t\u00e9rh\u00f3d\u00edt\u00e1s\u00e1val szemben \u2013 hamar a legvesz\u00e9lyeztetettebb helyzetbe ker\u00fcltek. M\u00e1ra szinte teljesen kivesztek \u00e9s a l\u00e1thatatlan kult\u00fara r\u00e9sz\u00e9v\u00e9 v\u00e1ltak. A K\u00e1rhozat, a S\u00e1t\u00e1ntang\u00f3 \u00e9s a Werckmeister harm\u00f3ni\u00e1k a hatvanas \u00e9vek modern eur\u00f3pai m\u0171v\u00e9szfilmj\u00e9nek hagyom\u00e1ny\u00e1t viszik tov\u00e1bb. Ezek az avantgardista, margin\u00e1lis, elitista, non-konform filmek provok\u00e1ci\u00f3k is. Tarr\u00e9k \u201evissza akartak t\u00e9rni a szem\u00e9lyes kifejez\u00e9shez, a kereskedelmi haszon dikt\u00e1lta \u00e1br\u00e1zol\u00e1si konvenci\u00f3k megtagad\u00e1s\u00e1hoz, az \u00fatkeres\u0151 filmnyelv haszn\u00e1lathoz.\u201d<\/p>\n\n\n\n<div class=\"wp-block-image\"><figure class=\"aligncenter size-full\"><img data-opt-id=913565498  loading=\"lazy\" decoding=\"async\" width=\"750\" height=\"400\" src=\"https:\/\/mladjxeqsxgv.i.optimole.com\/cb:B3zE.b136\/w:auto\/h:auto\/q:mauto\/f:best\/https:\/\/ctalker.org\/wp-content\/uploads\/2021\/10\/Feature-images-w1400-750x400-1.jpg\" alt=\"\" class=\"wp-image-1504\" srcset=\"https:\/\/mladjxeqsxgv.i.optimole.com\/cb:B3zE.b136\/w:750\/h:400\/q:mauto\/f:best\/https:\/\/ctalker.org\/wp-content\/uploads\/2021\/10\/Feature-images-w1400-750x400-1.jpg 750w, https:\/\/mladjxeqsxgv.i.optimole.com\/cb:B3zE.b136\/w:300\/h:160\/q:mauto\/f:best\/https:\/\/ctalker.org\/wp-content\/uploads\/2021\/10\/Feature-images-w1400-750x400-1.jpg 300w, https:\/\/mladjxeqsxgv.i.optimole.com\/cb:B3zE.b136\/w:750\/h:400\/q:mauto\/f:best\/dpr:2\/https:\/\/ctalker.org\/wp-content\/uploads\/2021\/10\/Feature-images-w1400-750x400-1.jpg 2x\" sizes=\"(max-width: 750px) 100vw, 750px\" \/><figcaption>Tarr B\u00e9la, rendez\u00e9s k\u00f6zben<\/figcaption><\/figure><\/div>\n\n\n\n<p style=\"text-align: justify;\">A t\u00f6rt\u00e9net veleje (a k\u00f6r k\u00f6zepe): \u201eB\u0171n\u00fcgyi elbesz\u00e9l\u00e9s, amely k\u00e9t csal\u00f3, sikkaszt\u00f3, valamint rend\u0151rs\u00e9gi bes\u00fag\u00f3 mesterked\u00e9seir\u0151l sz\u00f3l, akik a legaljasabb m\u00f3don csalj\u00e1k ki a telep lak\u00f3inak utols\u00f3 megtakar\u00edtott fill\u00e9rj\u00e9t is. \u2026 Mik\u00f6zben a t\u00f6rt\u00e9net t\u00f6k\u00e9letesen fikt\u00edv \u00e9s pontr\u00f3l pontra megszerkesztett, az alakok kidolgoz\u00e1sa rendk\u00edv\u00fcl finom \u00e9s val\u00f3s\u00e1gh\u0171. \u2026 Mindenf\u00e9le intellektu\u00e1lis \u00e9s lelki alkat megtal\u00e1lhat\u00f3 ebben a mikrok\u00f6rnyezetben.\u201d \u0150k egy\u00fctt \u201eteljes vil\u00e1got alkotnak, felrajzolj\u00e1k az emberi kapcsolatok, \u00e9rzelmek, v\u00e1gyak \u00e9s hitek teljes spektrum\u00e1t, \u2026 nincs sz\u00fcks\u00e9g sem t\u00falstiliz\u00e1lt d\u00edszletvil\u00e1gra, sem t\u00falpoetiz\u00e1lt dial\u00f3gusokra. \u2026 Irimi\u00e1s igazi hamis pr\u00f3f\u00e9ta. A legk\u00e9ts\u00e9gbeesettebb, a legkiszolg\u00e1ltatottabb embereken \u00e9l\u0151sk\u00f6dik, akiknek m\u00e9g van vesztenival\u00f3juk, m\u00e9g vannak \u00e1lmaik, \u00e9s akik \u00e9ppen ez\u00e9rt kapva kapnak minden felcsillantott lehet\u0151s\u00e9gen, amely a felemelked\u00e9s \u00edg\u00e9ret\u00e9vel kecsegtet. \u2026 A val\u00f3szer\u0171tlens\u00e9g a film legfontosabb \u00e1ll\u00edt\u00e1sa. Az ember legs\u00e1rbaragadtabb kiszolg\u00e1ltatotts\u00e1g\u00e1ban is k\u00e9pes keresni valamit \u00f6nmaga f\u00f6l\u00f6tt, ami nagyobbnak l\u00e1tszik, mint \u0151, amiben b\u00edzni tudhat. \u00c9s kiszolg\u00e1ltatotts\u00e1ga \u00e9pp emiatt v\u00e1lik v\u00e9gk\u00e9pp rem\u00e9nytelenn\u00e9. Min\u00e9l val\u00f3szer\u0171tlenebbnek l\u00e1tszik valami, ann\u00e1l val\u00f3s\u00e1gosabban k\u00e9pes ir\u00e1ny\u00edtani a hit\u00fckben kiszolg\u00e1ltatott embereket az \u00fcres l\u00e1tszat. \u2026 Az \u00e9rz\u00e9kfeletti, a metafizikai Tarr sz\u00e1m\u00e1ra semmi m\u00e1s, mint a v\u00e9gs\u0151 emberi k\u00e9ts\u00e9gbees\u00e9s mentsv\u00e1ra.\u201d<\/p>\n\n\n\n<figure class=\"wp-block-image size-large\"><img data-opt-id=1315932267  loading=\"lazy\" decoding=\"async\" width=\"1024\" height=\"618\" src=\"https:\/\/mladjxeqsxgv.i.optimole.com\/cb:B3zE.b136\/w:1024\/h:618\/q:mauto\/f:best\/https:\/\/ctalker.org\/wp-content\/uploads\/2021\/10\/034.jpg\" alt=\"\" class=\"wp-image-1505\" srcset=\"https:\/\/mladjxeqsxgv.i.optimole.com\/cb:B3zE.b136\/w:1024\/h:618\/q:mauto\/f:best\/https:\/\/ctalker.org\/wp-content\/uploads\/2021\/10\/034.jpg 1024w, https:\/\/mladjxeqsxgv.i.optimole.com\/cb:B3zE.b136\/w:300\/h:181\/q:mauto\/f:best\/https:\/\/ctalker.org\/wp-content\/uploads\/2021\/10\/034.jpg 300w, https:\/\/mladjxeqsxgv.i.optimole.com\/cb:B3zE.b136\/w:768\/h:463\/q:mauto\/f:best\/https:\/\/ctalker.org\/wp-content\/uploads\/2021\/10\/034.jpg 768w, https:\/\/mladjxeqsxgv.i.optimole.com\/cb:B3zE.b136\/w:1536\/h:927\/q:mauto\/f:best\/https:\/\/ctalker.org\/wp-content\/uploads\/2021\/10\/034.jpg 1536w, https:\/\/mladjxeqsxgv.i.optimole.com\/cb:B3zE.b136\/w:1790\/h:1080\/q:mauto\/f:best\/https:\/\/ctalker.org\/wp-content\/uploads\/2021\/10\/034.jpg 2048w, https:\/\/mladjxeqsxgv.i.optimole.com\/cb:B3zE.b136\/w:1790\/h:1080\/q:mauto\/f:best\/dpr:2\/https:\/\/ctalker.org\/wp-content\/uploads\/2021\/10\/034.jpg 2x\" sizes=\"(max-width: 1000px) 100vw, 1000px\" \/><figcaption>Petrina (Horv\u00e1th Putyi) \u00e9s Irimi\u00e1s (V\u00edg Mih\u00e1ly)<\/figcaption><\/figure>\n\n\n\n<div class=\"o9v6fnle cxmmr5t8 oygrvhab hcukyx3x c1et5uql ii04i59q\">\n<div dir=\"auto\">K\u00e9rd\u00e9sek \u00e9s v\u00e1laszok (a v\u00e9gzet nem dr\u00e1mai):<\/div>\n<\/div>\n<div class=\"o9v6fnle cxmmr5t8 oygrvhab hcukyx3x c1et5uql ii04i59q\">\n<div dir=\"auto\" style=\"text-align: justify;\">\u201eMi\u00e9rt volt sz\u00fcks\u00e9g h\u00e9t \u00e9s f\u00e9l \u00f3r\u00e1ra ennek a t\u00f6rt\u00e9netnek az elmond\u00e1s\u00e1hoz? \u2026 Mi indokolja ezt a val\u00f3sz\u00edn\u0171tlen lass\u00fas\u00e1got, \u00e9s mit\u0151l v\u00e9gign\u00e9zhet\u0151 m\u00e9gis a film? \u2026 A v\u00e9gzet beteljes\u00fcl\u00e9s\u00e9nek elker\u00fclhetetlens\u00e9g\u00e9t Krasznahorkai \u00e9s Tarr \u00e9pp ezzel a lass\u00fa monot\u00f3ni\u00e1val akart\u00e1k \u00e9rz\u00e9keltetni.\u201d Itt \u201ea v\u00e9gzet nem dr\u00e1mai. Nem fat\u00e1lis vagy kim\u00f3dolt esem\u00e9nyek k\u00f6vetkezm\u00e9nye. \u2026 H\u0151sei az\u00e9rt \u00e9ppen lecs\u00faszottak, mert \u00edgy a lelki kiszolg\u00e1ltatotts\u00e1g hatv\u00e1nyozottabban \u00e9rv\u00e9nyes\u00fcl. Antonioni az \u00f6tvenes \u00e9vek v\u00e9g\u00e9n az\u00e9rt helyezte h\u0151seit fels\u0151k\u00f6z\u00e9poszt\u00e1lybeli mili\u0151be, hogy m\u00e9g v\u00e9letlen\u00fcl se higgye azt senki, az elidegened\u00e9st valamilyen anyagi sz\u00fcks\u00e9glet kiel\u00e9g\u00edt\u00e9s\u00e9vel meg lehet \u00faszni. Tarr az\u00e9rt helyezi alakjait olyan m\u00e9lyre, hogy megmutassa, nincs olyan m\u00e9lys\u00e9ge a lecs\u00faszotts\u00e1gnak, ahonnan ne lehetne m\u00e9g m\u00e9lyebbre ker\u00fclni, mert a z\u00fcll\u00f6tts\u00e9g els\u0151sorban nem anyagi k\u00e9rd\u00e9s. \u2026 A k\u00e9rd\u00e9s ez\u00e9rt nem az, hogyan lehet ezt a folyamatot meg\u00e1ll\u00edtani vagy elker\u00fclni, hanem az, hogy mit csin\u00e1lunk ek\u00f6zben? Ezt a k\u00e9rd\u00e9st Tarr a n\u00e9z\u0151nek teszi f\u00f6l, nem a szerepl\u0151inek. De ahhoz, hogy ezt a k\u00e9rd\u00e9st a n\u00e9z\u0151 meg\u00e9rtse, el\u0151bb meg kell \u00e9rtenie az id\u0151nek a v\u00e9gzetszer\u0171s\u00e9g\u00e9t. \u2026 A pillanat t\u00fal\u00e9l\u00e9s\u00e9ben nincs ments\u00e9g: az id\u0151 \u00fcres. V\u00e9gtelen, tagolatlan dimenzi\u00f3, amelyben minden ugyan\u00fagy ism\u00e9tl\u0151dik.\u201d Tarr azzal \u00fcres\u00edti ki az id\u0151tudatot vagyis az id\u0151 \u00e9lm\u00e9ny\u00e9t, \u201ehogy folyamatosan f\u00f6lkelti annak az ill\u00fazi\u00f3j\u00e1t, hogy valami, a cselekm\u00e9nyt el\u0151reviv\u0151 dolog t\u00f6rt\u00e9nik. A film nagy brav\u00farja, hogy h\u00e9t \u00e9s f\u00e9l \u00f3r\u00e1n kereszt\u00fcl k\u00e9pes fenntartani a suspense \u00e1llapot\u00e1t.\u201d<\/div>\n<\/div>\n\n\n\n<div class=\"wp-block-image\"><figure class=\"aligncenter size-full\"><img data-opt-id=894980697  loading=\"lazy\" decoding=\"async\" width=\"480\" height=\"308\" src=\"https:\/\/mladjxeqsxgv.i.optimole.com\/cb:B3zE.b136\/w:auto\/h:auto\/q:mauto\/f:best\/https:\/\/ctalker.org\/wp-content\/uploads\/2021\/10\/Satantango.jpg\" alt=\"\" class=\"wp-image-1506\" srcset=\"https:\/\/mladjxeqsxgv.i.optimole.com\/cb:B3zE.b136\/w:480\/h:308\/q:mauto\/f:best\/https:\/\/ctalker.org\/wp-content\/uploads\/2021\/10\/Satantango.jpg 480w, https:\/\/mladjxeqsxgv.i.optimole.com\/cb:B3zE.b136\/w:300\/h:193\/q:mauto\/f:best\/https:\/\/ctalker.org\/wp-content\/uploads\/2021\/10\/Satantango.jpg 300w, https:\/\/mladjxeqsxgv.i.optimole.com\/cb:B3zE.b136\/w:480\/h:308\/q:mauto\/f:best\/dpr:2\/https:\/\/ctalker.org\/wp-content\/uploads\/2021\/10\/Satantango.jpg 2x\" sizes=\"(max-width: 480px) 100vw, 480px\" \/><\/figure><\/div>\n\n\n\n<p style=\"text-align: justify;\">\u201eTarr B\u00e9la filmjeinek jelent\u0151s\u00e9ge a st\u00edlust\u00f6rt\u00e9neti \u00e9s eszt\u00e9tikai \u00e9rt\u00e9kein t\u00fal az \u2026, hogy a kelet-eur\u00f3pai kisemberek sz\u00e1zmilli\u00f3inak alapvet\u0151 \u00e9let\u00e9rz\u00e9s\u00e9t fogalmazz\u00e1k meg. A becsapotts\u00e1g \u00e9s ki\u00e1br\u00e1ndults\u00e1g \u00e9rz\u00e9s\u00e9t amiatt, hogy eg\u00e9sz eddigi \u00e9let\u00fck \u00e9rt\u00e9keit egy pillanat alatt elherd\u00e1lt\u00e1k, kicsinyes intrik\u00e1k \u00e1ldozatai lettek, kisszer\u0171, aljas hiteget\u0151k vezett\u00e9k \u0151ket orrukn\u00e1l fogva, magas rend\u0171 eszm\u00e9kre hivatkozva, val\u00f3j\u00e1ban \u00f6nz\u0151 hatalmi \u00e9s anyagi \u00e9rdekeiket k\u00f6vetve. \u2026 Mi, kelet-eur\u00f3paiak vagyunk a S\u00e1t\u00e1ntang\u00f3 telep\u00e9nek lak\u00f3i,\u201d \u2026 Mindez persze a nagy m\u0171v\u00e9szet t\u00falz\u00e1sa is egyben. \u2013 \u00e1ll\u00edtja Kov\u00e1cs Andr\u00e1s B\u00e1lint, Tarr B\u00e9la filmjeinek legnagyobb szakembere, aki a rendez\u0151 alkot\u00f3tev\u00e9kenys\u00e9g\u00e9t, bar\u00e1tja- \u00e9s munkat\u00e1rsak\u00e9nt szem\u00e9lyesen \u00e9s k\u00f6zvetlen k\u00f6zelr\u0151l k\u00eds\u00e9rte v\u00e9gig.<\/p>\n<p>Sz\u00e1sz Csongor<\/p>\n","protected":false},"excerpt":{"rendered":"<p>Szabadka\/2021.10.13. &#8222;Mi, kelet-eur\u00f3paiak vagyunk a S\u00e1t\u00e1ntang\u00f3 telep\u00e9nek lak\u00f3i, \u00e9s k\u00e9ts\u00e9gbeesve cs\u00fcng\u00fcnk a hiteget\u0151 csal\u00f3k \u00edg\u00e9retein, akik csak a p\u00e9nz\u00fcnket szedik el. Mi vagyunk a rem\u00e9nytelen kocsmat\u00f6ltel\u00e9kek, vezet\u0151ink pedig az alkoholista rend\u0151r, az \u00fcgyesked\u0151 csemp\u00e9sz&#46;&#46;&#46;<\/p>\n","protected":false},"author":3,"featured_media":1508,"comment_status":"open","ping_status":"closed","sticky":false,"template":"","format":"standard","meta":{"rop_custom_images_group":[],"rop_custom_messages_group":[],"rop_publish_now":"initial","rop_publish_now_accounts":[],"rop_publish_now_history":[],"rop_publish_now_status":"pending","_themeisle_gutenberg_block_has_review":false,"footnotes":""},"categories":[6,8,9],"tags":[],"class_list":["post-1502","post","type-post","status-publish","format-standard","has-post-thumbnail","hentry","category-filmvetites","category-kurbli","category-kurbli-filmklub"],"featured_image_src":"https:\/\/mladjxeqsxgv.i.optimole.com\/cb:B3zE.b136\/w:auto\/h:auto\/q:mauto\/f:best\/https:\/\/ctalker.org\/wp-content\/uploads\/2021\/10\/245368062_10227950943700345_6148805728229365153_n.jpg","featured_image_src_square":"https:\/\/mladjxeqsxgv.i.optimole.com\/cb:B3zE.b136\/w:auto\/h:auto\/q:mauto\/f:best\/https:\/\/ctalker.org\/wp-content\/uploads\/2021\/10\/245368062_10227950943700345_6148805728229365153_n.jpg","author_info":{"display_name":"Kari","author_link":"https:\/\/ctalker.org\/rs\/author\/karina\/"},"_links":{"self":[{"href":"https:\/\/ctalker.org\/rs\/wp-json\/wp\/v2\/posts\/1502","targetHints":{"allow":["GET"]}}],"collection":[{"href":"https:\/\/ctalker.org\/rs\/wp-json\/wp\/v2\/posts"}],"about":[{"href":"https:\/\/ctalker.org\/rs\/wp-json\/wp\/v2\/types\/post"}],"author":[{"embeddable":true,"href":"https:\/\/ctalker.org\/rs\/wp-json\/wp\/v2\/users\/3"}],"replies":[{"embeddable":true,"href":"https:\/\/ctalker.org\/rs\/wp-json\/wp\/v2\/comments?post=1502"}],"version-history":[{"count":5,"href":"https:\/\/ctalker.org\/rs\/wp-json\/wp\/v2\/posts\/1502\/revisions"}],"predecessor-version":[{"id":1676,"href":"https:\/\/ctalker.org\/rs\/wp-json\/wp\/v2\/posts\/1502\/revisions\/1676"}],"wp:featuredmedia":[{"embeddable":true,"href":"https:\/\/ctalker.org\/rs\/wp-json\/wp\/v2\/media\/1508"}],"wp:attachment":[{"href":"https:\/\/ctalker.org\/rs\/wp-json\/wp\/v2\/media?parent=1502"}],"wp:term":[{"taxonomy":"category","embeddable":true,"href":"https:\/\/ctalker.org\/rs\/wp-json\/wp\/v2\/categories?post=1502"},{"taxonomy":"post_tag","embeddable":true,"href":"https:\/\/ctalker.org\/rs\/wp-json\/wp\/v2\/tags?post=1502"}],"curies":[{"name":"wp","href":"https:\/\/api.w.org\/{rel}","templated":true}]}}