{"id":1333,"date":"2021-07-21T16:56:00","date_gmt":"2021-07-21T15:56:00","guid":{"rendered":"https:\/\/ctalker.org\/?p=1333"},"modified":"2021-07-22T17:38:39","modified_gmt":"2021-07-22T16:38:39","slug":"elkezdodott-a-28-palicsi-europai-filmfesztival","status":"publish","type":"post","link":"https:\/\/ctalker.org\/rs\/2021\/07\/21\/elkezdodott-a-28-palicsi-europai-filmfesztival\/","title":{"rendered":"Elkezd\u0151d\u00f6tt a 28. Palicsi Eur\u00f3pai Filmfesztiv\u00e1l"},"content":{"rendered":"\n<p><strong>Az EFF Palics gigantikus programk\u00edn\u00e1lata a midcult \u00e9s romcom filmekt\u0151l, a rendszerint besorolhatatlan mozg\u00f3k\u00e9peken \u00e9s a k\u00fcl\u00f6nb\u00f6z\u0151 kateg\u00f3ri\u00e1j\u00fa dokumentumfilmeken \u00e1t, betekint\u00e9st ny\u00fajt az elm\u00falt \u00e9vek legfrissebb filmm\u0171v\u00e9szi remekm\u0171veibe. Az egy h\u00e9tig tart\u00f3 rendezv\u00e9nysorozat alatt 15 v\u00e1logat\u00e1sban t\u00f6bb mint 130 filmet l\u00e1thatnak az \u00e9rdekl\u0151d\u0151k.<\/strong><\/p>\n\n\n\n<figure class=\"wp-block-image\"><a href=\"http:\/\/tiszatajonline.hu\/wp-content\/uploads\/2021\/07\/palic.jpg\"><img data-opt-id=1598354396  fetchpriority=\"high\" decoding=\"async\" src=\"http:\/\/tiszatajonline.hu\/wp-content\/uploads\/2021\/07\/palic-1024x1024.jpg\" alt=\"\" class=\"wp-image-139771\"\/><\/a><\/figure>\n\n\n\n<p>A 28. Palicsi Eur\u00f3pai Filmfesztiv\u00e1l, j\u00falius 17. \u00e9s 23. k\u00f6z\u00f6tt l\u00e1togathat\u00f3 palicsi \u00e9s szabadkai helysz\u00edneken. K\u00f6zt\u00fck a palicsi Ny\u00e1ri szabadt\u00e9ri Sz\u00ednpad \u00e9s az Abazija Filmsz\u00ednh\u00e1z, valamint a szabadkai Eurocinema \u00e9s a Lifka S\u00e1ndor M\u0171v\u00e9sz Mozi fogadja a vajdas\u00e1gi film\u00fcnnep k\u00f6z\u00f6ns\u00e9g\u00e9t. Sok eur\u00f3pai film szerb \u00e9s region\u00e1lis bemutat\u00f3ja is itt val\u00f3sul meg, de a szegedi Zsigmond Vilmos Fesztiv\u00e1l filmv\u00e1laszt\u00e9ka, valamint az Eur\u00f3pai Filmakad\u00e9mia-d\u00edjra jel\u00f6lt r\u00f6vidfilmekb\u0151l \u00e1ll\u00f3 EFA Shorts v\u00e1logat\u00e1sa is itt ker\u00fcl bemutat\u00e1sra. Az eklektikus mozg\u00f3k\u00e9pprogram mellett a k\u00f6z\u00f6ns\u00e9g sz\u00e1mtalan k\u00eds\u00e9r\u0151 rendezv\u00e9nyt \u00e9lvezhet. Id\u00e9n is koncertek, ki\u00e1ll\u00edt\u00e1sok, besz\u00e9lget\u00e9sek, szakmai el\u0151ad\u00e1sok \u00e9s m\u0171helymunk\u00e1k tel\u00edtik a k\u00edn\u00e1latot.<\/p>\n\n\n\n<figure class=\"wp-block-image size-full\"><img data-opt-id=1174086060  fetchpriority=\"high\" decoding=\"async\" width=\"705\" height=\"375\" src=\"https:\/\/mladjxeqsxgv.i.optimole.com\/cb:B3zE.b136\/w:auto\/h:auto\/q:mauto\/f:best\/https:\/\/ctalker.org\/wp-content\/uploads\/2021\/07\/219644366_1687404658127488_3365138966205044439_n.jpg\" alt=\"\" class=\"wp-image-1340\" srcset=\"https:\/\/mladjxeqsxgv.i.optimole.com\/cb:B3zE.b136\/w:705\/h:375\/q:mauto\/f:best\/https:\/\/ctalker.org\/wp-content\/uploads\/2021\/07\/219644366_1687404658127488_3365138966205044439_n.jpg 705w, https:\/\/mladjxeqsxgv.i.optimole.com\/cb:B3zE.b136\/w:300\/h:160\/q:mauto\/f:best\/https:\/\/ctalker.org\/wp-content\/uploads\/2021\/07\/219644366_1687404658127488_3365138966205044439_n.jpg 300w, https:\/\/mladjxeqsxgv.i.optimole.com\/cb:B3zE.b136\/w:705\/h:375\/q:mauto\/f:best\/dpr:2\/https:\/\/ctalker.org\/wp-content\/uploads\/2021\/07\/219644366_1687404658127488_3365138966205044439_n.jpg 2x\" sizes=\"(max-width: 705px) 100vw, 705px\" \/><\/figure>\n\n\n\n<p><strong>F\u0151bb filmes kateg\u00f3ri\u00e1k:<\/strong><\/p>\n\n\n\n<p>A HIVATALOS VERSENYPROGRAM olyan eur\u00f3pai j\u00e1t\u00e9kfilmeket szelekt\u00e1lt, melyeknek t\u00e9m\u00e1ja a kultur\u00e1lisan \u00e9s antropol\u00f3giailag soksz\u00edn\u0171 \u00e9s gazdag t\u00f6rt\u00e9nelm\u0171 Eur\u00f3pa aktu\u00e1lis emberi sorsk\u00e9rd\u00e9seivel foglalkozik. Olyan friss hangv\u00e9tel\u0171 igazi mozi\u00e9lm\u00e9nyt ny\u00fajt\u00f3 alkot\u00e1sok ezek, melyek k\u00f6nnyed\u00e9n lek\u00f6tik a n\u00e9z\u0151k figyelm\u00e9t, mik\u00f6zben a der\u0171sen vagy \u00e9ppen szomork\u00e1san borzongat\u00f3 hangulatukkal \u00e9rzelmeket gerjesztenek. A sorozat felel\u0151se \u00e9s szelektora Nenad Duki\u0107. A14 j\u00e1t\u00e9kfilmb\u0151l \u00e1ll\u00f3 versenyprogramot \u00f6ttag\u00fa nemzetk\u00f6zi zs\u0171ri b\u00edr\u00e1lja el.<\/p>\n\n\n\n<p>A P\u00c1RHUZAMOK \u00c9S TAL\u00c1LKOZ\u00c1SOK fogalomp\u00e1rj\u00e1val jel\u00f6lt filmv\u00e1logat\u00e1s jelszava a tolerancia lehetne. Az itt megtekinthet\u0151 j\u00e1t\u00e9k- \u00e9s dokumentumfilmek, a volt kelet-eur\u00f3pai geopolitikai r\u00e9gi\u00f3 t\u00e1rsadalmainak \u00e9s politikai rendszereinek kritikusabb hangv\u00e9tel\u0171 vizsg\u00e1lat\u00e1ra v\u00e1llalkoztak. A kateg\u00f3ria filmjeinek f\u0151 k\u00e9rd\u00e9sfeltev\u00e9sei k\u00f6z\u00f6tt megtal\u00e1lhat\u00f3ak az etnikumok probl\u00e9m\u00e1it, az identit\u00e1st, a toleranci\u00e1t \u00e9s szolidarit\u00e1st, a j\u00f3zans\u00e1got \u00e9s a hum\u00e1n \u00e9rt\u00e9kek jelent\u0151s\u00e9g\u00e9t, a b\u00e9k\u00e9t \u00e9s az egy\u00fctt\u00e9l\u00e9s sz\u00fcks\u00e9gess\u00e9g\u00e9nek fontoss\u00e1g\u00e1t feszeget\u0151 alkot\u00e1sok. A filmeket a h\u00e1rom tag\u00fa FEDEORA JURY, a kiv\u00e1l\u00f3 eur\u00f3pai filmkritikusokb\u00f3l \u00e1ll\u00f3 zs\u0171ri \u00e9rt\u00e9keli.<\/p>\n\n\n\n<figure class=\"wp-block-image size-large\"><img data-opt-id=783313927  decoding=\"async\" width=\"1024\" height=\"683\" src=\"https:\/\/mladjxeqsxgv.i.optimole.com\/cb:B3zE.b136\/w:1024\/h:683\/q:mauto\/f:best\/https:\/\/ctalker.org\/wp-content\/uploads\/2021\/07\/219596762_871895547043452_1786500045340879972_n.jpg\" alt=\"\" class=\"wp-image-1335\" srcset=\"https:\/\/mladjxeqsxgv.i.optimole.com\/cb:B3zE.b136\/w:1024\/h:683\/q:mauto\/f:best\/https:\/\/ctalker.org\/wp-content\/uploads\/2021\/07\/219596762_871895547043452_1786500045340879972_n.jpg 1024w, https:\/\/mladjxeqsxgv.i.optimole.com\/cb:B3zE.b136\/w:300\/h:200\/q:mauto\/f:best\/https:\/\/ctalker.org\/wp-content\/uploads\/2021\/07\/219596762_871895547043452_1786500045340879972_n.jpg 300w, https:\/\/mladjxeqsxgv.i.optimole.com\/cb:B3zE.b136\/w:768\/h:513\/q:mauto\/f:best\/https:\/\/ctalker.org\/wp-content\/uploads\/2021\/07\/219596762_871895547043452_1786500045340879972_n.jpg 768w, https:\/\/mladjxeqsxgv.i.optimole.com\/cb:B3zE.b136\/w:600\/h:400\/q:mauto\/f:best\/https:\/\/ctalker.org\/wp-content\/uploads\/2021\/07\/219596762_871895547043452_1786500045340879972_n.jpg 600w, https:\/\/mladjxeqsxgv.i.optimole.com\/cb:B3zE.b136\/w:930\/h:620\/q:mauto\/f:best\/https:\/\/ctalker.org\/wp-content\/uploads\/2021\/07\/219596762_871895547043452_1786500045340879972_n.jpg 930w, https:\/\/mladjxeqsxgv.i.optimole.com\/cb:B3zE.b136\/w:1440\/h:961\/q:mauto\/f:best\/https:\/\/ctalker.org\/wp-content\/uploads\/2021\/07\/219596762_871895547043452_1786500045340879972_n.jpg 1440w, https:\/\/mladjxeqsxgv.i.optimole.com\/cb:B3zE.b136\/w:1440\/h:961\/q:mauto\/f:best\/dpr:2\/https:\/\/ctalker.org\/wp-content\/uploads\/2021\/07\/219596762_871895547043452_1786500045340879972_n.jpg 2x\" sizes=\"(max-width: 1000px) 100vw, 1000px\" \/><\/figure>\n\n\n\n<p>Az EUR\u00d3PA FIATAL SZELLEME programban olyan filmszerz\u0151k mutatkozhatnak be a palicsi Abazija Mozi Ny\u00e1ri Sz\u00ednpad\u00e1n, akik k\u00fcl\u00f6nleges \u00e9s b\u00e1tor po\u00e9tik\u00e1j\u00fa filmnyelvet hoztak l\u00e9tre. Jellemz\u0151en itt l\u00e1thatunk dokumentumfilmeket, r\u00f6vidfilmeket, k\u00eds\u00e9rleti, anim\u00e1ci\u00f3s \u00e9s minden m\u00e1s elk\u00e9pzelhet\u0151 filmform\u00e1t bemutat\u00f3, \u00faj filmm\u0171v\u00e9szeti kifejez\u00e9sm\u00f3dokat keres\u0151 alkot\u00e1sokat. A kateg\u00f3ria szelektora \u00e9s visszat\u00e9r\u0151 h\u00e1zigazd\u00e1ja Neil Young filmkritikus, az elismert The Hollywood Reporter, a nagy trad\u00edci\u00f3kkal b\u00edr\u00f3 Sight &amp; Sound \u00e9s a Tribune publicist\u00e1ja.<\/p>\n\n\n\n<p>Az \u00daJ MAGYAR FILM hagyom\u00e1nyos kateg\u00f3ri\u00e1ja nagyon fontos r\u00e9sze az \u00e9vente megtartott Palicsi Eur\u00f3pai Filmfesztiv\u00e1lnak, hiszen a Szerbi\u00e1ban \u00e9l\u0151 nagysz\u00e1m\u00fa, magyar ajk\u00fa polg\u00e1rs\u00e1g filmes m\u0171vel\u0151d\u00e9s\u00e9t \u00e9s sz\u00f3rakoztat\u00e1s\u00e1t hivatott kiszolg\u00e1lni. Nem utols\u00f3sorban, a magyar filmkult\u00fara ir\u00e1nt nagy \u00e9rdekl\u0151d\u00e9s mutatkozik a szerbiai lakosok \u00e9s a hazai (szerbiai) \u00e9s nemzetk\u00f6zi filmes szakemberek k\u00f6r\u00e9ben is. A program tov\u00e1bbi jelent\u0151s\u00e9g\u00e9t gyarap\u00edtja, hogy Vajdas\u00e1gban nincs rendszeres, magyar nyelvet \u00e9s filmkult\u00far\u00e1t \u00e1pol\u00f3 filmsz\u00ednh\u00e1zi k\u00f6zszolg\u00e1ltat\u00e1s. Az ilyen jelleg\u0171 rendezv\u00e9nyek, m\u00e9g az urb\u00e1nusabb k\u00f6zegekben is t\u00falz\u00f3an szer\u00e9ny lehet\u0151s\u00e9gekkel rendelkeznek.<\/p>\n\n\n\n<figure class=\"wp-block-image size-large\"><img data-opt-id=1442306509  decoding=\"async\" width=\"1024\" height=\"683\" src=\"https:\/\/mladjxeqsxgv.i.optimole.com\/cb:B3zE.b136\/w:1024\/h:683\/q:mauto\/f:best\/https:\/\/ctalker.org\/wp-content\/uploads\/2021\/07\/219541834_186254973398577_5445539696603454168_n.jpg\" alt=\"\" class=\"wp-image-1334\" srcset=\"https:\/\/mladjxeqsxgv.i.optimole.com\/cb:B3zE.b136\/w:1024\/h:683\/q:mauto\/f:best\/https:\/\/ctalker.org\/wp-content\/uploads\/2021\/07\/219541834_186254973398577_5445539696603454168_n.jpg 1024w, https:\/\/mladjxeqsxgv.i.optimole.com\/cb:B3zE.b136\/w:300\/h:200\/q:mauto\/f:best\/https:\/\/ctalker.org\/wp-content\/uploads\/2021\/07\/219541834_186254973398577_5445539696603454168_n.jpg 300w, https:\/\/mladjxeqsxgv.i.optimole.com\/cb:B3zE.b136\/w:768\/h:512\/q:mauto\/f:best\/https:\/\/ctalker.org\/wp-content\/uploads\/2021\/07\/219541834_186254973398577_5445539696603454168_n.jpg 768w, https:\/\/mladjxeqsxgv.i.optimole.com\/cb:B3zE.b136\/w:1536\/h:1024\/q:mauto\/f:best\/https:\/\/ctalker.org\/wp-content\/uploads\/2021\/07\/219541834_186254973398577_5445539696603454168_n.jpg 1536w, https:\/\/mladjxeqsxgv.i.optimole.com\/cb:B3zE.b136\/w:600\/h:400\/q:mauto\/f:best\/https:\/\/ctalker.org\/wp-content\/uploads\/2021\/07\/219541834_186254973398577_5445539696603454168_n.jpg 600w, https:\/\/mladjxeqsxgv.i.optimole.com\/cb:B3zE.b136\/w:930\/h:620\/q:mauto\/f:best\/https:\/\/ctalker.org\/wp-content\/uploads\/2021\/07\/219541834_186254973398577_5445539696603454168_n.jpg 930w, https:\/\/mladjxeqsxgv.i.optimole.com\/cb:B3zE.b136\/w:1620\/h:1080\/q:mauto\/f:best\/https:\/\/ctalker.org\/wp-content\/uploads\/2021\/07\/219541834_186254973398577_5445539696603454168_n.jpg 2048w, https:\/\/mladjxeqsxgv.i.optimole.com\/cb:B3zE.b136\/w:1620\/h:1080\/q:mauto\/f:best\/dpr:2\/https:\/\/ctalker.org\/wp-content\/uploads\/2021\/07\/219541834_186254973398577_5445539696603454168_n.jpg 2x\" sizes=\"(max-width: 1000px) 100vw, 1000px\" \/><\/figure>\n\n\n\n<p><strong>Hat friss magyar filmalkot\u00e1st vet\u00edtenek a Palicsi Filmfesztiv\u00e1lon:<\/strong><\/p>\n\n\n\n<p>Horv\u00e1t Lili: Felk\u00e9sz\u00fcl\u00e9s meghat\u00e1rozatlan ideig tart\u00f3 egy\u00fcttl\u00e9tre c\u00edm\u0171 t\u00f6bbsz\u00f6r\u00f6sen d\u00edjazott alkot\u00e1sa azon t\u00fal, hogy a m\u00e9g ma is aktu\u00e1lis, Kelet-Eur\u00f3p\u00e1t Nyugat-Eur\u00f3p\u00e1t\u00f3l elv\u00e1laszt\u00f3 gazdas\u00e1gi k\u00fcl\u00f6nbs\u00e9gek keleti kulissz\u00e1i k\u00f6z\u00f6tt j\u00e1tsz\u00f3dik, bemutatja egy szerelmet tal\u00e1l\u00f3 negyvenes n\u0151 val\u00f3s\u00e1g \u00e9s k\u00e9pzelet hat\u00e1r\u00e1n j\u00e1tsz\u00f3d\u00f3 testi-lelki k\u00e1lv\u00e1ri\u00e1j\u00e1t.<\/p>\n\n\n\n<p>Hasonl\u00f3 t\u00e9m\u00e1t feszeget Lakos N\u00f3ra j\u00e1t\u00e9kfilmje, a Hab c\u00edm\u0171 retro hangulatot \u00e1raszt\u00f3, romantikus v\u00edgj\u00e1t\u00e9k. Itt egy szenved\u00e9lyes, mindenre elsz\u00e1nt cukr\u00e1szl\u00e1ny igyekszik sikeress\u00e9 tenni \u00fczlet\u00e9t, mik\u00f6zben a szerelem is meg\u00e9rinti. \u00c9s ahogy lenni szokott egy f\u00e9lre\u00e9rt\u00e9sekre \u00e9s helyzetkomikumra \u00e9p\u00edt\u0151 habk\u00f6nny\u0171 sitcom eset\u00e9ben, h\u0151sn\u0151nk k\u00fcl\u00f6nb\u00f6z\u0151 kacagtat\u00f3 szitu\u00e1ci\u00f3kba keveredik.<\/p>\n\n\n\n<p>Goth\u00e1r P\u00e9ter: H\u00e9t kis v\u00e9letlen c\u00edm\u0171 vigj\u00e1t\u00e9k-filmdr\u00e1m\u00e1j\u00e1nak szint\u00e9n egy k\u00f6z\u00e9pkori \u00e9veinek elej\u00e9n j\u00e1r\u00f3, v\u00e1ls\u00e1gba ker\u00fclt n\u0151 a k\u00f6zponti figur\u00e1ja. A groteszk helyzeteket felvonultat\u00f3 realista sz\u00ednezet\u0171 film egy budapesti csal\u00e1d k\u00fcl\u00f6n\u00f6s h\u00e9tk\u00f6znapjait k\u00f6veti nyomon.<\/p>\n\n\n\n<p>A fesztiv\u00e1lon l\u00e1that\u00f3 lesz a Post Mortem c\u00edm\u0171 horrorfilm is, ahol a t\u00f6rt\u00e9net az els\u0151 vil\u00e1gh\u00e1bor\u00fat k\u00f6vet\u0151 spanyoln\u00e1tha j\u00e1rv\u00e1ny ut\u00e1n j\u00e1tsz\u00f3dik. Az ink\u00e1bb B kateg\u00f3ri\u00e1sra sikeredett, alapvet\u0151en szer\u00e9nyen kidolgozott horror, korrekt\u00fcl felvonultatja a zs\u00e1ner speci\u00e1lis tr\u00fckkjeit \u00e9s t\u00falcsavart hangeffektjeit. A r\u00e9mesre sikeredett k\u00eds\u00e9rtethist\u00f3ria f\u0151h\u0151sei Tom\u00e1s, a halottakat fot\u00f3z\u00f3 f\u00e9nyk\u00e9p\u00e9sz \u00e9s egy rejt\u00e9lyes kisl\u00e1ny.<\/p>\n\n\n\n<p>Szab\u00f3 Gy\u0151z\u0151 sz\u00edn\u00e9sz \u00f6n\u00e9letrajzi k\u00f6nyv\u00e9n alapul a Toxikoma c\u00edm\u0171 alkot\u00e1s. A drogf\u00fcgg\u0151 beteg \u00e9s pszichol\u00f3gus\u00e1nak ego harc\u00e1t hitelesen bemutat\u00f3 k\u00f6nyv megjelen\u00e9se ut\u00e1n, k\u00edv\u00e1ncsian v\u00e1rhatjuk Herendi G\u00e1bor rendez\u0151 k\u00f6z\u00f6ns\u00e9gfilmre adapt\u00e1lt verzi\u00f3j\u00e1t.<\/p>\n\n\n\n<p>Varsics P\u00e9ter els\u0151 mozifilmje, az \u00cdgy vagy t\u00f6k\u00e9letes szint\u00e9n egy romantikus kom\u00e9dia, amely egy ki\u00e9gett sznob \u00edr\u00f3 \u00e9s egy spiritu\u00e1lis bestseller reg\u00e9ny talpraesett \u00edr\u00f3n\u0151je k\u00f6z\u00f6tt sz\u00f6v\u0151d\u0151 rom\u00e1nc t\u00f6rt\u00e9net\u00e9t j\u00e1ratja magas fordulatsz\u00e1mon. A vajdas\u00e1gi k\u00f6z\u00f6ns\u00e9g sz\u00e1m\u00e1ra az\u00e9rt is lehet \u00e9rdekes ez az alkot\u00e1s, mert a film f\u0151szerepl\u0151je az a B\u00e9res M\u00e1rta, aki n\u00e9h\u00e1ny \u00e9vvel ezel\u0151tt, m\u00e9g akt\u00edv tagja volt a szabadkai Kosztol\u00e1nyi Dezs\u0151 Sz\u00ednh\u00e1znak.<\/p>\n\n\n\n<p>A MOZI F\u00d3KUSZBAN program bemutatja Eur\u00f3pa legfontosabb \u00e9s leg\u00e9rdekesebb filmprodukci\u00f3it. A vet\u00edt\u00e9ssorozat 2012-\u00f3ta, \u00e9vr\u0151l \u00e9vre az ut\u00f3bbi \u00e9vtizedek nemzeti filmgy\u00e1rt\u00e1s\u00e1t veszi g\u00f3rcs\u0151 al\u00e1. Minden \u00e9vben k\u00fcl\u00f6nb\u00f6z\u0151 eur\u00f3pai orsz\u00e1gok, jellemz\u0151en k\u00f6zelm\u00faltban k\u00e9sz\u00edtett filmalkot\u00e1sainak reprezent\u00e1nsaib\u00f3l v\u00e1logat. A Filmfesztiv\u00e1l ezid\u00e1ig Sv\u00e9dorsz\u00e1g, Belgium, Norv\u00e9gia, Finnorsz\u00e1g, Ausztria, Izrael, Oroszorsz\u00e1g, Csehorsz\u00e1g, Lengyelorsz\u00e1g, T\u00f6r\u00f6korsz\u00e1g, Gr\u00fazia, Szlov\u00e1kia, G\u00f6r\u00f6gorsz\u00e1g \u00e9s Bulg\u00e1ria mozijait mutatta be.<\/p>\n\n\n\n<p>ECO DOX dokumentumfilmjeinek t\u00f6rt\u00e9netei 2008-\u00f3ta, rendre olyan mili\u0151ben j\u00e1tsz\u00f3dnak, amelyek az emberek \u00e1ltal befoly\u00e1solt vagy t\u00f6nkretett term\u00e9szeti vil\u00e1gokat t\u00e1rj\u00e1k el\u00e9nk \u00e9s F\u00f6ld\u00fcnk \u00f6kol\u00f3giai, k\u00f6rnyezetv\u00e9delmi \u00e1llapot\u00e1r\u00f3l tan\u00faskodnak. Ezek a s\u00falyosan v\u00e1ls\u00e1gos k\u00f6rnyezeti helyzeteket bemutat\u00f3 \u00e9s az emberi mulaszt\u00e1s t\u00e9nyeit j\u00f3zanul szeml\u00e9l\u0151, \u0151szinte filmek rendszerint reflexi\u00f3ra \u00e9s cselekv\u00e9sre buzd\u00edtanak. Innovat\u00edv, tudatos \u00e9s kompromisszum k\u00e9sz megold\u00e1sokat keresnek \u00e9s k\u00edn\u00e1lnak az emberi faj \u00e9s a term\u00e9szet k\u00f6z\u00f6tti b\u00e9ke \u00e9rdek\u00e9ben. Id\u00e9n h\u00e9t \u00f6kol\u00f3giai t\u00e9m\u00e1j\u00fa filmet l\u00e1that a k\u00f6z\u00f6ns\u00e9g. A vet\u00edt\u00e9seket izgalmas besz\u00e9lget\u00e9sek \u00e9s tudom\u00e1nyos konferencia k\u00f6veti.<\/p>\n\n\n\n<figure class=\"wp-block-image size-large\"><img data-opt-id=1064702846  loading=\"lazy\" decoding=\"async\" width=\"1024\" height=\"620\" src=\"https:\/\/mladjxeqsxgv.i.optimole.com\/cb:B3zE.b136\/w:1024\/h:620\/q:mauto\/f:best\/https:\/\/ctalker.org\/wp-content\/uploads\/2021\/07\/220708070_325267849296979_8981907076701038569_n.jpg\" alt=\"\" class=\"wp-image-1336\" srcset=\"https:\/\/mladjxeqsxgv.i.optimole.com\/cb:B3zE.b136\/w:1024\/h:620\/q:mauto\/f:best\/https:\/\/ctalker.org\/wp-content\/uploads\/2021\/07\/220708070_325267849296979_8981907076701038569_n.jpg 1024w, https:\/\/mladjxeqsxgv.i.optimole.com\/cb:B3zE.b136\/w:300\/h:181\/q:mauto\/f:best\/https:\/\/ctalker.org\/wp-content\/uploads\/2021\/07\/220708070_325267849296979_8981907076701038569_n.jpg 300w, https:\/\/mladjxeqsxgv.i.optimole.com\/cb:B3zE.b136\/w:768\/h:465\/q:mauto\/f:best\/https:\/\/ctalker.org\/wp-content\/uploads\/2021\/07\/220708070_325267849296979_8981907076701038569_n.jpg 768w, https:\/\/mladjxeqsxgv.i.optimole.com\/cb:B3zE.b136\/w:1536\/h:929\/q:mauto\/f:best\/https:\/\/ctalker.org\/wp-content\/uploads\/2021\/07\/220708070_325267849296979_8981907076701038569_n.jpg 1536w, https:\/\/mladjxeqsxgv.i.optimole.com\/cb:B3zE.b136\/w:1785\/h:1080\/q:mauto\/f:best\/https:\/\/ctalker.org\/wp-content\/uploads\/2021\/07\/220708070_325267849296979_8981907076701038569_n.jpg 2048w, https:\/\/mladjxeqsxgv.i.optimole.com\/cb:B3zE.b136\/w:1785\/h:1080\/q:mauto\/f:best\/dpr:2\/https:\/\/ctalker.org\/wp-content\/uploads\/2021\/07\/220708070_325267849296979_8981907076701038569_n.jpg 2x\" sizes=\"(max-width: 1000px) 100vw, 1000px\" \/><\/figure>\n\n\n\n<p>Az \u00daJ EUR\u00d3PAI DOKUMENTUMFILMEK, 2019-ben l\u00e9trehozott szekci\u00f3ja \u00f6t m\u0171vet \u00f6lelt fel Eur\u00f3p\u00e1b\u00f3l, melyeket szint\u00e9n Igor Toholj, az \u00f6kol\u00f3giai dokumentumfilmek koordin\u00e1tora szelekt\u00e1lt. Ez a fejl\u0151d\u0151k\u00e9pes \u00e9s divatos filmblokk, olyan eg\u00e9sz est\u00e9s dokumentumfilmeket \u00e9rt\u00e9kel, melyekben jelent\u0151s a t\u00e9ma, a megk\u00f6zel\u00edt\u00e9s \u00e9s\/vagy kifejez\u00e9sm\u00f3d filmes hat\u00e1sa.<\/p>\n\n\n\n<p>A Filmfesztiv\u00e1l szervez\u0151i el\u0151sz\u00f6r id\u00e9n h\u00edvt\u00e1k \u00e9letre a MIOB (\u201cMoving Images Open Borders\u201d) workshopot bloggerek, vloggerek \u00e9s influencerek sz\u00e1m\u00e1ra. A EFF Palics (palicfilmfestival.com) ily m\u00f3don igyekszik k\u00f6vetni a modern trendeket, mik\u00f6zben megsz\u00f3l\u00edtja a fiatal k\u00f6z\u00f6ns\u00e9get is.<\/p>\n\n\n\n<p><em><strong>Sz\u00e1sz Csongor<\/strong><\/em><\/p>\n","protected":false},"excerpt":{"rendered":"<p>Az \u00daJ MAGYAR FILM hagyom\u00e1nyos kateg\u00f3ri\u00e1ja nagyon fontos r\u00e9sze az \u00e9vente megtartott Palicsi Eur\u00f3pai Filmfesztiv\u00e1lnak, hiszen a Szerbi\u00e1ban \u00e9l\u0151 nagysz\u00e1m\u00fa, magyar ajk\u00fa polg\u00e1rs\u00e1g filmes m\u0171vel\u0151d\u00e9s\u00e9t \u00e9s sz\u00f3rakoztat\u00e1s\u00e1t hivatott kiszolg\u00e1lni. Nem utols\u00f3sorban, a magyar filmkult\u00fara ir\u00e1nt nagy \u00e9rdekl\u0151d\u00e9s mutatkozik a szerbiai lakosok \u00e9s a hazai (szerbiai) \u00e9s nemzetk\u00f6zi filmes szakemberek k\u00f6r\u00e9ben is. A program tov\u00e1bbi jelent\u0151s\u00e9g\u00e9t gyarap\u00edtja, hogy Vajdas\u00e1gban nincs rendszeres, magyar nyelvet \u00e9s filmkult\u00far\u00e1t \u00e1pol\u00f3 filmsz\u00ednh\u00e1zi k\u00f6zszolg\u00e1ltat\u00e1s. Az ilyen jelleg\u0171 rendezv\u00e9nyek, m\u00e9g az urb\u00e1nusabb k\u00f6zegekben is t\u00falz\u00f3an szer\u00e9ny lehet\u0151s\u00e9gekkel rendelkeznek.<\/p>\n","protected":false},"author":1,"featured_media":1337,"comment_status":"open","ping_status":"closed","sticky":false,"template":"","format":"standard","meta":{"rop_custom_images_group":[],"rop_custom_messages_group":[],"rop_publish_now":"initial","rop_publish_now_accounts":[],"rop_publish_now_history":[],"rop_publish_now_status":"pending","_themeisle_gutenberg_block_has_review":false,"footnotes":""},"categories":[1],"tags":[],"class_list":["post-1333","post","type-post","status-publish","format-standard","has-post-thumbnail","hentry","category-uncategorized"],"featured_image_src":"https:\/\/mladjxeqsxgv.i.optimole.com\/cb:B3zE.b136\/w:auto\/h:auto\/q:mauto\/f:best\/https:\/\/ctalker.org\/wp-content\/uploads\/2021\/07\/222134402_215002467296192_7364351261342207950_n.jpg","featured_image_src_square":"https:\/\/mladjxeqsxgv.i.optimole.com\/cb:B3zE.b136\/w:auto\/h:auto\/q:mauto\/f:best\/https:\/\/ctalker.org\/wp-content\/uploads\/2021\/07\/222134402_215002467296192_7364351261342207950_n.jpg","author_info":{"display_name":"kriszti\u0430n","author_link":"https:\/\/ctalker.org\/rs\/author\/krs\/"},"_links":{"self":[{"href":"https:\/\/ctalker.org\/rs\/wp-json\/wp\/v2\/posts\/1333","targetHints":{"allow":["GET"]}}],"collection":[{"href":"https:\/\/ctalker.org\/rs\/wp-json\/wp\/v2\/posts"}],"about":[{"href":"https:\/\/ctalker.org\/rs\/wp-json\/wp\/v2\/types\/post"}],"author":[{"embeddable":true,"href":"https:\/\/ctalker.org\/rs\/wp-json\/wp\/v2\/users\/1"}],"replies":[{"embeddable":true,"href":"https:\/\/ctalker.org\/rs\/wp-json\/wp\/v2\/comments?post=1333"}],"version-history":[{"count":2,"href":"https:\/\/ctalker.org\/rs\/wp-json\/wp\/v2\/posts\/1333\/revisions"}],"predecessor-version":[{"id":1341,"href":"https:\/\/ctalker.org\/rs\/wp-json\/wp\/v2\/posts\/1333\/revisions\/1341"}],"wp:featuredmedia":[{"embeddable":true,"href":"https:\/\/ctalker.org\/rs\/wp-json\/wp\/v2\/media\/1337"}],"wp:attachment":[{"href":"https:\/\/ctalker.org\/rs\/wp-json\/wp\/v2\/media?parent=1333"}],"wp:term":[{"taxonomy":"category","embeddable":true,"href":"https:\/\/ctalker.org\/rs\/wp-json\/wp\/v2\/categories?post=1333"},{"taxonomy":"post_tag","embeddable":true,"href":"https:\/\/ctalker.org\/rs\/wp-json\/wp\/v2\/tags?post=1333"}],"curies":[{"name":"wp","href":"https:\/\/api.w.org\/{rel}","templated":true}]}}