{"id":1222,"date":"2021-06-15T15:58:45","date_gmt":"2021-06-15T14:58:45","guid":{"rendered":"https:\/\/ctalker.org\/?p=1222"},"modified":"2021-06-15T16:03:51","modified_gmt":"2021-06-15T15:03:51","slug":"fodijat-kapott-a-muskatli-a-vajdasag-viragai","status":"publish","type":"post","link":"https:\/\/ctalker.org\/rs\/2021\/06\/15\/fodijat-kapott-a-muskatli-a-vajdasag-viragai\/","title":{"rendered":"F\u0151d\u00edjat kapott a Musk\u00e1tli, a Vajdas\u00e1g vir\u00e1gai!"},"content":{"rendered":"\n<p>A szerbiai Dok&#8217;n&#8217;Ritam fesztiv\u00e1l szakmai zs\u0171rije 2021-ben a legjobb filmnek j\u00e1r\u00f3 d\u00edjjal jutalmazta Sz\u00e1sz Csongor rendez\u0151 \u201eMusk\u00e1tli, a Vajdas\u00e1g vir\u00e1gai\u201d c\u00edm\u0171 filmj\u00e9t. Az \u00fajbelgr\u00e1di egyetemv\u00e1ros helysz\u00ednein, hatodik alkalommal megrendezett zenei dokumentumfilm fesztiv\u00e1lon megjelent a szabadkai Ctalker egyes\u00fclet filmet k\u00e9sz\u00edt\u0151 csapat\u00e1nak t\u00f6bb tagja is: Tak\u00e1cs Tibor hangv\u00e1g\u00f3, Petar Mitri\u0107 producer \u00e9s a d\u00edjat \u00e1tvev\u0151 Sz\u00e1sz Csongor.<\/p>\n\n\n\n<figure class=\"wp-block-image size-large\"><img data-opt-id=1690817883  fetchpriority=\"high\" decoding=\"async\" width=\"1024\" height=\"768\" src=\"https:\/\/mladjxeqsxgv.i.optimole.com\/cb:B3zE.b136\/w:1024\/h:768\/q:mauto\/f:best\/https:\/\/ctalker.org\/wp-content\/uploads\/2021\/06\/sesto-cul-plaket.jpg\" alt=\"\" class=\"wp-image-1226\" srcset=\"https:\/\/mladjxeqsxgv.i.optimole.com\/cb:B3zE.b136\/w:1024\/h:768\/q:mauto\/f:best\/https:\/\/ctalker.org\/wp-content\/uploads\/2021\/06\/sesto-cul-plaket-scaled.jpg 1024w, https:\/\/mladjxeqsxgv.i.optimole.com\/cb:B3zE.b136\/w:300\/h:225\/q:mauto\/f:best\/https:\/\/ctalker.org\/wp-content\/uploads\/2021\/06\/sesto-cul-plaket-scaled.jpg 300w, https:\/\/mladjxeqsxgv.i.optimole.com\/cb:B3zE.b136\/w:768\/h:576\/q:mauto\/f:best\/https:\/\/ctalker.org\/wp-content\/uploads\/2021\/06\/sesto-cul-plaket-scaled.jpg 768w, https:\/\/mladjxeqsxgv.i.optimole.com\/cb:B3zE.b136\/w:1440\/h:1080\/q:mauto\/f:best\/https:\/\/ctalker.org\/wp-content\/uploads\/2021\/06\/sesto-cul-plaket-scaled.jpg 1536w, https:\/\/mladjxeqsxgv.i.optimole.com\/cb:B3zE.b136\/w:1440\/h:1080\/q:mauto\/f:best\/https:\/\/ctalker.org\/wp-content\/uploads\/2021\/06\/sesto-cul-plaket-scaled.jpg 2048w, https:\/\/mladjxeqsxgv.i.optimole.com\/cb:B3zE.b136\/w:1440\/h:1080\/q:mauto\/f:best\/dpr:2\/https:\/\/ctalker.org\/wp-content\/uploads\/2021\/06\/sesto-cul-plaket-scaled.jpg 2x\" sizes=\"(max-width: 1000px) 100vw, 1000px\" \/><\/figure>\n\n\n\n<p>A zen\u00e9s dokumentumfilm t\u00e9m\u00e1j\u00e1nak k\u00f6z\u00e9ppontj\u00e1ban az 1980-as \u00e9vekben kivir\u00e1gz\u00f3 vajdas\u00e1gi eredet\u0171 lakodalmas rock vagy Musk\u00e1tli zene k\u00f6z\u00f6ss\u00e9gi \u00e9s kultur\u00e1lis jelens\u00e9ge \u00e1ll. A film a jelenben forgatott interj\u00fak \u00e9s koncert r\u00e9szletek r\u00e9v\u00e9n, a zenei ir\u00e1nyzat m\u00e1ig hat\u00f3 sikereinek titk\u00e1hoz viszi k\u00f6zelebb a n\u00e9z\u0151t, aki a mozi\u00e9lm\u00e9ny befogad\u00e1sa k\u00f6zben \u00fajra \u00e1t\u00e9lheti Jugoszl\u00e1via aranykor\u00e1nak idej\u00e9t. A hi\u00e1nyp\u00f3tl\u00f3 filmm\u0171v\u00e9szeti alkot\u00e1s t\u00f6bbek k\u00f6z\u00f6tt hozz\u00e1j\u00e1rul az itt \u00e9l\u0151k kultur\u00e1lis ig\u00e9nyeinek \u00e1pol\u00e1s\u00e1hoz, k\u00f6z\u00e9rzet\u00e9nek jav\u00edt\u00e1s\u00e1hoz, lelki der\u0171j\u00e9nek megszil\u00e1rdul\u00e1s\u00e1hoz, a Musk\u00e1tli zenei jelens\u00e9g \u00fajra\u00e9rtelmez\u00e9s\u00e9hez, v\u00e9gs\u0151 soron a sz\u00fcl\u0151f\u00f6ld\u00f6n val\u00f3 boldogul\u00e1s el\u0151mozd\u00edt\u00e1s\u00e1hoz.<\/p>\n","protected":false},"excerpt":{"rendered":"<p>A szerbiai Dok&#8217;n&#8217;Ritam fesztiv\u00e1l szakmai zs\u0171rije 2021-ben a legjobb filmnek j\u00e1r\u00f3 d\u00edjjal jutalmazta Sz\u00e1sz Csongor rendez\u0151 \u201eMusk\u00e1tli, a Vajdas\u00e1g vir\u00e1gai\u201d c\u00edm\u0171 filmj\u00e9t. Az \u00fajbelgr\u00e1di egyetemv\u00e1ros helysz\u00ednein, hatodik alkalommal megrendezett zenei dokumentumfilm fesztiv\u00e1lon megjelent a&#46;&#46;&#46;<\/p>\n","protected":false},"author":1,"featured_media":1224,"comment_status":"open","ping_status":"closed","sticky":false,"template":"","format":"standard","meta":{"rop_custom_images_group":[],"rop_custom_messages_group":[],"rop_publish_now":"initial","rop_publish_now_accounts":[],"rop_publish_now_history":[],"rop_publish_now_status":"pending","_themeisle_gutenberg_block_has_review":false,"footnotes":""},"categories":[1],"tags":[],"class_list":["post-1222","post","type-post","status-publish","format-standard","has-post-thumbnail","hentry","category-uncategorized"],"featured_image_src":"https:\/\/mladjxeqsxgv.i.optimole.com\/cb:B3zE.b136\/w:auto\/h:auto\/q:mauto\/f:best\/https:\/\/ctalker.org\/wp-content\/uploads\/2021\/06\/dijatadas-1.jpg","featured_image_src_square":"https:\/\/mladjxeqsxgv.i.optimole.com\/cb:B3zE.b136\/w:auto\/h:auto\/q:mauto\/f:best\/https:\/\/ctalker.org\/wp-content\/uploads\/2021\/06\/dijatadas-1.jpg","author_info":{"display_name":"kriszti\u0430n","author_link":"https:\/\/ctalker.org\/rs\/author\/krs\/"},"_links":{"self":[{"href":"https:\/\/ctalker.org\/rs\/wp-json\/wp\/v2\/posts\/1222","targetHints":{"allow":["GET"]}}],"collection":[{"href":"https:\/\/ctalker.org\/rs\/wp-json\/wp\/v2\/posts"}],"about":[{"href":"https:\/\/ctalker.org\/rs\/wp-json\/wp\/v2\/types\/post"}],"author":[{"embeddable":true,"href":"https:\/\/ctalker.org\/rs\/wp-json\/wp\/v2\/users\/1"}],"replies":[{"embeddable":true,"href":"https:\/\/ctalker.org\/rs\/wp-json\/wp\/v2\/comments?post=1222"}],"version-history":[{"count":3,"href":"https:\/\/ctalker.org\/rs\/wp-json\/wp\/v2\/posts\/1222\/revisions"}],"predecessor-version":[{"id":1228,"href":"https:\/\/ctalker.org\/rs\/wp-json\/wp\/v2\/posts\/1222\/revisions\/1228"}],"wp:featuredmedia":[{"embeddable":true,"href":"https:\/\/ctalker.org\/rs\/wp-json\/wp\/v2\/media\/1224"}],"wp:attachment":[{"href":"https:\/\/ctalker.org\/rs\/wp-json\/wp\/v2\/media?parent=1222"}],"wp:term":[{"taxonomy":"category","embeddable":true,"href":"https:\/\/ctalker.org\/rs\/wp-json\/wp\/v2\/categories?post=1222"},{"taxonomy":"post_tag","embeddable":true,"href":"https:\/\/ctalker.org\/rs\/wp-json\/wp\/v2\/tags?post=1222"}],"curies":[{"name":"wp","href":"https:\/\/api.w.org\/{rel}","templated":true}]}}