{"id":86,"date":"2020-01-13T11:13:21","date_gmt":"2020-01-13T11:13:21","guid":{"rendered":"https:\/\/demosites.io\/web-agency\/?p=8"},"modified":"2021-03-20T15:14:30","modified_gmt":"2021-03-20T14:14:30","slug":"web-design-trends-for-2020","status":"publish","type":"post","link":"https:\/\/ctalker.org\/en\/2020\/01\/13\/web-design-trends-for-2020\/","title":{"rendered":"FELH\u00cdV\u00c1S: Instrument\u00e1lis zene gyerekeknek"},"content":{"rendered":"\n<h2 class=\"wp-block-heading\"><\/h2>\n\n\n\n<p>Kompon\u00e1lj\u00e1tok meg \u00e9s k\u00e9sz\u00edtsetek felv\u00e9telt gyerekeknek sz\u00e1nt instrument\u00e1lis (hangszeres) szerzem\u00e9nyr\u0151l, mindenf\u00e9le m\u0171faji \u00e9s dallamb\u00e9li behat\u00e1rol\u00e1sok n\u00e9lk\u00fcl: vid\u00e1m, szomor\u00fa, komoly, k\u00eds\u00e9rleti, akusztikus vagy elektronikus, a hangot is haszn\u00e1lhatj\u00e1k hangszerk\u00e9nt\u2026A szavakhoz nem k\u00f6t\u0151d\u0151 zenem\u0171vek kompon\u00e1l\u00e1s\u00e1val megnyitjuk a k\u00e9pzelet ter\u00e9t \u00e9s arra \u00f6szt\u00f6k\u00e9lj\u00fck a gyerekeket, hogy saj\u00e1t fej\u00fckben olyan egyedi vil\u00e1gokat alkossanak, amelyek nincsenek sem verb\u00e1lis, sem vizu\u00e1lis korl\u00e1tok k\u00f6z\u00e9 behat\u00e1rolva. Az emberi hang \u00e9s a verb\u00e1lis jelent\u00e9s n\u00e9lk\u00fcli zen\u00e9re f\u00f3kusz\u00e1lva a gyerekeket arra tan\u00edtjuk, hogyan tudj\u00e1k akt\u00edvan hallgatni \u00e9s meg\u00e9lni a zen\u00e9t, annak letisztult form\u00e1j\u00e1ban az \u00e1t\u00e9l\u00e9s t\u00e1g lehet\u0151s\u00e9geivel \u00e9s a zene nyelv\u00e9nek meg\u00e9rt\u00e9s\u00e9vel.A Fono \u00e9s Sz\u00f3fia lesz az a m\u0171sor a Plac R\u00e1di\u00f3n (<a href=\"http:\/\/ckplac.org\/hu?fbclid=IwAR2oAKm6OORdtmeKQgE8ZjKyqQrYQ4EJXMh1hto_IPxfK7R0BSzDHc7pfu0\" rel=\"noreferrer noopener\" target=\"_blank\">ckplac.org\/hu<\/a>), amelyben az e felh\u00edv\u00e1sra \u00e9rkezett kompoz\u00edci\u00f3kat sug\u00e1rozzuk, egyben az orsz\u00e1g els\u0151, gyerekeknek sz\u00e1nt eredeti, szerz\u0151i, instrument\u00e1lis zenei v\u00e1logat\u00e1sa.<br>Alkot\u00e1saitokat a klarairosa@gmail.com e-mail-c\u00edmre k\u00fcldj\u00e9tek, a k\u00f6vetkez\u0151 adatok k\u00eds\u00e9ret\u00e9ben: a szerz\u0151 neve, a kompoz\u00edci\u00f3 c\u00edme, el\u0151ad\u00f3k, megsz\u00f3laltatott hangszerek \u00e9s vizu\u00e1lis mell\u00e9klet (szerz\u0151 f\u00e9nyk\u00e9pe, k\u00e9pz\u0151m\u0171v\u00e9szeti alkot\u00e1s, illusztr\u00e1ci\u00f3 \u00e9s hasonl\u00f3k), amely nem k\u00e9pezheti m\u00e1s szerz\u0151 tulajdon\u00e1t, hacsak a szerz\u0151 nem enged\u00e9lyezte a haszn\u00e1lat\u00e1t. Minden egy\u00e9b inform\u00e1ci\u00f3t is \u00f6r\u00f6mmel vesz\u00fcnk. A bek\u00fcld\u00e9s hat\u00e1rideje: 2021. \u00e1prilis 12.<br>\u2026\u2026\u2026\u2026\u2026\u2026.<br>Ez a felh\u00edv\u00e1s a K\u00f6z\u00f6ss\u00e9g hangja projekt r\u00e9sze, amelyet a szabadkai Klara \u00e9s Rosa Polg\u00e1ri Egyes\u00fclet szervez a Nemzeti Koal\u00edci\u00f3 a Decentraliz\u00e1ci\u00f3\u00e9rt, a 484 Csoport \u00e9s a Jelena \u0160anti\u0107 Alap\u00edtv\u00e1ny t\u00e1mogat\u00e1s\u00e1val az EU za tebe (EU Neked) program ment\u00e9n.A Plac R\u00e1di\u00f3 a szabadkai Kort\u00e1rs Kultur\u00e1lis \u00e9s M\u0171v\u00e9szeti K\u00f6zpont m\u0171v\u00e9szeti r\u00e1di\u00f3s projektuma. A kiz\u00e1r\u00f3lag m\u00e9g nem megjelentetett, amat\u0151r \u00e9s szabad zenei k\u00edn\u00e1lat mellett a r\u00e1di\u00f3 a k\u00f6z\u00f6ss\u00e9gben \u00e9l\u0151k mindennapjainak r\u00e1di\u00f3f\u00f3n k\u00f6vet\u00e9s\u00e9re koncentr\u00e1l. A Kort\u00e1rs Kultur\u00e1lis \u00e9s M\u0171v\u00e9szeti K\u00f6zpont r\u00e9szek\u00e9nt a Plac R\u00e1di\u00f3 \u00e1lland\u00f3 jelleggel besz\u00e1mol majd a szabadkai \u00e9s k\u00f6rny\u00e9kbeli m\u0171v\u00e9szeti egyes\u00fcletek \u00e9s \u00f6n\u00e1ll\u00f3 m\u0171v\u00e9szek aktu\u00e1lis t\u00e9nyked\u00e9seir\u0151l, valamint a r\u00e1di\u00f3 \u00fajragodolt szerep\u00e9nek \u2013 a r\u00e1di\u00f3 mint alkot\u00f3i m\u00e9dium \u2013 is egyre t\u00f6bb teret ad majd.<a href=\"https:\/\/www.facebook.com\/hashtag\/%D0%B5%D1%83%D0%B7%D0%B0%D1%82%D0%B5%D0%B1%D0%B5?__eep__=6&amp;__cft__[0]=AZWaJ8xPYS5AHKcEDejs0GpZ8npFRwsjM5H8lo84j0yCtYEhXiBBSvjx0qQerfi6sdFJMA4Qv_sVMQoGfE8scpJqaesHBfltAfw73beZa9ZQrY4z0WTG5O-XwsyJfRHgOoA&amp;__tn__=q\">#\u0415\u0423\u0437\u0430\u0422\u0415\u0411\u0415<\/a><br>A projektet az Eur\u00f3pai Uni\u00f3 finansz\u00edrozza.<br>Ennek az oldalnak a l\u00e9trej\u00f6tte \u00e9s fenntart\u00e1sa az Eur\u00f3pai Uni\u00f3 anyagi t\u00e1mogat\u00e1s\u00e1val val\u00f3sul meg. Tartalm\u00e1\u00e9rt kiz\u00e1r\u00f3lag a projektben szerz\u0151d\u0151 f\u00e9lk\u00e9nt szerepl\u0151 Klara \u00e9s Rosa PE felel, \u00e9s a sz\u00f3ban forg\u00f3 tartalom nem felt\u00e9tlen\u00fcl az Eur\u00f3pai Uni\u00f3 \u00e1ll\u00e1spontj\u00e1t t\u00fckr\u00f6zi, \u00a9 2019. Glas Zajednice<\/p>\n\n\n\n<p><\/p>\n\n\n\n<h2 class=\"wp-block-heading\"><\/h2>\n\n\n\n<p><\/p>\n\n\n\n<h2 class=\"wp-block-heading\"><\/h2>\n\n\n\n<p><\/p>\n","protected":false},"excerpt":{"rendered":"<p>Kompon\u00e1lj\u00e1tok meg \u00e9s k\u00e9sz\u00edtsetek felv\u00e9telt gyerekeknek sz\u00e1nt instrument\u00e1lis (hangszeres) szerzem\u00e9nyr\u0151l, mindenf\u00e9le m\u0171faji \u00e9s dallamb\u00e9li behat\u00e1rol\u00e1sok n\u00e9lk\u00fcl: vid\u00e1m, szomor\u00fa, komoly, k\u00eds\u00e9rleti, akusztikus vagy elektronikus, a hangot is haszn\u00e1lhatj\u00e1k hangszerk\u00e9nt\u2026A szavakhoz nem k\u00f6t\u0151d\u0151 zenem\u0171vek kompon\u00e1l\u00e1s\u00e1val megnyitjuk&#46;&#46;&#46;<\/p>\n","protected":false},"author":1,"featured_media":982,"comment_status":"closed","ping_status":"closed","sticky":false,"template":"","format":"standard","meta":{"rop_custom_images_group":[],"rop_custom_messages_group":[],"rop_publish_now":"initial","rop_publish_now_accounts":[],"rop_publish_now_history":[],"rop_publish_now_status":"pending","_themeisle_gutenberg_block_has_review":false,"footnotes":""},"categories":[1],"tags":[],"class_list":["post-86","post","type-post","status-publish","format-standard","has-post-thumbnail","hentry","category-uncategorized"],"featured_image_src":"https:\/\/mladjxeqsxgv.i.optimole.com\/cb:B3zE.b136\/w:auto\/h:auto\/q:mauto\/f:best\/https:\/\/ctalker.org\/wp-content\/uploads\/2020\/01\/156497004_2850530448568207_6651561021175135107_o.jpg","featured_image_src_square":"https:\/\/mladjxeqsxgv.i.optimole.com\/cb:B3zE.b136\/w:auto\/h:auto\/q:mauto\/f:best\/https:\/\/ctalker.org\/wp-content\/uploads\/2020\/01\/156497004_2850530448568207_6651561021175135107_o.jpg","author_info":{"display_name":"kriszti\u0430n","author_link":"https:\/\/ctalker.org\/en\/author\/krs\/"},"_links":{"self":[{"href":"https:\/\/ctalker.org\/en\/wp-json\/wp\/v2\/posts\/86","targetHints":{"allow":["GET"]}}],"collection":[{"href":"https:\/\/ctalker.org\/en\/wp-json\/wp\/v2\/posts"}],"about":[{"href":"https:\/\/ctalker.org\/en\/wp-json\/wp\/v2\/types\/post"}],"author":[{"embeddable":true,"href":"https:\/\/ctalker.org\/en\/wp-json\/wp\/v2\/users\/1"}],"replies":[{"embeddable":true,"href":"https:\/\/ctalker.org\/en\/wp-json\/wp\/v2\/comments?post=86"}],"version-history":[{"count":4,"href":"https:\/\/ctalker.org\/en\/wp-json\/wp\/v2\/posts\/86\/revisions"}],"predecessor-version":[{"id":984,"href":"https:\/\/ctalker.org\/en\/wp-json\/wp\/v2\/posts\/86\/revisions\/984"}],"wp:featuredmedia":[{"embeddable":true,"href":"https:\/\/ctalker.org\/en\/wp-json\/wp\/v2\/media\/982"}],"wp:attachment":[{"href":"https:\/\/ctalker.org\/en\/wp-json\/wp\/v2\/media?parent=86"}],"wp:term":[{"taxonomy":"category","embeddable":true,"href":"https:\/\/ctalker.org\/en\/wp-json\/wp\/v2\/categories?post=86"},{"taxonomy":"post_tag","embeddable":true,"href":"https:\/\/ctalker.org\/en\/wp-json\/wp\/v2\/tags?post=86"}],"curies":[{"name":"wp","href":"https:\/\/api.w.org\/{rel}","templated":true}]}}