{"id":3348,"date":"2024-03-26T18:48:15","date_gmt":"2024-03-26T17:48:15","guid":{"rendered":"https:\/\/ctalker.org\/?p=3348"},"modified":"2024-12-18T13:57:20","modified_gmt":"2024-12-18T12:57:20","slug":"kurbli-filmklub-hajdu-szabolcs-bekeido-filmvetites-es-beszelgetes-a-rendezovel","status":"publish","type":"post","link":"https:\/\/ctalker.org\/en\/2024\/03\/26\/kurbli-filmklub-hajdu-szabolcs-bekeido-filmvetites-es-beszelgetes-a-rendezovel\/","title":{"rendered":"Kurbli Filmklub: Hajdu Szabolcs-B\u00e9keid\u0151\/filmvet\u00edt\u00e9s \u00e9s besz\u00e9lget\u00e9s a rendez\u0151vel"},"content":{"rendered":"\n<p>Szabadka\/2024.03.26.<\/p>\n\n\n\n<p>Hajdu Szabolcs: B\u00e9keid\u0151, 2020, magyar j\u00e1t\u00e9kfilm, 92 perc<\/p>\n\n\n\n<p style=\"text-align: justify;\">Sz\u00f3rakoztat\u00f3 kort\u00e1rs mozaik, legink\u00e1bb v\u00e1rosi k\u00f6z\u00e9pkor\u00fa k\u00f6z\u00e9poszt\u00e1lybeliekr\u0151l. K\u00f6z\u00e9let \u00e9s mag\u00e1n\u00e9let keveredik ebben az \u0151szinte hangv\u00e9tel\u0171, de szerz\u0151i csavarokkal teli szatirikus t\u00e1rsadalmi dr\u00e1m\u00e1ban. Par\u00e1d\u00e9s szereposzt\u00e1s. Frapp\u00e1ns t\u00f6rt\u00e9netsz\u00e1lak ment\u00e9n, izgalmasan megform\u00e1lt karakterek, rejt\u00e9lyes t\u00e1rsadalmi dinamik\u00e1kat t\u00e1rnak el\u00e9nk. Felstiliz\u00e1lt, k\u00e1pr\u00e1ztat\u00f3 egy \u00e9jszak\u00e1s sz\u00e9tcs\u00fasz\u00e1sok. A szuggeszt\u00edv erej\u0171 ember, al\u00e1- \u00e9s f\u00f6l\u00e9rendelts\u00e9gi viszonyainak spir\u00e1lba keveredett\u00a0<em>fesz\u00fclts\u00e9gt\u0151l \u00e9s neonf\u00e9nyt\u0151l vibr\u00e1l\u00f3, m\u00e1gikusan realista\u00a0<\/em>m\u00e9lys\u00e9geit kutatja. Egy oktat\u00e1si program ment\u00e9n k\u00e9sz\u00fclt filmtanulm\u00e1ny. \u00dajabb zsebp\u00e9nzb\u0151l, haveri lelkesed\u00e9sb\u0151l forgatott magyar film. Jeleneteinek alapj\u00e1t a 2017-es Filmtett-t\u00e1bor \u00f3r\u00e1in tal\u00e1lt\u00e1k ki.\u00a0<em>A\u00a0<strong>B\u00e9keid\u0151<\/strong>\u00a0\u00e9rezhet\u0151en a rendez\u0151 sz\u00ednh\u00e1zi v\u00e1ls\u00e1gtril\u00f3gi\u00e1j\u00e1nak (Ernell\u00e1\u00e9k Farkas\u00e9kn\u00e1l, K\u00e1lm\u00e1n-nap, Egy sz\u00e1zal\u00e9k indi\u00e1n) f\u00e9ltestv\u00e9re, amelyben ugyan\u00fagy a zs\u00e1kutc\u00e1ba fordult p\u00e1rkapcsolatok probl\u00e9m\u00e1i jelennek meg.<\/em>\u00a0<\/p>\n\n\n\n<figure class=\"wp-block-gallery has-nested-images columns-default is-cropped wp-block-gallery-2 is-layout-flex wp-block-gallery-is-layout-flex\">\n<figure class=\"wp-block-image size-large\"><img data-opt-id=1270745960  fetchpriority=\"high\" decoding=\"async\" width=\"1024\" height=\"436\" data-id=\"3350\" src=\"https:\/\/mladjxeqsxgv.i.optimole.com\/cb:B3zE.b136\/w:1024\/h:436\/q:mauto\/f:best\/https:\/\/ctalker.org\/wp-content\/uploads\/2024\/04\/431558139_10233842420463582_7575474042606925403_n.jpg\" alt=\"\" class=\"wp-image-3350\" srcset=\"https:\/\/mladjxeqsxgv.i.optimole.com\/cb:B3zE.b136\/w:1024\/h:436\/q:mauto\/f:best\/https:\/\/ctalker.org\/wp-content\/uploads\/2024\/04\/431558139_10233842420463582_7575474042606925403_n.jpg 1024w, https:\/\/mladjxeqsxgv.i.optimole.com\/cb:B3zE.b136\/w:300\/h:128\/q:mauto\/f:best\/https:\/\/ctalker.org\/wp-content\/uploads\/2024\/04\/431558139_10233842420463582_7575474042606925403_n.jpg 300w, https:\/\/mladjxeqsxgv.i.optimole.com\/cb:B3zE.b136\/w:768\/h:327\/q:mauto\/f:best\/https:\/\/ctalker.org\/wp-content\/uploads\/2024\/04\/431558139_10233842420463582_7575474042606925403_n.jpg 768w, https:\/\/mladjxeqsxgv.i.optimole.com\/cb:B3zE.b136\/w:1536\/h:654\/q:mauto\/f:best\/https:\/\/ctalker.org\/wp-content\/uploads\/2024\/04\/431558139_10233842420463582_7575474042606925403_n.jpg 1536w, https:\/\/mladjxeqsxgv.i.optimole.com\/cb:B3zE.b136\/w:1920\/h:818\/q:mauto\/f:best\/https:\/\/ctalker.org\/wp-content\/uploads\/2024\/04\/431558139_10233842420463582_7575474042606925403_n.jpg 1920w, https:\/\/mladjxeqsxgv.i.optimole.com\/cb:B3zE.b136\/w:1920\/h:818\/q:mauto\/f:best\/dpr:2\/https:\/\/ctalker.org\/wp-content\/uploads\/2024\/04\/431558139_10233842420463582_7575474042606925403_n.jpg 2x\" sizes=\"(max-width: 1000px) 100vw, 1000px\" \/><\/figure>\n\n\n\n<figure class=\"wp-block-image size-large\"><img data-opt-id=1753140507  fetchpriority=\"high\" decoding=\"async\" width=\"1024\" height=\"576\" data-id=\"3349\" src=\"https:\/\/mladjxeqsxgv.i.optimole.com\/cb:B3zE.b136\/w:auto\/h:auto\/q:mauto\/f:best\/https:\/\/ctalker.org\/wp-content\/uploads\/2024\/04\/431598125_10233842420183575_7363865222403608089_n.jpg\" alt=\"\" class=\"wp-image-3349\" srcset=\"https:\/\/mladjxeqsxgv.i.optimole.com\/cb:B3zE.b136\/w:1024\/h:576\/q:mauto\/f:best\/https:\/\/ctalker.org\/wp-content\/uploads\/2024\/04\/431598125_10233842420183575_7363865222403608089_n.jpg 1024w, https:\/\/mladjxeqsxgv.i.optimole.com\/cb:B3zE.b136\/w:300\/h:169\/q:mauto\/f:best\/https:\/\/ctalker.org\/wp-content\/uploads\/2024\/04\/431598125_10233842420183575_7363865222403608089_n.jpg 300w, https:\/\/mladjxeqsxgv.i.optimole.com\/cb:B3zE.b136\/w:768\/h:432\/q:mauto\/f:best\/https:\/\/ctalker.org\/wp-content\/uploads\/2024\/04\/431598125_10233842420183575_7363865222403608089_n.jpg 768w, https:\/\/mladjxeqsxgv.i.optimole.com\/cb:B3zE.b136\/w:1024\/h:576\/q:mauto\/f:best\/dpr:2\/https:\/\/ctalker.org\/wp-content\/uploads\/2024\/04\/431598125_10233842420183575_7363865222403608089_n.jpg 2x\" sizes=\"(max-width: 1000px) 100vw, 1000px\" \/><\/figure>\n<\/figure>\n\n\n\n<p><em>Az egyetlen \u00e9jszaka alatt j\u00e1tsz\u00f3d\u00f3 t\u00f6rt\u00e9net \u00e1tlagosnak t\u0171n\u0151 helyzeteket mutat be: egy lelk\u00e9sz \u00e9s csal\u00e1dja k\u00f6zti n\u00e9zetelt\u00e9r\u00e9st, egy aktivista kamaszl\u00e1ny\u00e1nak sz\u00e1rnypr\u00f3b\u00e1lgat\u00e1s\u00e1t, egy sz\u00edn\u00e9sz mag\u00e1n\u00e9leti probl\u00e9m\u00e1it, \u00e9s egy rendez\u0151 \u00e9s mentor\u00e1ltja k\u00f6zti \u00e9rdekes kapcsolatot.<\/em>&nbsp;(qwer)<\/p>\n\n\n\n<p><em>Ny\u00edltan \u00e9s k\u00f6zvetlen\u00fcl besz\u00e9l az \u00e9let\u00fcnkr\u0151l, ahogy magyar film ritk\u00e1n szokott.&nbsp;<\/em>(SO\u00d3S)<\/p>\n\n\n\n<p><em>\u201eOlyan t\u00e1rsadalomban \u00e9l\u00fcnk, ahol az emberek kezdik elvesz\u00edteni a m\u00e9rt\u00e9ket\u201d<\/em> \u2013 mondta nek\u00fcnk Hajdu az Ernell\u00e1\u00e9k Farkas\u00e9kn\u00e1l kapcs\u00e1n, \u00e9s most err\u0151l a m\u00e9rt\u00e9kveszt\u00e9sr\u0151l forgatott tabl\u00f3filmet. (So\u00f3s Tam\u00e1s, Revizor)<\/p>\n\n\n\n<p class=\"has-text-align-right\">Sz\u00e1sz Csongor<\/p>\n\n\n\n<p>A programot t\u00e1mogatta: <\/p>\n\n\n\n<figure class=\"wp-block-image size-full is-resized\"><img data-opt-id=196346715  decoding=\"async\" width=\"490\" height=\"138\" src=\"https:\/\/mladjxeqsxgv.i.optimole.com\/cb:B3zE.b136\/w:auto\/h:auto\/q:mauto\/f:best\/https:\/\/ctalker.org\/wp-content\/uploads\/2024\/01\/Tartomanyi-Oktatasi-Jogalkotasi-Kozigazgatasi-es-Nemzeti-Kissebsegi-Nemzeti-Kozossegi-Titkarsag.jpg\" alt=\"\" class=\"wp-image-4136\" style=\"width:345px;height:auto\" srcset=\"https:\/\/mladjxeqsxgv.i.optimole.com\/cb:B3zE.b136\/w:490\/h:138\/q:mauto\/f:best\/https:\/\/ctalker.org\/wp-content\/uploads\/2024\/01\/Tartomanyi-Oktatasi-Jogalkotasi-Kozigazgatasi-es-Nemzeti-Kissebsegi-Nemzeti-Kozossegi-Titkarsag.jpg 490w, https:\/\/mladjxeqsxgv.i.optimole.com\/cb:B3zE.b136\/w:300\/h:84\/q:mauto\/f:best\/https:\/\/ctalker.org\/wp-content\/uploads\/2024\/01\/Tartomanyi-Oktatasi-Jogalkotasi-Kozigazgatasi-es-Nemzeti-Kissebsegi-Nemzeti-Kozossegi-Titkarsag.jpg 300w, https:\/\/mladjxeqsxgv.i.optimole.com\/cb:B3zE.b136\/w:490\/h:138\/q:mauto\/f:best\/dpr:2\/https:\/\/ctalker.org\/wp-content\/uploads\/2024\/01\/Tartomanyi-Oktatasi-Jogalkotasi-Kozigazgatasi-es-Nemzeti-Kissebsegi-Nemzeti-Kozossegi-Titkarsag.jpg 2x\" sizes=\"(max-width: 490px) 100vw, 490px\" \/><\/figure>\n","protected":false},"excerpt":{"rendered":"<p>Szabadka\/2024.03.26. Hajdu Szabolcs: B\u00e9keid\u0151, 2020, magyar j\u00e1t\u00e9kfilm, 92 perc Sz\u00f3rakoztat\u00f3 kort\u00e1rs mozaik, legink\u00e1bb v\u00e1rosi k\u00f6z\u00e9pkor\u00fa k\u00f6z\u00e9poszt\u00e1lybeliekr\u0151l. K\u00f6z\u00e9let \u00e9s mag\u00e1n\u00e9let keveredik ebben az \u0151szinte hangv\u00e9tel\u0171, de szerz\u0151i csavarokkal teli szatirikus t\u00e1rsadalmi dr\u00e1m\u00e1ban. Par\u00e1d\u00e9s szereposzt\u00e1s. Frapp\u00e1ns&#46;&#46;&#46;<\/p>\n","protected":false},"author":3,"featured_media":3351,"comment_status":"closed","ping_status":"closed","sticky":false,"template":"","format":"standard","meta":{"rop_custom_images_group":[],"rop_custom_messages_group":[],"rop_publish_now":"initial","rop_publish_now_accounts":[],"rop_publish_now_history":[],"rop_publish_now_status":"pending","_themeisle_gutenberg_block_has_review":false,"footnotes":""},"categories":[8,9],"tags":[],"class_list":["post-3348","post","type-post","status-publish","format-standard","has-post-thumbnail","hentry","category-kurbli","category-kurbli-filmklub"],"featured_image_src":"https:\/\/mladjxeqsxgv.i.optimole.com\/cb:B3zE.b136\/w:auto\/h:auto\/q:mauto\/f:best\/https:\/\/ctalker.org\/wp-content\/uploads\/2024\/04\/433922484_10233842421303603_3790503034889134415_n.jpg","featured_image_src_square":"https:\/\/mladjxeqsxgv.i.optimole.com\/cb:B3zE.b136\/w:auto\/h:auto\/q:mauto\/f:best\/https:\/\/ctalker.org\/wp-content\/uploads\/2024\/04\/433922484_10233842421303603_3790503034889134415_n.jpg","author_info":{"display_name":"Kari","author_link":"https:\/\/ctalker.org\/en\/author\/karina\/"},"_links":{"self":[{"href":"https:\/\/ctalker.org\/en\/wp-json\/wp\/v2\/posts\/3348","targetHints":{"allow":["GET"]}}],"collection":[{"href":"https:\/\/ctalker.org\/en\/wp-json\/wp\/v2\/posts"}],"about":[{"href":"https:\/\/ctalker.org\/en\/wp-json\/wp\/v2\/types\/post"}],"author":[{"embeddable":true,"href":"https:\/\/ctalker.org\/en\/wp-json\/wp\/v2\/users\/3"}],"replies":[{"embeddable":true,"href":"https:\/\/ctalker.org\/en\/wp-json\/wp\/v2\/comments?post=3348"}],"version-history":[{"count":2,"href":"https:\/\/ctalker.org\/en\/wp-json\/wp\/v2\/posts\/3348\/revisions"}],"predecessor-version":[{"id":4153,"href":"https:\/\/ctalker.org\/en\/wp-json\/wp\/v2\/posts\/3348\/revisions\/4153"}],"wp:featuredmedia":[{"embeddable":true,"href":"https:\/\/ctalker.org\/en\/wp-json\/wp\/v2\/media\/3351"}],"wp:attachment":[{"href":"https:\/\/ctalker.org\/en\/wp-json\/wp\/v2\/media?parent=3348"}],"wp:term":[{"taxonomy":"category","embeddable":true,"href":"https:\/\/ctalker.org\/en\/wp-json\/wp\/v2\/categories?post=3348"},{"taxonomy":"post_tag","embeddable":true,"href":"https:\/\/ctalker.org\/en\/wp-json\/wp\/v2\/tags?post=3348"}],"curies":[{"name":"wp","href":"https:\/\/api.w.org\/{rel}","templated":true}]}}