{"id":3256,"date":"2024-02-27T18:21:00","date_gmt":"2024-02-27T17:21:00","guid":{"rendered":"https:\/\/ctalker.org\/?p=3256"},"modified":"2024-12-18T13:52:21","modified_gmt":"2024-12-18T12:52:21","slug":"kurbli-filmklub-palfi-gyorgy-mindorokke","status":"publish","type":"post","link":"https:\/\/ctalker.org\/en\/2024\/02\/27\/kurbli-filmklub-palfi-gyorgy-mindorokke\/","title":{"rendered":"Kurbli Filmklub: P\u00e1lfi Gy\u00f6rgy-Mind\u00f6r\u00f6kk\u00e9"},"content":{"rendered":"\n<p>Szabadka\/2024. 02. 27.<\/p>\n\n\n\n<p>P\u00e1lfi Gy\u00f6rgy: Mind\u00f6r\u00f6kk\u00e9, magyar h\u00e1bor\u00fas sci-fi, 77 perc, 2021.<\/p>\n\n\n\n<p class=\"has-text-align-center\">A 2021-ben bemutatott, 7 \u00e9vig k\u00e9sz\u00fclt, 77 perces f\u00fcggetlen h\u00e1bor\u00fas sci-fi filmje, a l\u00e1tv\u00e1nytervez\u00e9s\u00e9rt \u00e9s a v\u00e1g\u00e1s\u00e9rt rangos d\u00edjakat nyert. A&nbsp;<em><strong>Mind\u00f6r\u00f6kk\u00e9&nbsp;<\/strong><\/em>Tar S\u00e1ndor&nbsp;<em>El valahov\u00e1<\/em>&nbsp;c\u00edm\u0171 novell\u00e1j\u00e1nak \u00e1tdolgoz\u00e1s\u00e1b\u00f3l sz\u00fcletett l\u00e1tom\u00e1sszer\u0171 t\u00f6rt\u00e9net, ami egy m\u00e1ra egyre kev\u00e9sb\u00e9 futurisztikus, kelet-eur\u00f3pai h\u00e1bor\u00fas k\u00f6zegben j\u00e1tsz\u00f3dik, ahol Magyarorsz\u00e1g m\u00e1r h\u00e1torsz\u00e1g \u00e9s a v\u00e9gpusztul\u00e1s fenyegeti.<\/p>\n\n\n\n<p>Diszt\u00f3pikus k\u00f6rnyezet ez, ahol n\u00e9z\u0151k\u00e9nt a borzalmakkal t\u00f6rt\u00e9n\u0151 szembes\u00fcl\u00e9s\u00fcnk k\u00f6zben, azon t\u00f6prenghet\u00fcnk, hogy vajon t\u00fal vagyunk-e m\u00e1r az apokalipszisen vagy csak \u00e9ppen most kezd\u0151d\u00f6tt. A film f\u0151c\u00edme ut\u00e1ni zavarba ejt\u0151 ki\u00edr\u00e1s, a<em>&nbsp;N\u00e9h\u00e1ny \u00e9vvel k\u00e9s\u0151bb \u2026<\/em>&nbsp;filozofikus erej\u0171 fel\u00fct\u00e9se pedig megalapozza id\u0151tudatunk bizonytalans\u00e1g\u00e1nak \u00e9rzet\u00e9t.&nbsp;<em>Alighanem erre a k\u00fcl\u00f6n\u00f6s id\u0151dimenzi\u00f3ra utal a c\u00edm is:&nbsp;<strong>Mind\u00f6r\u00f6kk\u00e9<\/strong>. \u2026 B\u00e9k\u00e9s rep\u00fcl\u0151teret l\u00e1tunk \u2026 Az \u00f3ri\u00e1s kivet\u00edt\u0151k\u00f6n h\u00edrad\u00f3 pereg<\/em>,&nbsp;<em>ami arr\u00f3l tud\u00f3s\u00edt, hogy f\u00f6ldr\u00e9sz\u00fcnk\u00f6n imm\u00e1r hat \u00e9ve d\u00fal a h\u00e1bor\u00fa, Eur\u00f3pa k\u00e9t r\u00e9szre esett sz\u00e9t, a frontvonal Salzburgn\u00e1l \u00e1llt meg, a t\u0151le nyugatra fekv\u0151 ter\u00fcleteket a t\u00e9rk\u00e9p az EU k\u00e9k csillagos z\u00e1szl\u00f3j\u00e1val jelzi, att\u00f3l keletre \u2026 az orosz \u00e9s a t\u00f6r\u00f6k lobog\u00f3 sz\u00edneit l\u00e1tjuk felt\u0171nni. \u2013&nbsp;<\/em>fogalmaz B\u00e1ron Gy\u00f6rgy filmeszt\u00e9ta, filmkritikus.<\/p>\n\n\n\n<figure class=\"wp-block-gallery has-nested-images columns-default is-cropped wp-block-gallery-2 is-layout-flex wp-block-gallery-is-layout-flex\">\n<figure class=\"wp-block-image size-large\"><img data-opt-id=1603675144  fetchpriority=\"high\" decoding=\"async\" width=\"1024\" height=\"576\" data-id=\"3258\" src=\"https:\/\/mladjxeqsxgv.i.optimole.com\/cb:B3zE.b136\/w:1024\/h:576\/q:mauto\/f:best\/https:\/\/ctalker.org\/wp-content\/uploads\/2024\/03\/429682880_10233690157937114_4663811826647809504_n.jpg\" alt=\"\" class=\"wp-image-3258\" srcset=\"https:\/\/mladjxeqsxgv.i.optimole.com\/cb:B3zE.b136\/w:1024\/h:576\/q:mauto\/f:best\/https:\/\/ctalker.org\/wp-content\/uploads\/2024\/03\/429682880_10233690157937114_4663811826647809504_n.jpg 1024w, https:\/\/mladjxeqsxgv.i.optimole.com\/cb:B3zE.b136\/w:300\/h:169\/q:mauto\/f:best\/https:\/\/ctalker.org\/wp-content\/uploads\/2024\/03\/429682880_10233690157937114_4663811826647809504_n.jpg 300w, https:\/\/mladjxeqsxgv.i.optimole.com\/cb:B3zE.b136\/w:768\/h:432\/q:mauto\/f:best\/https:\/\/ctalker.org\/wp-content\/uploads\/2024\/03\/429682880_10233690157937114_4663811826647809504_n.jpg 768w, https:\/\/mladjxeqsxgv.i.optimole.com\/cb:B3zE.b136\/w:1536\/h:864\/q:mauto\/f:best\/https:\/\/ctalker.org\/wp-content\/uploads\/2024\/03\/429682880_10233690157937114_4663811826647809504_n.jpg 1536w, https:\/\/mladjxeqsxgv.i.optimole.com\/cb:B3zE.b136\/w:1920\/h:1080\/q:mauto\/f:best\/https:\/\/ctalker.org\/wp-content\/uploads\/2024\/03\/429682880_10233690157937114_4663811826647809504_n.jpg 1920w, https:\/\/mladjxeqsxgv.i.optimole.com\/cb:B3zE.b136\/w:1920\/h:1080\/q:mauto\/f:best\/dpr:2\/https:\/\/ctalker.org\/wp-content\/uploads\/2024\/03\/429682880_10233690157937114_4663811826647809504_n.jpg 2x\" sizes=\"(max-width: 1000px) 100vw, 1000px\" \/><\/figure>\n\n\n\n<figure class=\"wp-block-image size-large\"><img data-opt-id=672804459  fetchpriority=\"high\" decoding=\"async\" width=\"1024\" height=\"576\" data-id=\"3257\" src=\"https:\/\/mladjxeqsxgv.i.optimole.com\/cb:B3zE.b136\/w:1024\/h:576\/q:mauto\/f:best\/https:\/\/ctalker.org\/wp-content\/uploads\/2024\/03\/429846883_10233690158297123_6017998674402302077_n.jpg\" alt=\"\" class=\"wp-image-3257\" srcset=\"https:\/\/mladjxeqsxgv.i.optimole.com\/cb:B3zE.b136\/w:1024\/h:576\/q:mauto\/f:best\/https:\/\/ctalker.org\/wp-content\/uploads\/2024\/03\/429846883_10233690158297123_6017998674402302077_n.jpg 1024w, https:\/\/mladjxeqsxgv.i.optimole.com\/cb:B3zE.b136\/w:300\/h:169\/q:mauto\/f:best\/https:\/\/ctalker.org\/wp-content\/uploads\/2024\/03\/429846883_10233690158297123_6017998674402302077_n.jpg 300w, https:\/\/mladjxeqsxgv.i.optimole.com\/cb:B3zE.b136\/w:768\/h:432\/q:mauto\/f:best\/https:\/\/ctalker.org\/wp-content\/uploads\/2024\/03\/429846883_10233690158297123_6017998674402302077_n.jpg 768w, https:\/\/mladjxeqsxgv.i.optimole.com\/cb:B3zE.b136\/w:1536\/h:864\/q:mauto\/f:best\/https:\/\/ctalker.org\/wp-content\/uploads\/2024\/03\/429846883_10233690158297123_6017998674402302077_n.jpg 1536w, https:\/\/mladjxeqsxgv.i.optimole.com\/cb:B3zE.b136\/w:1920\/h:1080\/q:mauto\/f:best\/https:\/\/ctalker.org\/wp-content\/uploads\/2024\/03\/429846883_10233690158297123_6017998674402302077_n.jpg 1920w, https:\/\/mladjxeqsxgv.i.optimole.com\/cb:B3zE.b136\/w:1920\/h:1080\/q:mauto\/f:best\/dpr:2\/https:\/\/ctalker.org\/wp-content\/uploads\/2024\/03\/429846883_10233690158297123_6017998674402302077_n.jpg 2x\" sizes=\"(max-width: 1000px) 100vw, 1000px\" \/><\/figure>\n<\/figure>\n\n\n\n<div class=\"x1e56ztr\"><span class=\"x193iq5w xeuugli x13faqbe x1vvkbs x1xmvt09 x6prxxf xvq8zen xo1l8bm xzsf02u\">A filmet \u00e9s a c\u00edmet \u2013 B\u00e1ron Gy\u00f6rgy eszt\u00e9ta gondolat\u00e1t (<i>k\u00fcl\u00f6n\u00f6s id\u0151dimenzi\u00f3ra utal a c\u00edm is<\/i>) kieg\u00e9sz\u00edtve \u2013 ink\u00e1bb a f\u00e9rfi f\u0151szerepl\u0151 nev\u00e9nek m\u00e9g zavarba ejt\u0151bb \u00e9rtelmez\u00e9s\u00e9b\u0151l magyar\u00e1zom. De, hogy err\u0151l ki mit gondol, \u00e9s milyen te\u00f3ri\u00e1k lehets\u00e9gesek, majd este megbesz\u00e9lj\u00fck a vet\u00edt\u00e9s ut\u00e1n&#8230;<\/span><\/div>\n\n\n<div class=\"wp-block-image\">\n<figure class=\"aligncenter size-large is-resized\"><img data-opt-id=262523133  decoding=\"async\" width=\"1024\" height=\"576\" src=\"https:\/\/mladjxeqsxgv.i.optimole.com\/cb:B3zE.b136\/w:1024\/h:576\/q:mauto\/f:best\/https:\/\/ctalker.org\/wp-content\/uploads\/2024\/03\/428657284_10233690159257147_1870914648736076617_n.jpg\" alt=\"\" class=\"wp-image-3260\" style=\"width:393px;height:auto\" srcset=\"https:\/\/mladjxeqsxgv.i.optimole.com\/cb:B3zE.b136\/w:1024\/h:576\/q:mauto\/f:best\/https:\/\/ctalker.org\/wp-content\/uploads\/2024\/03\/428657284_10233690159257147_1870914648736076617_n.jpg 1024w, https:\/\/mladjxeqsxgv.i.optimole.com\/cb:B3zE.b136\/w:300\/h:169\/q:mauto\/f:best\/https:\/\/ctalker.org\/wp-content\/uploads\/2024\/03\/428657284_10233690159257147_1870914648736076617_n.jpg 300w, https:\/\/mladjxeqsxgv.i.optimole.com\/cb:B3zE.b136\/w:768\/h:432\/q:mauto\/f:best\/https:\/\/ctalker.org\/wp-content\/uploads\/2024\/03\/428657284_10233690159257147_1870914648736076617_n.jpg 768w, https:\/\/mladjxeqsxgv.i.optimole.com\/cb:B3zE.b136\/w:1536\/h:864\/q:mauto\/f:best\/https:\/\/ctalker.org\/wp-content\/uploads\/2024\/03\/428657284_10233690159257147_1870914648736076617_n.jpg 1536w, https:\/\/mladjxeqsxgv.i.optimole.com\/cb:B3zE.b136\/w:1920\/h:1080\/q:mauto\/f:best\/https:\/\/ctalker.org\/wp-content\/uploads\/2024\/03\/428657284_10233690159257147_1870914648736076617_n.jpg 1920w, https:\/\/mladjxeqsxgv.i.optimole.com\/cb:B3zE.b136\/w:1920\/h:1080\/q:mauto\/f:best\/dpr:2\/https:\/\/ctalker.org\/wp-content\/uploads\/2024\/03\/428657284_10233690159257147_1870914648736076617_n.jpg 2x\" sizes=\"(max-width: 1000px) 100vw, 1000px\" \/><\/figure>\n<\/div>\n\n\n<p style=\"text-align: justify;\">Amikor egy film hat\u00e1ssal van a n\u00e9z\u0151kre, azt a filmm\u0171fajok ment\u00e9n sokf\u00e9lek\u00e9ppen megteheti. A n\u00e9z\u0151k val\u00f3s\u00e1g\u00e1nak a megk\u00f6zel\u00edt\u00e9se vagy a n\u00e9z\u0151k meg\u00e9rint\u00e9se nagyon sok vari\u00e1ci\u00f3ban megsz\u00fclethet. Ha komoly t\u00e9m\u00e1r\u00f3l van sz\u00f3, ahol nagyban t\u00e1rsadalmi, kicsiben&nbsp;szoci\u00e1lis, emberi jogi szempontokat kell m\u00e9rlegeln\u00fcnk, erre a dokumentumfilmek a legalkalmasabbak. Ha pedig erre a \u201edokumentarista val\u00f3s\u00e1goss\u00e1gra\u201d egy j\u00e1t\u00e9kfilm t\u00f6rekszik, ingov\u00e1nyos talajra t\u00e9vedhet, mert a n\u00e9z\u0151k \u2013 egy r\u00e9sze legal\u00e1bbis biztosan \u2013 \u00e9ppen a dokumentumfelv\u00e9telek \u00e9s az \u201eelj\u00e1tszatlans\u00e1gb\u00f3l\u201d fakad\u00f3 st\u00edlus hiteles\u00edt\u0151 erej\u00e9nek hi\u00e1ny\u00e1t k\u00e9rhetik rajta sz\u00e1mon \u00e9s k\u00e9tkedve pr\u00f3b\u00e1lgathatj\u00e1k a profi sz\u00edn\u00e9sz alak\u00edtotta f\u0151h\u0151ssel val\u00f3 azonosul\u00e1st. A rendez\u0151i elk\u00e9pzel\u00e9s, miszerint egy j\u00f3 sz\u00edn\u00e9sz szuggeszt\u00edv j\u00e1t\u00e9ka \u00e9rzelmeket v\u00e1lt ki, \u00e9ppen az ellent\u00e9tes hat\u00e1st \u00e9rheti el. Hogy erre p\u00e9ld\u00e1t is hozzak, a sz\u00e1momra \u00e9ppen ilyen ripacskod\u00f3 hat\u00e1s\u00fa I\u00f1\u00e1rritu: B\u00e1bel c\u00edm\u0171 filmj\u00e9ben Brad Pitt szerepeltet\u00e9se, ugyanis a szt\u00e1rszerepl\u0151 a szememben ellehetetlen\u00edti a komoly t\u00e9m\u00e1j\u00fa film \u00e1ltal felvetett emberi jogi probl\u00e9m\u00e1val val\u00f3 azonosul\u00e1somat. R\u00f6viden: a Brad Pitt ikon kitakarja a szoci\u00e1lis probl\u00e9m\u00e1t \u00e9s az azt fel\u00e9p\u00edt\u0151 filmdimenzi\u00f3t ellehetetlen\u00edti.<\/p>\n\n\n<div class=\"wp-block-image\">\n<figure class=\"aligncenter size-large is-resized\"><img data-opt-id=980943089  loading=\"lazy\" decoding=\"async\" width=\"1024\" height=\"576\" src=\"https:\/\/mladjxeqsxgv.i.optimole.com\/cb:B3zE.b136\/w:1024\/h:576\/q:mauto\/f:best\/https:\/\/ctalker.org\/wp-content\/uploads\/2024\/03\/429850072_10233690158097118_6129841002428151006_n.jpg\" alt=\"\" class=\"wp-image-3259\" style=\"width:443px;height:auto\" srcset=\"https:\/\/mladjxeqsxgv.i.optimole.com\/cb:B3zE.b136\/w:1024\/h:576\/q:mauto\/f:best\/https:\/\/ctalker.org\/wp-content\/uploads\/2024\/03\/429850072_10233690158097118_6129841002428151006_n.jpg 1024w, https:\/\/mladjxeqsxgv.i.optimole.com\/cb:B3zE.b136\/w:300\/h:169\/q:mauto\/f:best\/https:\/\/ctalker.org\/wp-content\/uploads\/2024\/03\/429850072_10233690158097118_6129841002428151006_n.jpg 300w, https:\/\/mladjxeqsxgv.i.optimole.com\/cb:B3zE.b136\/w:768\/h:432\/q:mauto\/f:best\/https:\/\/ctalker.org\/wp-content\/uploads\/2024\/03\/429850072_10233690158097118_6129841002428151006_n.jpg 768w, https:\/\/mladjxeqsxgv.i.optimole.com\/cb:B3zE.b136\/w:1536\/h:864\/q:mauto\/f:best\/https:\/\/ctalker.org\/wp-content\/uploads\/2024\/03\/429850072_10233690158097118_6129841002428151006_n.jpg 1536w, https:\/\/mladjxeqsxgv.i.optimole.com\/cb:B3zE.b136\/w:1920\/h:1080\/q:mauto\/f:best\/https:\/\/ctalker.org\/wp-content\/uploads\/2024\/03\/429850072_10233690158097118_6129841002428151006_n.jpg 1920w, https:\/\/mladjxeqsxgv.i.optimole.com\/cb:B3zE.b136\/w:1920\/h:1080\/q:mauto\/f:best\/dpr:2\/https:\/\/ctalker.org\/wp-content\/uploads\/2024\/03\/429850072_10233690158097118_6129841002428151006_n.jpg 2x\" sizes=\"(max-width: 1000px) 100vw, 1000px\" \/><\/figure>\n<\/div>\n\n\n<div dir=\"auto\">\u00a0<\/div>\n<div dir=\"auto\" style=\"text-align: justify;\">P\u00e1lfi fantasztikummal \u00e1titatott j\u00e1t\u00e9kfilmje viszont egy enn\u00e9l \u00f6sszetettebb \u00e9lm\u00e9nyt okoz. Egyr\u00e9szt mert f\u0151szerepl\u0151j\u00e9nek egy term\u00e9szetess\u00e9get, naturalisztikus jelenl\u00e9tet sug\u00e1rz\u00f3, minimalista j\u00e1t\u00e9k\u00fa sz\u00edn\u00e9szt, Polg\u00e1r Tam\u00e1st v\u00e1lasztott. M\u00e1sr\u00e9szt, mert a dokumentarista st\u00edlus mellett a sci-fivel val\u00f3 m\u0171faji j\u00e1t\u00e9kot is belekeveri a h\u00e1bor\u00fas filmszerkezetbe, mert a vid\u00e9ki mili\u0151ben a tudom\u00e1nyos fantasztikus filmek befogad\u00e1s\u00e1n\u00e1l \u00e1t\u00e9lhet\u0151 hiteless\u00e9g \u00e9rzetet is megteremti. A dokumentumfilmekre eml\u00e9keztet\u0151 traum\u00e1kat kibesz\u00e9l\u0151 kocsmai jelenetek pedig tov\u00e1bb n\u00f6veli a n\u00e9z\u0151 \u00e9rintetts\u00e9g\u00e9lm\u00e9ny\u00e9t. P\u00e1lfi ugyanis egy-egy id\u0151s falusi f\u00e9rfi vallom\u00e1s\u00e1t, k\u00eds\u00e9rteties hiteless\u00e9ggel, \u00fagy \u00e1br\u00e1zolja, mint ha egy besz\u00e9l\u0151 fejes dokumentumfilm-szociogr\u00e1fi\u00e1t n\u00e9zn\u00e9nk.<\/div>\n<div dir=\"auto\" style=\"text-align: justify;\">\u00cdrom ezt annak a tud\u00e1snak a birtok\u00e1ban amit a Verzi\u00f3 Nemzetk\u00f6zi Emberi Jogi Dokumentumfilm Fesztiv\u00e1lr\u00f3l hoztam, ahol megn\u00e9ztem a Mariupolis (2016) \u00e9s a Mariupolis 2 (2022) c\u00edm\u0171 filmeket. Az els\u0151ben a nyers val\u00f3s\u00e1g\u00e1ban mutatkoznak meg, el\u0151sz\u00f6r a h\u00e1bor\u00fa el\u0151tti esem\u00e9nyek, amelyek m\u00e1r a 2010-es \u00e9vek m\u00e1sodik fel\u00e9ben v\u00e9res \u00f6sszecsap\u00e1sokk\u00e1, mesterl\u00f6v\u00e9szek gyilkol\u00e1sz\u00e1saiv\u00e1, t\u00e1vols\u00e1gi robbant\u00e1sokk\u00e1 \u00e9s rendszeres bomb\u00e1z\u00e1sokk\u00e1 eszkal\u00e1l\u00f3dtak, majd a 2022-es verzi\u00f3ban a tot\u00e1lis h\u00e1bor\u00fa k\u00f6vetkezm\u00e9nyeik\u00e9nt a nyomorra \u00e9s eszk\u00f6ztelens\u00e9gre, az ott maradt t\u00fal\u00e9l\u0151k \u00e9let\u00e9re koncentr\u00e1ltak a filmesek.<\/div>\n<div dir=\"auto\">A vet\u00edt\u00e9st besz\u00e9lget\u00e9s k\u00f6vette P\u00c1LFI GY\u00d6RGY RENDEZ\u0150VEL!<\/div>\n<div dir=\"auto\">\u00a0<\/div>\n<div dir=\"auto\" style=\"text-align: right;\">Sz\u00e1sz Csongor<\/div>\n\n\n\n<p>A programot t\u00e1mogatta: <\/p>\n\n\n\n<figure class=\"wp-block-image size-full is-resized\"><img data-opt-id=196346715  loading=\"lazy\" decoding=\"async\" width=\"490\" height=\"138\" src=\"https:\/\/mladjxeqsxgv.i.optimole.com\/cb:B3zE.b136\/w:auto\/h:auto\/q:mauto\/f:best\/https:\/\/ctalker.org\/wp-content\/uploads\/2024\/01\/Tartomanyi-Oktatasi-Jogalkotasi-Kozigazgatasi-es-Nemzeti-Kissebsegi-Nemzeti-Kozossegi-Titkarsag.jpg\" alt=\"\" class=\"wp-image-4136\" style=\"width:256px;height:auto\" srcset=\"https:\/\/mladjxeqsxgv.i.optimole.com\/cb:B3zE.b136\/w:490\/h:138\/q:mauto\/f:best\/https:\/\/ctalker.org\/wp-content\/uploads\/2024\/01\/Tartomanyi-Oktatasi-Jogalkotasi-Kozigazgatasi-es-Nemzeti-Kissebsegi-Nemzeti-Kozossegi-Titkarsag.jpg 490w, https:\/\/mladjxeqsxgv.i.optimole.com\/cb:B3zE.b136\/w:300\/h:84\/q:mauto\/f:best\/https:\/\/ctalker.org\/wp-content\/uploads\/2024\/01\/Tartomanyi-Oktatasi-Jogalkotasi-Kozigazgatasi-es-Nemzeti-Kissebsegi-Nemzeti-Kozossegi-Titkarsag.jpg 300w, https:\/\/mladjxeqsxgv.i.optimole.com\/cb:B3zE.b136\/w:490\/h:138\/q:mauto\/f:best\/dpr:2\/https:\/\/ctalker.org\/wp-content\/uploads\/2024\/01\/Tartomanyi-Oktatasi-Jogalkotasi-Kozigazgatasi-es-Nemzeti-Kissebsegi-Nemzeti-Kozossegi-Titkarsag.jpg 2x\" sizes=\"(max-width: 490px) 100vw, 490px\" \/><\/figure>\n","protected":false},"excerpt":{"rendered":"<p>Szabadka\/2024. 02. 27. P\u00e1lfi Gy\u00f6rgy: Mind\u00f6r\u00f6kk\u00e9, magyar h\u00e1bor\u00fas sci-fi, 77 perc, 2021. A 2021-ben bemutatott, 7 \u00e9vig k\u00e9sz\u00fclt, 77 perces f\u00fcggetlen h\u00e1bor\u00fas sci-fi filmje, a l\u00e1tv\u00e1nytervez\u00e9s\u00e9rt \u00e9s a v\u00e1g\u00e1s\u00e9rt rangos d\u00edjakat nyert. A&nbsp;Mind\u00f6r\u00f6kk\u00e9&nbsp;Tar S\u00e1ndor&nbsp;El&#46;&#46;&#46;<\/p>\n","protected":false},"author":3,"featured_media":3258,"comment_status":"closed","ping_status":"closed","sticky":false,"template":"","format":"standard","meta":{"rop_custom_images_group":[],"rop_custom_messages_group":[],"rop_publish_now":"initial","rop_publish_now_accounts":[],"rop_publish_now_history":[],"rop_publish_now_status":"pending","_themeisle_gutenberg_block_has_review":false,"footnotes":""},"categories":[8,9],"tags":[],"class_list":["post-3256","post","type-post","status-publish","format-standard","has-post-thumbnail","hentry","category-kurbli","category-kurbli-filmklub"],"featured_image_src":"https:\/\/mladjxeqsxgv.i.optimole.com\/cb:B3zE.b136\/w:auto\/h:auto\/q:mauto\/f:best\/https:\/\/ctalker.org\/wp-content\/uploads\/2024\/03\/429682880_10233690157937114_4663811826647809504_n.jpg","featured_image_src_square":"https:\/\/mladjxeqsxgv.i.optimole.com\/cb:B3zE.b136\/w:auto\/h:auto\/q:mauto\/f:best\/https:\/\/ctalker.org\/wp-content\/uploads\/2024\/03\/429682880_10233690157937114_4663811826647809504_n.jpg","author_info":{"display_name":"Kari","author_link":"https:\/\/ctalker.org\/en\/author\/karina\/"},"_links":{"self":[{"href":"https:\/\/ctalker.org\/en\/wp-json\/wp\/v2\/posts\/3256","targetHints":{"allow":["GET"]}}],"collection":[{"href":"https:\/\/ctalker.org\/en\/wp-json\/wp\/v2\/posts"}],"about":[{"href":"https:\/\/ctalker.org\/en\/wp-json\/wp\/v2\/types\/post"}],"author":[{"embeddable":true,"href":"https:\/\/ctalker.org\/en\/wp-json\/wp\/v2\/users\/3"}],"replies":[{"embeddable":true,"href":"https:\/\/ctalker.org\/en\/wp-json\/wp\/v2\/comments?post=3256"}],"version-history":[{"count":3,"href":"https:\/\/ctalker.org\/en\/wp-json\/wp\/v2\/posts\/3256\/revisions"}],"predecessor-version":[{"id":4147,"href":"https:\/\/ctalker.org\/en\/wp-json\/wp\/v2\/posts\/3256\/revisions\/4147"}],"wp:featuredmedia":[{"embeddable":true,"href":"https:\/\/ctalker.org\/en\/wp-json\/wp\/v2\/media\/3258"}],"wp:attachment":[{"href":"https:\/\/ctalker.org\/en\/wp-json\/wp\/v2\/media?parent=3256"}],"wp:term":[{"taxonomy":"category","embeddable":true,"href":"https:\/\/ctalker.org\/en\/wp-json\/wp\/v2\/categories?post=3256"},{"taxonomy":"post_tag","embeddable":true,"href":"https:\/\/ctalker.org\/en\/wp-json\/wp\/v2\/tags?post=3256"}],"curies":[{"name":"wp","href":"https:\/\/api.w.org\/{rel}","templated":true}]}}