{"id":2503,"date":"2022-12-16T19:10:44","date_gmt":"2022-12-16T18:10:44","guid":{"rendered":"https:\/\/ctalker.org\/?p=2503"},"modified":"2022-12-16T19:10:46","modified_gmt":"2022-12-16T18:10:46","slug":"kurbli-filmklub-pedro-almodovar-kotozz-meg-es-olelj","status":"publish","type":"post","link":"https:\/\/ctalker.org\/en\/2022\/12\/16\/kurbli-filmklub-pedro-almodovar-kotozz-meg-es-olelj\/","title":{"rendered":"Kurbli Filmklub: Pedro Almodovar-K\u00f6t\u00f6zz meg \u00e9s \u00f6lelj"},"content":{"rendered":"\n<p>Szabadka\/2022.12.13.<\/p>\n\n\n\n<p>Pedro Almodovar: K\u00f6t\u00f6zz meg \u00e9s \u00f6lelj (\u00c1tame!), 1989, angol krimi-dr\u00e1ma, 124 perc<\/p>\n\n\n\n<p style=\"text-align: justify;\">A filmm\u0171v\u00e9szetben a 80-as \u00e9vekben az er\u0151teljes eur\u00f3pai m\u0171v\u00e9szfilm-eszt\u00e9tika hagyom\u00e1nya \u00e9s az amerikai hollywoodi \u00e9s f\u00fcggetlen filmek formavil\u00e1g\u00e1nak hat\u00e1skapcsolatai, a posztmodern mozgalm\u00e1val tal\u00e1lkozva, n\u00e9pszer\u0171 filmvil\u00e1gok sz\u00fclet\u00e9s\u00e9hez vezettek. Decemberben ez\u00e9rt kiz\u00e1r\u00f3lag olyan giccs hat\u00e1rs\u00e1vj\u00e1n elhelyezhet\u0151 \u00e9s a popkult\u00fara r\u00e9sz\u00e9t k\u00e9pez\u0151, bombasikert aratott, botr\u00e1nyfilmeket vet\u00edt\u00fcnk, amelyek korhat\u00e1r-besorol\u00e1sa szigor\u00faan 18 feletti!<\/p>\n<p style=\"text-align: justify;\">A 70-es \u00e9vek k\u00f6zep\u00e9t\u0151l filmeket alkot\u00f3\u00a0<b>Pedro Almodovar<\/b>\u00a0egyik legh\u00edresebb, a 80-as \u00e9vekt\u0151l jegyzett spanyol \u00faj hull\u00e1mt\u00f3l (<i>Movid\u00e1<\/i>) m\u00e1r elt\u00e1volod\u00f3, \u00e1tmeneti korszak\u00e1nak els\u0151 alkot\u00e1s\u00e1t lehet szeretni \u00e9s ut\u00e1lni, \u00e9s ezzel az egyet nem \u00e9rt\u00e9ssel, teljes m\u00e9rt\u00e9kben egyet\u00e9rtenek a spanyol filmrendez\u0151 kritikusai. Az\u00a0<b><i>\u00c1tame!\u00a0<\/i><\/b>st\u00edlus\u00f6tv\u00f6zet\u00e9be a krimi, a melodr\u00e1ma, a camp \u00e9s a fekete szexkom\u00e9dia vegy\u00fcl. A rik\u00edt\u00f3 k\u00e9pi fogalmaz\u00e1sm\u00f3d elevens\u00e9g\u00e9nek erej\u00e9t az egyedi hat\u00e1s\u00fa k\u00f6zvetlen\u00fcl elrajzolt, de k\u00f6z\u00f6ns\u00e9gesen term\u00e9szetes sz\u00edn\u00e9szi j\u00e1t\u00e9k ny\u00fajtja. <em>\u201eAlmodovarn\u00e1l ugyanis az \u00e9rzelmek annyira igazak, mint amennyire komikusak\u201d. Figur\u00e1inak k\u00fcszk\u00f6d\u00e9se \u201enem jelent m\u00e1st, minthogy v\u00e9gre-valah\u00e1ra bejussanak a gy\u00f6ny\u00f6r\u00f6k kertj\u00e9be. \u2026 Ez\u00e9rt vonz\u00f3, kih\u00edv\u00f3 \u00e9s irrit\u00e1l\u00f3 is egyszerre. \u2026 Almodovar a megnevezhetetlen \u00e9s kisz\u00e1m\u00edthatatlan szenved\u00e9ly kr\u00f3nik\u00e1sa, amely meghat\u00e1roz\u00f3ja, de egyben \u00e9rtelme is a cselekv\u00e9snek.\u201d<\/em> Ennek az \u00f6n\u00f6s beteljes\u00fcl\u00e9snek pedig rendre \u201e\u00fatj\u00e1t \u00e1llj\u00e1k \u00f6nmagunk d\u00e9monai, m\u00e1s emberek v\u00e1gyai, a k\u00f6r\u00fclm\u00e9nyek, vagy \u00e9pp mag\u00e1nak a szenved\u00e9lynek a cselei\u201d -f\u0171zi hozz\u00e1 Zal\u00e1n Vince filmt\u00f6rt\u00e9n\u00e9sz.<\/p>\n\n\n<div class=\"wp-block-image\">\n<figure class=\"aligncenter size-large is-resized\"><img data-opt-id=628127302  fetchpriority=\"high\" decoding=\"async\" src=\"https:\/\/mladjxeqsxgv.i.optimole.com\/cb:B3zE.b136\/w:1024\/h:578\/q:mauto\/f:best\/https:\/\/ctalker.org\/wp-content\/uploads\/2022\/12\/319271245_10230698119218016_1447716721824155867_n.jpg\" alt=\"\" class=\"wp-image-2504\" width=\"555\" height=\"313\" srcset=\"https:\/\/mladjxeqsxgv.i.optimole.com\/cb:B3zE.b136\/w:1024\/h:578\/q:mauto\/f:best\/https:\/\/ctalker.org\/wp-content\/uploads\/2022\/12\/319271245_10230698119218016_1447716721824155867_n.jpg 1024w, https:\/\/mladjxeqsxgv.i.optimole.com\/cb:B3zE.b136\/w:300\/h:169\/q:mauto\/f:best\/https:\/\/ctalker.org\/wp-content\/uploads\/2022\/12\/319271245_10230698119218016_1447716721824155867_n.jpg 300w, https:\/\/mladjxeqsxgv.i.optimole.com\/cb:B3zE.b136\/w:768\/h:434\/q:mauto\/f:best\/https:\/\/ctalker.org\/wp-content\/uploads\/2022\/12\/319271245_10230698119218016_1447716721824155867_n.jpg 768w, https:\/\/mladjxeqsxgv.i.optimole.com\/cb:B3zE.b136\/w:1100\/h:621\/q:mauto\/f:best\/https:\/\/ctalker.org\/wp-content\/uploads\/2022\/12\/319271245_10230698119218016_1447716721824155867_n.jpg 1100w, https:\/\/mladjxeqsxgv.i.optimole.com\/cb:B3zE.b136\/w:1100\/h:621\/q:mauto\/f:best\/dpr:2\/https:\/\/ctalker.org\/wp-content\/uploads\/2022\/12\/319271245_10230698119218016_1447716721824155867_n.jpg 2x\" sizes=\"(max-width: 555px) 100vw, 555px\" \/><\/figure>\n<\/div>\n\n\n<p style=\"text-align: justify;\">A\u00a0<em><strong>K\u00f6t\u00f6zz meg \u00e9s \u00f6lelj!\u00a0<\/strong><\/em>c\u00edm\u0171, k\u00f6t\u00e9lmot\u00edvummal \u00e1tfogott filmben kibontakoz\u00f3, teljesen egyedi hetero szerelmet, n\u00e9mi cinizmussal \u00e1br\u00e1zolja a mester. A f\u00e9rfi-n\u0151 kapcsolatban fellelhet\u0151 k\u00fcl\u00f6nb\u00f6z\u0151 h\u00e9tk\u00f6znapi f\u00fcgg\u00e9seket \u00e9s al\u00e1-, f\u00f6l\u00e9-, mell\u00e9rendelt viszonyokat, polg\u00e1rpukkaszt\u00f3 m\u00f3don a kriminol\u00f3giai s\u00faly\u00fa Stockholm-szindr\u00f3m\u00e1val k\u00f6ti \u00f6ssze. A film sz\u00f3 szerinti c\u00edme\u00a0<em><strong>K\u00f6t\u00f6zz meg!<\/strong><\/em>, a szerelmi viszonyon bel\u00fcli k\u00f6tel\u00e9kre utal, hangs\u00falyozza Almodovar. T\u00f3th G\u00f6dri Iring\u00f3 szerint, \u201eaz ahogyan a f\u0151h\u0151sn\u0151 beleszeret elrabl\u00f3j\u00e1ba, arra utal, hogy \u00e1ltal\u00e1ban a kapcsolatok, h\u00e1zass\u00e1gok egy-egy olyan k\u00fcl\u00f6n\u00f6s k\u00f6tel\u00e9kre \u00e9p\u00fclnek, hogy r\u00e9sztvev\u0151ik m\u00e1r-m\u00e1r Stockholm-szindr\u00f3m\u00e1snak t\u0171nnek.\u201d<\/p>\n\n\n\n<p class=\"has-text-align-center\">A film zen\u00e9j\u00e9t Ennio Morricone szerezte, de Almodovar nem tartotta el\u00e9g eredetinek, Polanski 1988-as&nbsp;<em>\u0150r\u00fclet<\/em>&nbsp;c\u00edm\u0171 filmj\u00e9re eml\u00e9keztette \u00e9s csak egy r\u00e9sz\u00e9t haszn\u00e1lta fel a filmhez.<\/p>\n\n\n\n<p style=\"text-align: justify;\">A film kiemelt szexjelenet\u00e9nek felv\u00e9tele az\u00e9rt tartott kilenc \u00f3r\u00e1n \u00e1t, mert \u201ea rendez\u0151 tulajdonk\u00e9ppen azt akarta, hogy a sz\u00edn\u00e9szek m\u00e1r annyira fesz\u00fcltek, izzadtak legyenek, hogy mindez megadja a jelenet hiteless\u00e9get. Elia Kazan rendez\u0151, aki huszonegy sz\u00edn\u00e9szt \u201ejuttatott\u201d Oscarhoz, a film l\u00e1tt\u00e1n azt nyilatkozta, hogy ez volt \u00e1ltala valaha l\u00e1tott legjobb szexjelenet\u201d -\u00edrja az erd\u00e9lyi\u00a0<em>Filmtett<\/em>\u00a0has\u00e1bjain T\u00f3th G\u00f6dri Iring\u00f3.<\/p>\n\n\n<div class=\"wp-block-image\">\n<figure class=\"aligncenter size-large is-resized\"><img data-opt-id=346012390  fetchpriority=\"high\" decoding=\"async\" src=\"https:\/\/mladjxeqsxgv.i.optimole.com\/cb:B3zE.b136\/w:1024\/h:687\/q:mauto\/f:best\/https:\/\/ctalker.org\/wp-content\/uploads\/2022\/12\/318462278_10230698119818031_4296354158750125479_n.jpg\" alt=\"\" class=\"wp-image-2505\" width=\"606\" height=\"406\" srcset=\"https:\/\/mladjxeqsxgv.i.optimole.com\/cb:B3zE.b136\/w:1024\/h:687\/q:mauto\/f:best\/https:\/\/ctalker.org\/wp-content\/uploads\/2022\/12\/318462278_10230698119818031_4296354158750125479_n.jpg 1024w, https:\/\/mladjxeqsxgv.i.optimole.com\/cb:B3zE.b136\/w:300\/h:201\/q:mauto\/f:best\/https:\/\/ctalker.org\/wp-content\/uploads\/2022\/12\/318462278_10230698119818031_4296354158750125479_n.jpg 300w, https:\/\/mladjxeqsxgv.i.optimole.com\/cb:B3zE.b136\/w:768\/h:515\/q:mauto\/f:best\/https:\/\/ctalker.org\/wp-content\/uploads\/2022\/12\/318462278_10230698119818031_4296354158750125479_n.jpg 768w, https:\/\/mladjxeqsxgv.i.optimole.com\/cb:B3zE.b136\/w:1536\/h:1030\/q:mauto\/f:best\/https:\/\/ctalker.org\/wp-content\/uploads\/2022\/12\/318462278_10230698119818031_4296354158750125479_n.jpg 1536w, https:\/\/mladjxeqsxgv.i.optimole.com\/cb:B3zE.b136\/w:1610\/h:1080\/q:mauto\/f:best\/https:\/\/ctalker.org\/wp-content\/uploads\/2022\/12\/318462278_10230698119818031_4296354158750125479_n.jpg 2048w, https:\/\/mladjxeqsxgv.i.optimole.com\/cb:B3zE.b136\/w:1610\/h:1080\/q:mauto\/f:best\/dpr:2\/https:\/\/ctalker.org\/wp-content\/uploads\/2022\/12\/318462278_10230698119818031_4296354158750125479_n.jpg 2x\" sizes=\"(max-width: 606px) 100vw, 606px\" \/><\/figure>\n<\/div>\n\n\n<p style=\"text-align: justify;\">Zal\u00e1n Vince \u00e9rtelmez\u00e9s\u00e9ben, Almodovarn\u00e1l \u201ea m\u00falt mintha egyszer s mindenkorra elt\u0171nt volna. Alakjai sz\u00e1z sz\u00e1zal\u00e9kig a jelenben \u00e9lnek. \u2026, filmjeinek t\u00e1rsadalomkritikai \u00e9le is meglehet\u0151sen tompa. \u2026 val\u00f3j\u00e1ban elfogadja a kor t\u00e1rsadalm\u00e1t, mint adotts\u00e1got, mint k\u00f6r\u00fclm\u00e9nyt. \u2026 A\u00a0<em><strong>K\u00f6t\u00f6zz meg&#8230;\u00a0<\/strong><\/em>f\u00e9rfih\u0151se p\u00e9ld\u00e1ul a t\u00f6rt\u00e9net kezdet\u00e9n nem akar m\u00e1st mint sz\u00e9p feles\u00e9get, gyerekeket, nyugodt \u00e9letet. \u2026 j\u00f3r\u00e9szt csak \u00f6nmaga akarat\u00e1nak-v\u00e1gy\u00e1nak foglya.\u201d \u201eK\u00fcl\u00f6n\u00f6sen \u00e9rdekes Marina szomsz\u00e9dja, Pepe lak\u00e1s\u00e1nak belseje, amelyet Krisztus \u00e9s Sz\u0171z M\u00e1ria romantikus t\u00f6bbsz\u00f6r\u00f6s k\u00e9pei d\u00edsz\u00edtenek, \u00e9s a k\u00f6zel\u00e9ben tal\u00e1lhat\u00f3 egy polc a Mesterek (Masters of the Universe) figur\u00e1ival \u2013 fogalmaz Sandra Vujo\u0161evi\u0107, az \u00fajvid\u00e9ki\u00a0<em>Kakav je film?\u00a0<\/em>\u00edr\u00f3ja.<\/p>\n\n\n<div class=\"wp-block-image\">\n<figure class=\"aligncenter size-full\"><img data-opt-id=631908680  decoding=\"async\" width=\"620\" height=\"360\" src=\"https:\/\/mladjxeqsxgv.i.optimole.com\/cb:B3zE.b136\/w:auto\/h:auto\/q:mauto\/f:best\/https:\/\/ctalker.org\/wp-content\/uploads\/2022\/12\/318571747_10230698119018011_4190946233542775146_n.jpg\" alt=\"\" class=\"wp-image-2506\" srcset=\"https:\/\/mladjxeqsxgv.i.optimole.com\/cb:B3zE.b136\/w:620\/h:360\/q:mauto\/f:best\/https:\/\/ctalker.org\/wp-content\/uploads\/2022\/12\/318571747_10230698119018011_4190946233542775146_n.jpg 620w, https:\/\/mladjxeqsxgv.i.optimole.com\/cb:B3zE.b136\/w:300\/h:174\/q:mauto\/f:best\/https:\/\/ctalker.org\/wp-content\/uploads\/2022\/12\/318571747_10230698119018011_4190946233542775146_n.jpg 300w, https:\/\/mladjxeqsxgv.i.optimole.com\/cb:B3zE.b136\/w:620\/h:360\/q:mauto\/f:best\/dpr:2\/https:\/\/ctalker.org\/wp-content\/uploads\/2022\/12\/318571747_10230698119018011_4190946233542775146_n.jpg 2x\" sizes=\"(max-width: 620px) 100vw, 620px\" \/><\/figure>\n<\/div>\n\n\n<p>\u00c9s akkor a fekete leves:<\/p>\n\n\n\n<p style=\"text-align: justify;\">A film bemutat\u00e1s\u00e1t Spanyolorsz\u00e1gban a t\u00f6bbs\u00e9g j\u00f3l fogadta, b\u00e1r a kritikusok egy r\u00e9sze agg\u00e1lyoskodott. A Berlinal\u00e9n megk\u00e9rd\u0151jelezt\u00e9k Almodovar homoszexualit\u00e1s\u00e1t, k\u00e1b\u00edt\u00f3szerrel val\u00f3 vissza\u00e9l\u00e9sr\u0151l besz\u00e9ltek \u00e9s filmje k\u00e9tes\u00a0spanyoloss\u00e1g\u00e1t firtatt\u00e1k. A Sight and Sound brit kritikusai \u201emeglehet\u0151sen ban\u00e1lisnak, sematikusnak \u00e9s l\u00e9nyeg\u00e9ben humortalannak\u201d jellemezt\u00e9k. Az Egyes\u00fclt \u00c1llamokban a film nyers szexualit\u00e1sa ellen tiltakoztak a hitelmin\u0151s\u00edt\u0151 \u00fcgyn\u00f6ks\u00e9gek \u00e9s a pr\u0171debb k\u00f6zv\u00e9lem\u00e9ny \u2013 meg is kapta a szigor\u00fa korhat\u00e1r besorol\u00e1st. A feminist\u00e1k el\u00edt\u00e9lt\u00e9k szado-mazo felhangjai \u00e9s n\u0151k elleni er\u0151szakoss\u00e1ga miatt. A korabeli modern k\u00f6z\u00f6ns\u00e9g is b\u00edr\u00e1lta Almodovart, mert Banderas n\u0151t b\u00e1ntalmaz\u00f3 \u0151szinte szenved\u00e9lyt\u0151l f\u0171t\u00f6tt, de er\u0151szakos karakter\u00e9nek viselked\u00e9s\u00e9t a rendez\u0151 legitim\u00e1lja. Ricky beteges viselked\u00e9se ambivalens, szorong\u00f3 k\u00f6t\u0151d\u00e9si zavarr\u00f3l \u00e1rulkodik (Bowlby, 1985), ami f\u0151k\u00e9nt a sz\u00fclei korai hal\u00e1la miatt alakult ki, m\u00e9g gyermekkor\u00e1ban \u2013 eg\u00e9sz\u00edti ki mindezt a pszichol\u00f3giai szak\u00e9rt\u0151.<\/p>\n\n\n\n<p>Kieg\u00e9sz\u00edt\u00e9s a t\u00f6rt\u00e9neti \u00e1ttekint\u00e9shez:<\/p>\n\n\n\n<p style=\"text-align: justify;\">Almodovar a hetvenes \u00e9vekben tov\u00e1bb \u00e9l\u0151 avantg\u00e1rd ihlet\u00e9s\u00e9t\u0151l sem mentesen super-8 mm-es, f\u0151k\u00e9nt a melegek szubkult\u00far\u00e1j\u00e1t reprezent\u00e1l\u00f3, nyers hangv\u00e9tel\u0171 underground, \u00f6nreflex\u00edv r\u00f6vidfilmeket k\u00e9sz\u00edt. Majd 1980-ban bemutatj\u00e1k a spanyol ellen kultur\u00e1lis filmm\u0171v\u00e9szet egyik f\u0151 m\u0171v\u00e9t a Pepi, Luci, Bom \u00e9s m\u00e1s l\u00e1nyok a t\u00f6megb\u0151l c\u00edm\u0171 fekete v\u00edgj\u00e1t\u00e9kot. A film sikere a \u201ef\u00f6ldfeletti\u201d (aboveground) elnevez\u00e9s\u0171 ir\u00e1nyzat f\u0151 k\u00e9pvisel\u0151j\u00e9v\u00e9 emeli a rendez\u0151t, aki hamar a spanyol filmm\u0171v\u00e9szet \u00e9lenj\u00e1r\u00f3 meg\u00faj\u00edt\u00f3j\u00e1v\u00e1 v\u00e1lik. Almodovar 16 mm-es filmre forgatott, els\u0151 eg\u00e9sz est\u00e9s j\u00e1t\u00e9kfilmj\u00e9vel indul el azon az \u00faton, ami m\u00e1r \u00e1tmenetet k\u00e9pez az underground \u00e9s a f\u0151sodorbeli eur\u00f3pai \u2013 szerz\u0151i- helyett, szerz\u0151i stiliz\u00e1ci\u00f3j\u00fa, el\u00fczletiesed\u0151, letisztult \u00e9s k\u00f6z\u00e9rthet\u0151 narrat\u00edv\u00e1t haszn\u00e1l\u00f3 \u2013 filmek k\u00f6z\u00f6tt. M\u00e1s sz\u00f3val, a l\u00e1thatatlan kult\u00far\u00e1t a popkult\u00fara l\u00e1tv\u00e1nyos r\u00e9sz\u00e9v\u00e9 avat\u00f3 mester m\u00e1ig tart\u00f3 n\u00e9pszer\u0171s\u00e9ge a kezdet\u00e9t veszi. A m\u00e1b\u00f3l n\u00e9zve, alkot\u00e1sai k\u00f6vetik ezt a szerz\u0151i stiliz\u00e1lts\u00e1g\u00fa, polg\u00e1rpukkaszt\u00f3 \u00e9s egyedis\u00e9gekre \u00e9p\u00edt\u0151, de klasszikus hollywoodi narrat\u00edv\u00e1j\u00fa mainstream st\u00edlust. \u201eAlmodovar ugyanis brav\u00farosan egyens\u00falyoz a filmes kifejez\u00e9sm\u00f3d hat\u00e1smechanizmusa \u00e9s az egy\u00e9ni gondolkod\u00e1sm\u00f3d k\u00f6z\u00f6tt \u2026 azon a hajsz\u00e1lv\u00e9kony sz\u00e1lon, amely a mestermunk\u00e1t a megism\u00e9telhetetlen, egyszer-sz\u00fcletett m\u0171t\u0151l elv\u00e1lasztja.\u201d (ZAL\u00c1N)<\/p>\n\n\n\n<p class=\"has-text-align-right\">Sz\u00e1sz Csongor<\/p>\n","protected":false},"excerpt":{"rendered":"<p>Szabadka\/2022.12.13. Pedro Almodovar: K\u00f6t\u00f6zz meg \u00e9s \u00f6lelj (\u00c1tame!), 1989, angol krimi-dr\u00e1ma, 124 perc A filmm\u0171v\u00e9szetben a 80-as \u00e9vekben az er\u0151teljes eur\u00f3pai m\u0171v\u00e9szfilm-eszt\u00e9tika hagyom\u00e1nya \u00e9s az amerikai hollywoodi \u00e9s f\u00fcggetlen filmek formavil\u00e1g\u00e1nak hat\u00e1skapcsolatai, a posztmodern&#46;&#46;&#46;<\/p>\n","protected":false},"author":3,"featured_media":2507,"comment_status":"open","ping_status":"closed","sticky":false,"template":"","format":"standard","meta":{"rop_custom_images_group":[],"rop_custom_messages_group":[],"rop_publish_now":"initial","rop_publish_now_accounts":[],"rop_publish_now_history":[],"rop_publish_now_status":"pending","_themeisle_gutenberg_block_has_review":false,"footnotes":""},"categories":[8,9],"tags":[],"class_list":["post-2503","post","type-post","status-publish","format-standard","has-post-thumbnail","hentry","category-kurbli","category-kurbli-filmklub"],"featured_image_src":"https:\/\/mladjxeqsxgv.i.optimole.com\/cb:B3zE.b136\/w:auto\/h:auto\/q:mauto\/f:best\/https:\/\/ctalker.org\/wp-content\/uploads\/2022\/12\/318492687_10230698119258017_5434101112798171850_n.jpg","featured_image_src_square":"https:\/\/mladjxeqsxgv.i.optimole.com\/cb:B3zE.b136\/w:auto\/h:auto\/q:mauto\/f:best\/https:\/\/ctalker.org\/wp-content\/uploads\/2022\/12\/318492687_10230698119258017_5434101112798171850_n.jpg","author_info":{"display_name":"Kari","author_link":"https:\/\/ctalker.org\/en\/author\/karina\/"},"_links":{"self":[{"href":"https:\/\/ctalker.org\/en\/wp-json\/wp\/v2\/posts\/2503","targetHints":{"allow":["GET"]}}],"collection":[{"href":"https:\/\/ctalker.org\/en\/wp-json\/wp\/v2\/posts"}],"about":[{"href":"https:\/\/ctalker.org\/en\/wp-json\/wp\/v2\/types\/post"}],"author":[{"embeddable":true,"href":"https:\/\/ctalker.org\/en\/wp-json\/wp\/v2\/users\/3"}],"replies":[{"embeddable":true,"href":"https:\/\/ctalker.org\/en\/wp-json\/wp\/v2\/comments?post=2503"}],"version-history":[{"count":1,"href":"https:\/\/ctalker.org\/en\/wp-json\/wp\/v2\/posts\/2503\/revisions"}],"predecessor-version":[{"id":2508,"href":"https:\/\/ctalker.org\/en\/wp-json\/wp\/v2\/posts\/2503\/revisions\/2508"}],"wp:featuredmedia":[{"embeddable":true,"href":"https:\/\/ctalker.org\/en\/wp-json\/wp\/v2\/media\/2507"}],"wp:attachment":[{"href":"https:\/\/ctalker.org\/en\/wp-json\/wp\/v2\/media?parent=2503"}],"wp:term":[{"taxonomy":"category","embeddable":true,"href":"https:\/\/ctalker.org\/en\/wp-json\/wp\/v2\/categories?post=2503"},{"taxonomy":"post_tag","embeddable":true,"href":"https:\/\/ctalker.org\/en\/wp-json\/wp\/v2\/tags?post=2503"}],"curies":[{"name":"wp","href":"https:\/\/api.w.org\/{rel}","templated":true}]}}