{"id":2494,"date":"2022-08-27T18:48:00","date_gmt":"2022-08-27T17:48:00","guid":{"rendered":"https:\/\/ctalker.org\/?p=2494"},"modified":"2022-12-15T18:56:24","modified_gmt":"2022-12-15T17:56:24","slug":"beszamolo-egy-kizokkent-allapotu-kozossegi-filmmuveszeti-rendezvenysorozatrol","status":"publish","type":"post","link":"https:\/\/ctalker.org\/en\/2022\/08\/27\/beszamolo-egy-kizokkent-allapotu-kozossegi-filmmuveszeti-rendezvenysorozatrol\/","title":{"rendered":"Besz\u00e1mol\u00f3 egy kiz\u00f6kkent \u00e1llapot\u00fa k\u00f6z\u00f6ss\u00e9gi, filmm\u0171v\u00e9szeti rendezv\u00e9nysorozatr\u00f3l"},"content":{"rendered":"\n<p>(a KURBLI Filmklub ny\u00e1ri v\u00e1ltozatai)<\/p>\n\n\n\n<figure class=\"wp-block-image size-large\"><img data-opt-id=179665992  fetchpriority=\"high\" decoding=\"async\" width=\"724\" height=\"1024\" src=\"https:\/\/mladjxeqsxgv.i.optimole.com\/cb:B3zE.b136\/w:724\/h:1024\/q:mauto\/f:best\/https:\/\/ctalker.org\/wp-content\/uploads\/2022\/12\/1-Kurbli-plakat.jpg\" alt=\"\" class=\"wp-image-2495\" srcset=\"https:\/\/mladjxeqsxgv.i.optimole.com\/cb:B3zE.b136\/w:724\/h:1024\/q:mauto\/f:best\/https:\/\/ctalker.org\/wp-content\/uploads\/2022\/12\/1-Kurbli-plakat.jpg 724w, https:\/\/mladjxeqsxgv.i.optimole.com\/cb:B3zE.b136\/w:212\/h:300\/q:mauto\/f:best\/https:\/\/ctalker.org\/wp-content\/uploads\/2022\/12\/1-Kurbli-plakat.jpg 212w, https:\/\/mladjxeqsxgv.i.optimole.com\/cb:B3zE.b136\/w:763\/h:1080\/q:mauto\/f:best\/https:\/\/ctalker.org\/wp-content\/uploads\/2022\/12\/1-Kurbli-plakat.jpg 768w, https:\/\/mladjxeqsxgv.i.optimole.com\/cb:B3zE.b136\/w:763\/h:1080\/q:mauto\/f:best\/https:\/\/ctalker.org\/wp-content\/uploads\/2022\/12\/1-Kurbli-plakat.jpg 1086w, https:\/\/mladjxeqsxgv.i.optimole.com\/cb:B3zE.b136\/w:763\/h:1080\/q:mauto\/f:best\/https:\/\/ctalker.org\/wp-content\/uploads\/2022\/12\/1-Kurbli-plakat.jpg 1414w, https:\/\/mladjxeqsxgv.i.optimole.com\/cb:B3zE.b136\/w:763\/h:1080\/q:mauto\/f:best\/dpr:2\/https:\/\/ctalker.org\/wp-content\/uploads\/2022\/12\/1-Kurbli-plakat.jpg 2x\" sizes=\"(max-width: 724px) 100vw, 724px\" \/><\/figure>\n\n\n\n<figure class=\"wp-block-image size-large\"><img data-opt-id=754941421  fetchpriority=\"high\" decoding=\"async\" width=\"1024\" height=\"709\" src=\"https:\/\/mladjxeqsxgv.i.optimole.com\/cb:B3zE.b136\/w:1024\/h:709\/q:mauto\/f:best\/https:\/\/ctalker.org\/wp-content\/uploads\/2022\/12\/1-malom.jpg\" alt=\"\" class=\"wp-image-2496\" srcset=\"https:\/\/mladjxeqsxgv.i.optimole.com\/cb:B3zE.b136\/w:1024\/h:709\/q:mauto\/f:best\/https:\/\/ctalker.org\/wp-content\/uploads\/2022\/12\/1-malom.jpg 1024w, https:\/\/mladjxeqsxgv.i.optimole.com\/cb:B3zE.b136\/w:300\/h:208\/q:mauto\/f:best\/https:\/\/ctalker.org\/wp-content\/uploads\/2022\/12\/1-malom.jpg 300w, https:\/\/mladjxeqsxgv.i.optimole.com\/cb:B3zE.b136\/w:768\/h:532\/q:mauto\/f:best\/https:\/\/ctalker.org\/wp-content\/uploads\/2022\/12\/1-malom.jpg 768w, https:\/\/mladjxeqsxgv.i.optimole.com\/cb:B3zE.b136\/w:1080\/h:748\/q:mauto\/f:best\/https:\/\/ctalker.org\/wp-content\/uploads\/2022\/12\/1-malom.jpg 1080w, https:\/\/mladjxeqsxgv.i.optimole.com\/cb:B3zE.b136\/w:1080\/h:748\/q:mauto\/f:best\/dpr:2\/https:\/\/ctalker.org\/wp-content\/uploads\/2022\/12\/1-malom.jpg 2x\" sizes=\"(max-width: 1000px) 100vw, 1000px\" \/><\/figure>\n\n\n\n<p>&nbsp;&nbsp;&nbsp;&nbsp;&nbsp;&nbsp;&nbsp;&nbsp;&nbsp;&nbsp;&nbsp; 2022 nyar\u00e1n a mozg\u00f3k\u00e9p kult\u00far\u00e1j\u00e1t energi\u00e1val felt\u00f6lt\u0151 <strong><em>KURBLI Filmklub<\/em><\/strong> h\u00e1rom fesztiv\u00e1lon vend\u00e9geskedett. A kollekt\u00edv elvonatkoztat\u00e1s szabad szellemis\u00e9ge \u00e9s a helyi \u00e9rt\u00e9ken izz\u00f3 vet\u00edt\u00e9sek, a f\u00e9ny\u00edr\u00e1st elnyel\u0151 k\u00f6z\u00f6ns\u00e9g \u00faj, eddig l\u00e1thatatlan form\u00e1it eredm\u00e9nyezt\u00e9k.<\/p>\n\n\n\n<figure class=\"wp-block-image size-large\"><img data-opt-id=1893653934  decoding=\"async\" width=\"1024\" height=\"461\" src=\"https:\/\/mladjxeqsxgv.i.optimole.com\/cb:B3zE.b136\/w:1024\/h:461\/q:mauto\/f:best\/https:\/\/ctalker.org\/wp-content\/uploads\/2022\/12\/2-dombos.jpg\" alt=\"\" class=\"wp-image-2497\" srcset=\"https:\/\/mladjxeqsxgv.i.optimole.com\/cb:B3zE.b136\/w:1024\/h:461\/q:mauto\/f:best\/https:\/\/ctalker.org\/wp-content\/uploads\/2022\/12\/2-dombos-scaled.jpg 1024w, https:\/\/mladjxeqsxgv.i.optimole.com\/cb:B3zE.b136\/w:300\/h:135\/q:mauto\/f:best\/https:\/\/ctalker.org\/wp-content\/uploads\/2022\/12\/2-dombos-scaled.jpg 300w, https:\/\/mladjxeqsxgv.i.optimole.com\/cb:B3zE.b136\/w:768\/h:346\/q:mauto\/f:best\/https:\/\/ctalker.org\/wp-content\/uploads\/2022\/12\/2-dombos-scaled.jpg 768w, https:\/\/mladjxeqsxgv.i.optimole.com\/cb:B3zE.b136\/w:1536\/h:691\/q:mauto\/f:best\/https:\/\/ctalker.org\/wp-content\/uploads\/2022\/12\/2-dombos-scaled.jpg 1536w, https:\/\/mladjxeqsxgv.i.optimole.com\/cb:B3zE.b136\/w:1920\/h:864\/q:mauto\/f:best\/https:\/\/ctalker.org\/wp-content\/uploads\/2022\/12\/2-dombos-scaled.jpg 2048w, https:\/\/mladjxeqsxgv.i.optimole.com\/cb:B3zE.b136\/w:1920\/h:864\/q:mauto\/f:best\/dpr:2\/https:\/\/ctalker.org\/wp-content\/uploads\/2022\/12\/2-dombos-scaled.jpg 2x\" sizes=\"(max-width: 1000px) 100vw, 1000px\" \/><\/figure>\n\n\n\n<p>&nbsp;&nbsp;&nbsp;&nbsp;&nbsp;&nbsp;&nbsp;&nbsp;&nbsp;&nbsp;&nbsp; A \u2013 20. sz\u00e1zad legfontosabb m\u0171v\u00e9szeti innov\u00e1ci\u00f3j\u00e1nak sz\u00e1m\u00edt\u00f3 \u00e9s a m\u0171v\u00e9szetek k\u00f6z\u00f6tt legegyetemesebb \u00e9s hetedik \u2013 filmm\u0171v\u00e9szet rajong\u00f3inak kort\u00e1rs kuri\u00f3zumokra felt\u0171zdelt t\u00fckr\u00f6z\u0151 szemp\u00e1rjai, igazi eszt\u00e9tikai, k\u00e9pnyelvi gy\u00f6ny\u00f6rcsakr\u00e1kat nyitogathattak. A falu k\u00f6z\u00f6ss\u00e9g\u00e9nek t\u00e1rsas\u00e1g\u00e1ban zajl\u00f3 kishegyesi \u00e9s oromi fesztiv\u00e1lvet\u00edt\u00e9sek r\u00e9sztvev\u0151i, valamint a R\u00f3ka tanya lak\u00f3i egyar\u00e1nt vag\u00e1ny, nyitott \u00e9s pozit\u00edv gondolatokat, \u00e9s kij\u00f3zan\u00edt\u00f3 vagy \u00e9ppen k\u00e1pr\u00e1ztat\u00f3 tapasztal\u00e1sokat \u00e9lhettek \u00e1t. K\u00fcl\u00f6nlegesen \u00faj l\u00e1tv\u00e1nyokat \u00e9s \u00e1llapotokat teremt\u0151 programsorozat val\u00f3sulhatott meg teh\u00e1t Vajdas\u00e1g szerte. A mozi szerelmesei, perg\u0151 k\u00e9peiket v\u00e9g\u00fcl a gy\u00f3gy\u00edt\u00f3 ny\u00e1ri \u00e9jszak\u00e1k \u00f6nk\u00edv\u00fclet\u00e9ben <strong><em>kurbliz<\/em><\/strong>hatt\u00e1k tov\u00e1bb. \u00c9s, hogy az emberi \u00e9lm\u00e9nyeket, mely filmek inspir\u00e1lhatt\u00e1k? L\u00e1ssunk most erre egy-k\u00e9t p\u00e9ld\u00e1t.<\/p>\n\n\n\n<figure class=\"wp-block-image size-large\"><img data-opt-id=6488288  loading=\"lazy\" decoding=\"async\" width=\"1024\" height=\"768\" src=\"https:\/\/mladjxeqsxgv.i.optimole.com\/cb:B3zE.b136\/w:1024\/h:768\/q:mauto\/f:best\/https:\/\/ctalker.org\/wp-content\/uploads\/2022\/12\/3-malom3.jpg\" alt=\"\" class=\"wp-image-2498\" srcset=\"https:\/\/mladjxeqsxgv.i.optimole.com\/cb:B3zE.b136\/w:1024\/h:768\/q:mauto\/f:best\/https:\/\/ctalker.org\/wp-content\/uploads\/2022\/12\/3-malom3-scaled.jpg 1024w, https:\/\/mladjxeqsxgv.i.optimole.com\/cb:B3zE.b136\/w:300\/h:225\/q:mauto\/f:best\/https:\/\/ctalker.org\/wp-content\/uploads\/2022\/12\/3-malom3-scaled.jpg 300w, https:\/\/mladjxeqsxgv.i.optimole.com\/cb:B3zE.b136\/w:768\/h:576\/q:mauto\/f:best\/https:\/\/ctalker.org\/wp-content\/uploads\/2022\/12\/3-malom3-scaled.jpg 768w, https:\/\/mladjxeqsxgv.i.optimole.com\/cb:B3zE.b136\/w:1440\/h:1080\/q:mauto\/f:best\/https:\/\/ctalker.org\/wp-content\/uploads\/2022\/12\/3-malom3-scaled.jpg 1536w, https:\/\/mladjxeqsxgv.i.optimole.com\/cb:B3zE.b136\/w:1440\/h:1080\/q:mauto\/f:best\/https:\/\/ctalker.org\/wp-content\/uploads\/2022\/12\/3-malom3-scaled.jpg 2048w, https:\/\/mladjxeqsxgv.i.optimole.com\/cb:B3zE.b136\/w:1440\/h:1080\/q:mauto\/f:best\/dpr:2\/https:\/\/ctalker.org\/wp-content\/uploads\/2022\/12\/3-malom3-scaled.jpg 2x\" sizes=\"(max-width: 1000px) 100vw, 1000px\" \/><\/figure>\n\n\n\n<p>&nbsp;&nbsp;&nbsp;&nbsp;&nbsp;&nbsp;&nbsp;&nbsp;&nbsp;&nbsp;&nbsp; Az \u00e9szlel\u00e9sek a Dombos Festen voltak tal\u00e1n a legcikorny\u00e1sabbak. Egy olyan helysz\u00ednt lakhattunk be, a Wine Club lebeg\u0151 terasz\u00e1n, ahol a l\u00f6szfalb\u00f3l ki\u00e1ll\u00f3 b\u00f6lcs embercsontokra \u00e9s a lyukacsos \u00e9gi leped\u0151 al\u00e1, a k\u00f6z\u00f6ns\u00e9g s\u00f6t\u00e9ted\u00e9s ut\u00e1n telep\u00fclt \u00e1t. A kil\u00e1t\u00f3 inspir\u00e1l\u00f3 atmoszf\u00e9r\u00e1j\u00e1nak szimbi\u00f3zis\u00e1ban, els\u0151 este a mozimaratont Jos Stelling fesztiv\u00e1lj\u00e1r\u00f3 erotikus r\u00f6vidfilmjei nyitott\u00e1k, azut\u00e1n az Utrechtben \u00e9l\u0151 holland mester egy vaskosabb darabja, <em>Az illuzionista<\/em> k\u00f6vetkezett.<\/p>\n\n\n\n<figure class=\"wp-block-image size-large\"><img data-opt-id=2057973257  loading=\"lazy\" decoding=\"async\" width=\"1024\" height=\"461\" src=\"https:\/\/mladjxeqsxgv.i.optimole.com\/cb:B3zE.b136\/w:1024\/h:461\/q:mauto\/f:best\/https:\/\/ctalker.org\/wp-content\/uploads\/2022\/12\/4-roka.jpg\" alt=\"\" class=\"wp-image-2499\" srcset=\"https:\/\/mladjxeqsxgv.i.optimole.com\/cb:B3zE.b136\/w:1024\/h:461\/q:mauto\/f:best\/https:\/\/ctalker.org\/wp-content\/uploads\/2022\/12\/4-roka-scaled.jpg 1024w, https:\/\/mladjxeqsxgv.i.optimole.com\/cb:B3zE.b136\/w:300\/h:135\/q:mauto\/f:best\/https:\/\/ctalker.org\/wp-content\/uploads\/2022\/12\/4-roka-scaled.jpg 300w, https:\/\/mladjxeqsxgv.i.optimole.com\/cb:B3zE.b136\/w:768\/h:346\/q:mauto\/f:best\/https:\/\/ctalker.org\/wp-content\/uploads\/2022\/12\/4-roka-scaled.jpg 768w, https:\/\/mladjxeqsxgv.i.optimole.com\/cb:B3zE.b136\/w:1536\/h:691\/q:mauto\/f:best\/https:\/\/ctalker.org\/wp-content\/uploads\/2022\/12\/4-roka-scaled.jpg 1536w, https:\/\/mladjxeqsxgv.i.optimole.com\/cb:B3zE.b136\/w:1920\/h:864\/q:mauto\/f:best\/https:\/\/ctalker.org\/wp-content\/uploads\/2022\/12\/4-roka-scaled.jpg 2048w, https:\/\/mladjxeqsxgv.i.optimole.com\/cb:B3zE.b136\/w:1920\/h:864\/q:mauto\/f:best\/dpr:2\/https:\/\/ctalker.org\/wp-content\/uploads\/2022\/12\/4-roka-scaled.jpg 2x\" sizes=\"(max-width: 1000px) 100vw, 1000px\" \/><\/figure>\n\n\n\n<p>&nbsp;&nbsp;&nbsp;&nbsp;&nbsp;&nbsp;&nbsp;&nbsp;&nbsp;&nbsp;&nbsp; M\u00e1snap este az angol Phil Mulloy tusanim\u00e1ci\u00f3inak inv\u00e1zi\u00f3ja zajlott \u00e9s miut\u00e1n <em>A T\u00edzparancsilat<\/em>ot is egyenk\u00e9nt v\u00e9gign\u00e9zt\u00fck, engedve egy v\u00e1ratlan felk\u00e9r\u00e9snek, levet\u00edtettem zen\u00e9s dokumentumfilmem, a <em>Musk\u00e1tli, a Vajdas\u00e1g vir\u00e1gai<\/em>-t. A szombati fergetegben, pedig a d\u00e9l-koreai <em>\u00c9l\u0151sk\u00f6d\u0151k<\/em>t\u0151l sz\u00e1momra egy sokkal eredetibbre siker\u00fclt \u00e9s m\u00e9lyebbre \u00e1s\u00f3 rokondarabot, a <em>Borgman <\/em>c\u00edm\u0171, 2013-as thrillert n\u00e9zhett\u00fck, v\u00e9g\u00fcl az est cs\u00facsfilmj\u00e9nek kiki\u00e1ltott, tajvani Tsai Ming-liang rendezte, <em>Huncut felh\u0151cske<\/em> c\u00edm\u0171, erotikus musical v\u00edgj\u00e1t\u00e9kon t\u00f6prenghett\u00fcnk k\u00e9t nevet\u00e9s k\u00f6z\u00f6tt.<\/p>\n\n\n\n<figure class=\"wp-block-image size-large\"><img data-opt-id=694593534  loading=\"lazy\" decoding=\"async\" width=\"1024\" height=\"768\" src=\"https:\/\/mladjxeqsxgv.i.optimole.com\/cb:B3zE.b136\/w:1024\/h:768\/q:mauto\/f:best\/https:\/\/ctalker.org\/wp-content\/uploads\/2022\/12\/5-malom2.jpg\" alt=\"\" class=\"wp-image-2500\" srcset=\"https:\/\/mladjxeqsxgv.i.optimole.com\/cb:B3zE.b136\/w:1024\/h:768\/q:mauto\/f:best\/https:\/\/ctalker.org\/wp-content\/uploads\/2022\/12\/5-malom2.jpg 1024w, https:\/\/mladjxeqsxgv.i.optimole.com\/cb:B3zE.b136\/w:300\/h:225\/q:mauto\/f:best\/https:\/\/ctalker.org\/wp-content\/uploads\/2022\/12\/5-malom2.jpg 300w, https:\/\/mladjxeqsxgv.i.optimole.com\/cb:B3zE.b136\/w:768\/h:576\/q:mauto\/f:best\/https:\/\/ctalker.org\/wp-content\/uploads\/2022\/12\/5-malom2.jpg 768w, https:\/\/mladjxeqsxgv.i.optimole.com\/cb:B3zE.b136\/w:1440\/h:1080\/q:mauto\/f:best\/https:\/\/ctalker.org\/wp-content\/uploads\/2022\/12\/5-malom2.jpg 1536w, https:\/\/mladjxeqsxgv.i.optimole.com\/cb:B3zE.b136\/w:1440\/h:1080\/q:mauto\/f:best\/https:\/\/ctalker.org\/wp-content\/uploads\/2022\/12\/5-malom2.jpg 2000w, https:\/\/mladjxeqsxgv.i.optimole.com\/cb:B3zE.b136\/w:1440\/h:1080\/q:mauto\/f:best\/dpr:2\/https:\/\/ctalker.org\/wp-content\/uploads\/2022\/12\/5-malom2.jpg 2x\" sizes=\"(max-width: 1000px) 100vw, 1000px\" \/><\/figure>\n\n\n\n<p>&nbsp;&nbsp;&nbsp;&nbsp;&nbsp;&nbsp;&nbsp;&nbsp;&nbsp;&nbsp;&nbsp; A vet\u00edt\u00e9sek a R\u00f3ka Festen \u00e9s a Malomfesztiv\u00e1lon folytat\u00f3dtak. Volt Film Kv\u00edz Nagy Karin\u00e1val, <strong><em>KURBLI Filmklub<\/em><\/strong>os plak\u00e1tki\u00e1ll\u00edt\u00e1s, vet\u00edt\u00e9s k\u00e9pszakad\u00e1sig a szalmab\u00e1l\u00e1k t\u00f6v\u00e9ben, nevetve besz\u00e9lget\u00e9sek a szabadban, azut\u00e1n augusztusban, d\u00e9lut\u00e1nonk\u00e9nt az oromi M\u0171vel\u0151d\u00e9si H\u00e1zban. A sz\u00edvet \u00e9s lelket tel\u00edt\u0151 b\u00e1tor filmkalandok pedig <strong><em>kurbli<\/em><\/strong>s rem\u00e9nyeink szerint megcsiklandozt\u00e1k mindannyiunk j\u00f3\u00e9rz\u00e9shez, tapasztal\u00e1shoz \u00e9s a m\u00e1sik meg\u00e9rt\u00e9s\u00e9hez f\u0171z\u0151d\u0151 szeml\u00e9let\u00fcnket.<\/p>\n\n\n\n<p><em>Sz\u00e1sz Csongor<\/em><\/p>\n","protected":false},"excerpt":{"rendered":"<p>(a KURBLI Filmklub ny\u00e1ri v\u00e1ltozatai) &nbsp;&nbsp;&nbsp;&nbsp;&nbsp;&nbsp;&nbsp;&nbsp;&nbsp;&nbsp;&nbsp; 2022 nyar\u00e1n a mozg\u00f3k\u00e9p kult\u00far\u00e1j\u00e1t energi\u00e1val felt\u00f6lt\u0151 KURBLI Filmklub h\u00e1rom fesztiv\u00e1lon vend\u00e9geskedett. A kollekt\u00edv elvonatkoztat\u00e1s szabad szellemis\u00e9ge \u00e9s a helyi \u00e9rt\u00e9ken izz\u00f3 vet\u00edt\u00e9sek, a f\u00e9ny\u00edr\u00e1st elnyel\u0151 k\u00f6z\u00f6ns\u00e9g \u00faj,&#46;&#46;&#46;<\/p>\n","protected":false},"author":1,"featured_media":2500,"comment_status":"open","ping_status":"closed","sticky":false,"template":"","format":"standard","meta":{"rop_custom_images_group":[],"rop_custom_messages_group":[],"rop_publish_now":"initial","rop_publish_now_accounts":[],"rop_publish_now_history":[],"rop_publish_now_status":"pending","_themeisle_gutenberg_block_has_review":false,"footnotes":""},"categories":[6,8,9],"tags":[],"class_list":["post-2494","post","type-post","status-publish","format-standard","has-post-thumbnail","hentry","category-filmvetites","category-kurbli","category-kurbli-filmklub"],"featured_image_src":"https:\/\/mladjxeqsxgv.i.optimole.com\/cb:B3zE.b136\/w:auto\/h:auto\/q:mauto\/f:best\/https:\/\/ctalker.org\/wp-content\/uploads\/2022\/12\/5-malom2.jpg","featured_image_src_square":"https:\/\/mladjxeqsxgv.i.optimole.com\/cb:B3zE.b136\/w:auto\/h:auto\/q:mauto\/f:best\/https:\/\/ctalker.org\/wp-content\/uploads\/2022\/12\/5-malom2.jpg","author_info":{"display_name":"kriszti\u0430n","author_link":"https:\/\/ctalker.org\/en\/author\/krs\/"},"_links":{"self":[{"href":"https:\/\/ctalker.org\/en\/wp-json\/wp\/v2\/posts\/2494","targetHints":{"allow":["GET"]}}],"collection":[{"href":"https:\/\/ctalker.org\/en\/wp-json\/wp\/v2\/posts"}],"about":[{"href":"https:\/\/ctalker.org\/en\/wp-json\/wp\/v2\/types\/post"}],"author":[{"embeddable":true,"href":"https:\/\/ctalker.org\/en\/wp-json\/wp\/v2\/users\/1"}],"replies":[{"embeddable":true,"href":"https:\/\/ctalker.org\/en\/wp-json\/wp\/v2\/comments?post=2494"}],"version-history":[{"count":2,"href":"https:\/\/ctalker.org\/en\/wp-json\/wp\/v2\/posts\/2494\/revisions"}],"predecessor-version":[{"id":2502,"href":"https:\/\/ctalker.org\/en\/wp-json\/wp\/v2\/posts\/2494\/revisions\/2502"}],"wp:featuredmedia":[{"embeddable":true,"href":"https:\/\/ctalker.org\/en\/wp-json\/wp\/v2\/media\/2500"}],"wp:attachment":[{"href":"https:\/\/ctalker.org\/en\/wp-json\/wp\/v2\/media?parent=2494"}],"wp:term":[{"taxonomy":"category","embeddable":true,"href":"https:\/\/ctalker.org\/en\/wp-json\/wp\/v2\/categories?post=2494"},{"taxonomy":"post_tag","embeddable":true,"href":"https:\/\/ctalker.org\/en\/wp-json\/wp\/v2\/tags?post=2494"}],"curies":[{"name":"wp","href":"https:\/\/api.w.org\/{rel}","templated":true}]}}