{"id":2353,"date":"2022-09-02T14:08:03","date_gmt":"2022-09-02T13:08:03","guid":{"rendered":"https:\/\/ctalker.org\/?p=2353"},"modified":"2022-09-02T14:09:51","modified_gmt":"2022-09-02T13:09:51","slug":"kurbli-keddek-indulnak","status":"publish","type":"post","link":"https:\/\/ctalker.org\/en\/2022\/09\/02\/kurbli-keddek-indulnak\/","title":{"rendered":"Szeptemberi Kurbli M\u0171sor"},"content":{"rendered":"\n<p>Kurbli keddek indulnak, a Lifka M\u0171v\u00e9szmozi Orient Filmklub term\u00e9ben, szeptember 6-t\u00f3l<\/p>\n\n\n\n<p style=\"text-align: center;\">Izgatottan v\u00e1rjuk a szeptembert, hogy a <a href=\"https:\/\/www.facebook.com\/groups\/1114034995691790\/?__cft__[0]=AZXBaspVJSn9FX7WYKPml752Cu9PnHKJPLIHmqh4Eeq9C8xWB5Kn6qEAEMMpf507dmkYgBwUISZNy7AfTW3eaSQkyWRBF5Md2FXvPfIje3YuAqwat1s4GCl3suxWOM6F6RIy5C5_H3yVJeykoPWZPEbb6FyVSiKBwBjqhIAt0od4-yR9RYd_a_Z1_UUvSa-TJiKsmgtpoYPFlkc5wdSUAAU4&amp;__tn__=-UK-y-R\">Kurbli Filmklub<\/a> -al \u00e1tOrient\u00e1l\u00f3djunk <img data-opt-id=64158245  fetchpriority=\"high\" decoding=\"async\" src=\"https:\/\/static.xx.fbcdn.net\/images\/emoji.php\/v9\/tac\/1.5\/16\/1f605.png\" alt=\"????\" width=\"16\" height=\"16\"><img data-opt-id=905020411  fetchpriority=\"high\" decoding=\"async\" src=\"https:\/\/static.xx.fbcdn.net\/images\/emoji.php\/v9\/tab\/1.5\/16\/1f648.png\" alt=\"????\" width=\"16\" height=\"16\">, a Lifka M\u0171v\u00e9szmozi, Orient Filmklub term\u00e9be!<\/p>\n<p style=\"text-align: justify;\">Megtal\u00e1ltuk a legide\u00e1lisabb helysz\u00ednt, ahol folytatni tudjuk eduk\u00e1ci\u00f3s \u00e9s k\u00f6z\u00f6ss\u00e9gi \u00e9lm\u00e9nyt ny\u00fajt\u00f3 tev\u00e9kenys\u00e9g\u00fcnket! Szeretni fogj\u00e1tok, mert:<\/p>\n<ul>\n<li style=\"text-align: justify;\">szuper technikai felszerelts\u00e9g\u0171<\/li>\n<li style=\"text-align: justify;\">a berendez\u00e9s alkalmas kuck\u00f3z\u00f3s moziz\u00e1shoz<\/li>\n<li style=\"text-align: justify;\">maradhatunk a film ut\u00e1n besz\u00e9lgetni<img data-opt-id=974794625  decoding=\"async\" src=\"https:\/\/static.xx.fbcdn.net\/images\/emoji.php\/v9\/td7\/1.5\/16\/2757.png\" alt=\"\u2757\" width=\"16\" height=\"16\"><\/li>\n<\/ul>\n<p><strong>Hol van pontosan <img data-opt-id=346048327  loading=\"lazy\" decoding=\"async\" src=\"https:\/\/static.xx.fbcdn.net\/images\/emoji.php\/v9\/td3\/1.5\/16\/2753.png\" alt=\"\u2753\" width=\"16\" height=\"16\"><\/strong><\/p>\n<p>Szabadk\u00e0n, a Fasizmus \u00e1ldozatainak tere 5 sz\u00e1m alatt, a Lifka Mozi \u00e9s a Kosztol\u00e1nyi Dezs\u0151 Sz\u00ednh\u00e1z udvar\u00e1nak \u00e1rk\u00e1dj\u00e1nak bal oldal\u00e1n, vagyis ne a Brokat kocsm\u00e1ba nyissatok be <img data-opt-id=64158245  fetchpriority=\"high\" decoding=\"async\" src=\"https:\/\/static.xx.fbcdn.net\/images\/emoji.php\/v9\/tac\/1.5\/16\/1f605.png\" alt=\"????\" width=\"16\" height=\"16\">&#8230;<\/p>\n<p>Minden kedden v\u00e1runk <img data-opt-id=1396742190  loading=\"lazy\" decoding=\"async\" src=\"https:\/\/static.xx.fbcdn.net\/images\/emoji.php\/v9\/t93\/1.5\/16\/31_20e3.png\" alt=\"1\ufe0f\u20e3\" width=\"16\" height=\"16\"><img data-opt-id=1600726541  loading=\"lazy\" decoding=\"async\" src=\"https:\/\/static.xx.fbcdn.net\/images\/emoji.php\/v9\/t6c\/1.5\/16\/38_20e3.png\" alt=\"8\ufe0f\u20e3\" width=\"16\" height=\"16\">:<img data-opt-id=1906480341  loading=\"lazy\" decoding=\"async\" src=\"https:\/\/static.xx.fbcdn.net\/images\/emoji.php\/v9\/t74\/1.5\/16\/30_20e3.png\" alt=\"0\ufe0f\u20e3\" width=\"16\" height=\"16\"><img data-opt-id=1906480341  loading=\"lazy\" decoding=\"async\" src=\"https:\/\/static.xx.fbcdn.net\/images\/emoji.php\/v9\/t74\/1.5\/16\/30_20e3.png\" alt=\"0\ufe0f\u20e3\" width=\"16\" height=\"16\">-t\u00f3l<img data-opt-id=974794625  decoding=\"async\" src=\"https:\/\/static.xx.fbcdn.net\/images\/emoji.php\/v9\/td7\/1.5\/16\/2757.png\" alt=\"\u2757\" width=\"16\" height=\"16\"><\/p>\n<p>&nbsp;<\/p>\n\n\n\n<figure class=\"wp-block-image size-large\"><img data-opt-id=1240710081  loading=\"lazy\" decoding=\"async\" width=\"724\" height=\"1024\" src=\"https:\/\/mladjxeqsxgv.i.optimole.com\/cb:B3zE.b136\/w:724\/h:1024\/q:mauto\/f:best\/https:\/\/ctalker.org\/wp-content\/uploads\/2022\/09\/Majus-1.jpg\" alt=\"\" class=\"wp-image-2354\" srcset=\"https:\/\/mladjxeqsxgv.i.optimole.com\/cb:B3zE.b136\/w:724\/h:1024\/q:mauto\/f:best\/https:\/\/ctalker.org\/wp-content\/uploads\/2022\/09\/Majus-1.jpg 724w, https:\/\/mladjxeqsxgv.i.optimole.com\/cb:B3zE.b136\/w:212\/h:300\/q:mauto\/f:best\/https:\/\/ctalker.org\/wp-content\/uploads\/2022\/09\/Majus-1.jpg 212w, https:\/\/mladjxeqsxgv.i.optimole.com\/cb:B3zE.b136\/w:763\/h:1080\/q:mauto\/f:best\/https:\/\/ctalker.org\/wp-content\/uploads\/2022\/09\/Majus-1.jpg 768w, https:\/\/mladjxeqsxgv.i.optimole.com\/cb:B3zE.b136\/w:763\/h:1080\/q:mauto\/f:best\/https:\/\/ctalker.org\/wp-content\/uploads\/2022\/09\/Majus-1.jpg 1086w, https:\/\/mladjxeqsxgv.i.optimole.com\/cb:B3zE.b136\/w:763\/h:1080\/q:mauto\/f:best\/https:\/\/ctalker.org\/wp-content\/uploads\/2022\/09\/Majus-1.jpg 1414w, https:\/\/mladjxeqsxgv.i.optimole.com\/cb:B3zE.b136\/w:763\/h:1080\/q:mauto\/f:best\/dpr:2\/https:\/\/ctalker.org\/wp-content\/uploads\/2022\/09\/Majus-1.jpg 2x\" sizes=\"(max-width: 724px) 100vw, 724px\" \/><\/figure>\n","protected":false},"excerpt":{"rendered":"<p>Kurbli keddek indulnak, a Lifka M\u0171v\u00e9szmozi Orient Filmklub term\u00e9ben, szeptember 6-t\u00f3l Izgatottan v\u00e1rjuk a szeptembert, hogy a Kurbli Filmklub -al \u00e1tOrient\u00e1l\u00f3djunk , a Lifka M\u0171v\u00e9szmozi, Orient Filmklub term\u00e9be! Megtal\u00e1ltuk a legide\u00e1lisabb helysz\u00ednt, ahol folytatni&#46;&#46;&#46;<\/p>\n","protected":false},"author":3,"featured_media":2354,"comment_status":"open","ping_status":"closed","sticky":false,"template":"","format":"standard","meta":{"rop_custom_images_group":[],"rop_custom_messages_group":[],"rop_publish_now":"initial","rop_publish_now_accounts":[],"rop_publish_now_history":[],"rop_publish_now_status":"pending","_themeisle_gutenberg_block_has_review":false,"footnotes":""},"categories":[8,9],"tags":[],"class_list":["post-2353","post","type-post","status-publish","format-standard","has-post-thumbnail","hentry","category-kurbli","category-kurbli-filmklub"],"featured_image_src":"https:\/\/mladjxeqsxgv.i.optimole.com\/cb:B3zE.b136\/w:auto\/h:auto\/q:mauto\/f:best\/https:\/\/ctalker.org\/wp-content\/uploads\/2022\/09\/Majus-1.jpg","featured_image_src_square":"https:\/\/mladjxeqsxgv.i.optimole.com\/cb:B3zE.b136\/w:auto\/h:auto\/q:mauto\/f:best\/https:\/\/ctalker.org\/wp-content\/uploads\/2022\/09\/Majus-1.jpg","author_info":{"display_name":"Kari","author_link":"https:\/\/ctalker.org\/en\/author\/karina\/"},"_links":{"self":[{"href":"https:\/\/ctalker.org\/en\/wp-json\/wp\/v2\/posts\/2353","targetHints":{"allow":["GET"]}}],"collection":[{"href":"https:\/\/ctalker.org\/en\/wp-json\/wp\/v2\/posts"}],"about":[{"href":"https:\/\/ctalker.org\/en\/wp-json\/wp\/v2\/types\/post"}],"author":[{"embeddable":true,"href":"https:\/\/ctalker.org\/en\/wp-json\/wp\/v2\/users\/3"}],"replies":[{"embeddable":true,"href":"https:\/\/ctalker.org\/en\/wp-json\/wp\/v2\/comments?post=2353"}],"version-history":[{"count":2,"href":"https:\/\/ctalker.org\/en\/wp-json\/wp\/v2\/posts\/2353\/revisions"}],"predecessor-version":[{"id":2356,"href":"https:\/\/ctalker.org\/en\/wp-json\/wp\/v2\/posts\/2353\/revisions\/2356"}],"wp:featuredmedia":[{"embeddable":true,"href":"https:\/\/ctalker.org\/en\/wp-json\/wp\/v2\/media\/2354"}],"wp:attachment":[{"href":"https:\/\/ctalker.org\/en\/wp-json\/wp\/v2\/media?parent=2353"}],"wp:term":[{"taxonomy":"category","embeddable":true,"href":"https:\/\/ctalker.org\/en\/wp-json\/wp\/v2\/categories?post=2353"},{"taxonomy":"post_tag","embeddable":true,"href":"https:\/\/ctalker.org\/en\/wp-json\/wp\/v2\/tags?post=2353"}],"curies":[{"name":"wp","href":"https:\/\/api.w.org\/{rel}","templated":true}]}}