{"id":2063,"date":"2022-06-01T09:55:44","date_gmt":"2022-06-01T08:55:44","guid":{"rendered":"https:\/\/ctalker.org\/?p=2063"},"modified":"2022-08-17T19:26:24","modified_gmt":"2022-08-17T18:26:24","slug":"kurbli-filmklub-jeles-andras-a-kis-valentino","status":"publish","type":"post","link":"https:\/\/ctalker.org\/en\/2022\/06\/01\/kurbli-filmklub-jeles-andras-a-kis-valentino\/","title":{"rendered":"Kurbli Filmklub: Jeles Andr\u00e1s-A kis Valentino"},"content":{"rendered":"\n<p>Szabadka\/2022.05.31.<\/p>\n\n\n\n<p>Jeles Andr\u00e1s: A kis Valentino, 1977, magyar filmdr\u00e1ma, 90 p.<\/p>\n\n\n\n<p class=\"has-text-align-center\"><em>\u201eNincs semmi, ami jobban megzavarta volna a filmesek agy\u00e1t, mint a&nbsp;<strong>filmszer\u0171s\u00e9g<\/strong>.\u201d<\/em> Jeles Andr\u00e1s<\/p>\n\n\n\n<p>\u201eKev\u00e9s n\u00e1la humorosabb filmk\u00e9sz\u00edt\u0151t ismer\u00fcnk.\u201d (B\u00e1ron) Jeles Andr\u00e1s t\u00e1rsadalmi groteszk szat\u00edr\u00e1ba oltott egzisztencialista remekm\u0171ve \u201eabszurd dokumentarizmus.\u201d (KAB) <\/p>\n\n\n\n<p style=\"text-align: justify;\">Az \u201e\u00f6nmaga logik\u00e1j\u00e1nak ellentmond\u00f3 elbesz\u00e9l\u00e9sm\u00f3d\u201d (Gelencs\u00e9r), kezdetben reflex\u00edv \u00e9s \u00f6nleleplez\u0151 burleszk. Az 1979-ben megjelen\u0151&nbsp;<em>A kis Valentin\u00f3<\/em>&nbsp;a korszak abszol\u00fat kulcsfilmje. Az \u00fajhull\u00e1m avantg\u00e1rd hagyom\u00e1ny\u00e1t a hetvenes \u00e9vek szociografikus magyar dokumentarista j\u00e1t\u00e9kfilmjeinek kiforgat\u00e1s\u00e1val id\u00e9zi meg. A rendez\u0151 \u00f6sszetett audiovizu\u00e1lis \u00e9s egym\u00e1st kiolt\u00f3 \u00e9s egyben \u00fajra\u00e9p\u00edt\u0151 \u00e1br\u00e1zol\u00e1s- \u00e9s elbesz\u00e9l\u00e9sb\u00e9li stil\u00e1ris megold\u00e1saival, m\u00e9g az elemi k\u00e9pbe\u00e1ll\u00edt\u00e1sok szintj\u00e9n is \u00fctk\u00f6zteti a dokumentumfilm \u00e9s a j\u00e1t\u00e9kfilm konvenci\u00f3it, hogy v\u00e9g\u00fcl a modern ember \u201eantropol\u00f3giai\u201d jelent\u0151s\u00e9g\u00e9re terelje a n\u00e9z\u0151i figyelmet, \u00e9s egy szabadabb \u00e9s \u201eegyetemesebb l\u00e9tfiloz\u00f3fiai n\u00e9z\u0151pontot\u201d (Czirj\u00e1k) teremtsen, de \u201enem ideol\u00f3giailag \u2013 formailag provokat\u00edv. \u2026 Megpr\u00f3b\u00e1lja \u00f6ntudatra \u00e9breszteni a magyar filmet mind nyelvi-po\u00e9tikai, mind t\u00e1rsadalmi-politikai \u00e9rtelemben \u2026 a val\u00f3s\u00e1g \u00e9s k\u00e9pzelet medi\u00e1lis k\u00f6ztess\u00e9g\u00e9re tal\u00e1l r\u00e1. \u2026\u201e (Gelencs\u00e9r)<\/p>\n<p>&nbsp;<\/p>\n\n\n<div class=\"wp-block-image\">\n<figure class=\"aligncenter size-full\"><img data-opt-id=89530457  fetchpriority=\"high\" decoding=\"async\" width=\"720\" height=\"405\" src=\"https:\/\/mladjxeqsxgv.i.optimole.com\/cb:B3zE.b136\/w:auto\/h:auto\/q:mauto\/f:best\/https:\/\/ctalker.org\/wp-content\/uploads\/2022\/06\/videoPreview.webp\" alt=\"\" class=\"wp-image-2066\" srcset=\"https:\/\/mladjxeqsxgv.i.optimole.com\/cb:B3zE.b136\/w:720\/h:405\/q:mauto\/f:best\/https:\/\/ctalker.org\/wp-content\/uploads\/2022\/06\/videoPreview.webp 720w, https:\/\/mladjxeqsxgv.i.optimole.com\/cb:B3zE.b136\/w:300\/h:169\/q:mauto\/f:best\/https:\/\/ctalker.org\/wp-content\/uploads\/2022\/06\/videoPreview.webp 300w, https:\/\/mladjxeqsxgv.i.optimole.com\/cb:B3zE.b136\/w:720\/h:405\/q:mauto\/f:best\/dpr:2\/https:\/\/ctalker.org\/wp-content\/uploads\/2022\/06\/videoPreview.webp 2x\" sizes=\"(max-width: 720px) 100vw, 720px\" \/><\/figure>\n<\/div>\n\n\n<p style=\"text-align: justify;\">\u201eJeles nem filmben gondolkodik, hanem spiritu\u00e1lis k\u00e9pekben. Nem az egyes konvenci\u00f3k hatalm\u00e1t akarja megt\u00f6rni, hanem a film\u00e9t mint mat\u00e9ri\u00e1\u00e9t, hogy megmutathassa a benne rejt\u0151z\u0151 szellemit. \u2026 Nem filmet akarunk l\u00e1tni, hanem filmen megjelen\u0151 \u00e1lmot. \u2026 A filmben vigasztal\u00e1st tal\u00e1lnak mindazok, akik sz\u00e1m\u00e1ra az \u00f6r\u00f6kk\u00e9val\u00f3s\u00e1g csup\u00e1n az \u00e9letr\u0151l sz\u00f6v\u00f6getett \u00e1lmok v\u00e9gtelen sorozata.\u201d (KAB)<\/p>\n<p style=\"text-align: justify;\">\u201e\u2026 a v\u00e1ratlan, l\u00e1thatatlan, artikul\u00e1l(hat)atlan jelent\u00e9sek \u00e9s l\u00e9tm\u00f3dok felvillant\u00e1sa a c\u00e9l. Az teh\u00e1t, hogy a szociol\u00f3giailag j\u00f3l azonos\u00edthat\u00f3 k\u00f6zegben j\u00e1tsz\u00f3d\u00f3 film a fel\u00e1ll\u00edtott konvenci\u00f3kb\u00f3l t\u00f6rt\u00e9n\u0151 folyamatos kil\u00e9p\u00e9sek k\u00f6vetkezt\u00e9ben minduntalan kil\u00e9pjen \u00f6nmag\u00e1b\u00f3l is, s mintegy \u00f6nmag\u00e1t sz\u00e9tfesz\u00edtve egy t\u00e1vlatosabb ember- \u00e9s vil\u00e1gk\u00e9pet fogalmazzon meg.\u201d (Gelencs\u00e9r)<\/p>\n<p>&nbsp;<\/p>\n\n\n<div class=\"wp-block-image\">\n<figure class=\"aligncenter size-full\"><img data-opt-id=1153023476  fetchpriority=\"high\" decoding=\"async\" width=\"540\" height=\"372\" src=\"https:\/\/mladjxeqsxgv.i.optimole.com\/cb:B3zE.b136\/w:auto\/h:auto\/q:mauto\/f:best\/https:\/\/ctalker.org\/wp-content\/uploads\/2022\/06\/tumblr_oxzfr9iBe41wcjwqlo1_540.jpg\" alt=\"\" class=\"wp-image-2067\" srcset=\"https:\/\/mladjxeqsxgv.i.optimole.com\/cb:B3zE.b136\/w:540\/h:372\/q:mauto\/f:best\/https:\/\/ctalker.org\/wp-content\/uploads\/2022\/06\/tumblr_oxzfr9iBe41wcjwqlo1_540.jpg 540w, https:\/\/mladjxeqsxgv.i.optimole.com\/cb:B3zE.b136\/w:300\/h:207\/q:mauto\/f:best\/https:\/\/ctalker.org\/wp-content\/uploads\/2022\/06\/tumblr_oxzfr9iBe41wcjwqlo1_540.jpg 300w, https:\/\/mladjxeqsxgv.i.optimole.com\/cb:B3zE.b136\/w:540\/h:372\/q:mauto\/f:best\/dpr:2\/https:\/\/ctalker.org\/wp-content\/uploads\/2022\/06\/tumblr_oxzfr9iBe41wcjwqlo1_540.jpg 2x\" sizes=\"(max-width: 540px) 100vw, 540px\" \/><figcaption>Jelenet a filmb\u0151l<\/figcaption><\/figure>\n<\/div>\n\n\n<p style=\"text-align: justify;\">\u201eMintha a dokumentumszer\u0171s\u00e9g \u00e9s a fiktivit\u00e1s titk\u00e1t keresn\u00e9 vagy leplezn\u00e9 le a dokumentum \u00e9s a fikci\u00f3 l\u00e1tv\u00e1nyos \u00e9s egyidej\u0171 imit\u00e1l\u00e1s\u00e1val. (\u2026) S m\u00edg a dokumentum \u00e9s a fikci\u00f3 k\u00f6z\u00f6tti senkif\u00f6ldj\u00e9n t\u00e9nfereg, pillanatokra siker\u00fcl kit\u00f6rnie valamilyen v\u00edzi\u00f3 fel\u00e9, mely mindkett\u0151 manipul\u00e1lts\u00e1g\u00e1t\u00f3l mentesnek l\u00e1tszik.\u201d (Forg\u00e1ch)<\/p>\n\n\n\n<p style=\"text-align: justify;\">\u201e\u2026 egy kommunik\u00e1ci\u00f3s viszonyba beker\u00fclt t\u00e9ny elveszti t\u00e9ny volt\u00e1t, \u00e9s \u00e1ll\u00edt\u00e1ss\u00e1 v\u00e1ltozik, amihez komment\u00e1r sz\u00fcks\u00e9ges \u2026\u201d (KAB)<\/p>\n<p style=\"text-align: right;\">Sz\u00e1sz Csongor<\/p>\n<p>&nbsp;<\/p>\n\n\n<div class=\"wp-block-image\">\n<figure class=\"aligncenter size-large is-resized\"><img data-opt-id=2087418457  decoding=\"async\" src=\"https:\/\/mladjxeqsxgv.i.optimole.com\/cb:B3zE.b136\/w:1024\/h:229\/q:mauto\/f:best\/https:\/\/ctalker.org\/wp-content\/uploads\/2022\/08\/megvalosult_a_magyar_kormany_tamogatasaval_bga_alap-1.jpg\" alt=\"\" class=\"wp-image-2279\" width=\"710\" height=\"159\" srcset=\"https:\/\/mladjxeqsxgv.i.optimole.com\/cb:B3zE.b136\/w:1024\/h:229\/q:mauto\/f:best\/https:\/\/ctalker.org\/wp-content\/uploads\/2022\/08\/megvalosult_a_magyar_kormany_tamogatasaval_bga_alap-1.jpg 1024w, https:\/\/mladjxeqsxgv.i.optimole.com\/cb:B3zE.b136\/w:300\/h:67\/q:mauto\/f:best\/https:\/\/ctalker.org\/wp-content\/uploads\/2022\/08\/megvalosult_a_magyar_kormany_tamogatasaval_bga_alap-1.jpg 300w, https:\/\/mladjxeqsxgv.i.optimole.com\/cb:B3zE.b136\/w:768\/h:171\/q:mauto\/f:best\/https:\/\/ctalker.org\/wp-content\/uploads\/2022\/08\/megvalosult_a_magyar_kormany_tamogatasaval_bga_alap-1.jpg 768w, https:\/\/mladjxeqsxgv.i.optimole.com\/cb:B3zE.b136\/w:1536\/h:343\/q:mauto\/f:best\/https:\/\/ctalker.org\/wp-content\/uploads\/2022\/08\/megvalosult_a_magyar_kormany_tamogatasaval_bga_alap-1.jpg 1536w, https:\/\/mladjxeqsxgv.i.optimole.com\/cb:B3zE.b136\/w:1920\/h:428\/q:mauto\/f:best\/https:\/\/ctalker.org\/wp-content\/uploads\/2022\/08\/megvalosult_a_magyar_kormany_tamogatasaval_bga_alap-1.jpg 2048w, https:\/\/mladjxeqsxgv.i.optimole.com\/cb:B3zE.b136\/w:1920\/h:428\/q:mauto\/f:best\/dpr:2\/https:\/\/ctalker.org\/wp-content\/uploads\/2022\/08\/megvalosult_a_magyar_kormany_tamogatasaval_bga_alap-1.jpg 2x\" sizes=\"(max-width: 710px) 100vw, 710px\" \/><figcaption>Megval\u00f3sult a Magyar Korm\u00e1ny t\u00e1mogat\u00e1s\u00e1val<\/figcaption><\/figure>\n<\/div>","protected":false},"excerpt":{"rendered":"<p>Szabadka\/2022.05.31. Jeles Andr\u00e1s: A kis Valentino, 1977, magyar filmdr\u00e1ma, 90 p. \u201eNincs semmi, ami jobban megzavarta volna a filmesek agy\u00e1t, mint a&nbsp;filmszer\u0171s\u00e9g.\u201d Jeles Andr\u00e1s \u201eKev\u00e9s n\u00e1la humorosabb filmk\u00e9sz\u00edt\u0151t ismer\u00fcnk.\u201d (B\u00e1ron) Jeles Andr\u00e1s t\u00e1rsadalmi groteszk&#46;&#46;&#46;<\/p>\n","protected":false},"author":3,"featured_media":2071,"comment_status":"open","ping_status":"closed","sticky":false,"template":"","format":"standard","meta":{"rop_custom_images_group":[],"rop_custom_messages_group":[],"rop_publish_now":"initial","rop_publish_now_accounts":[],"rop_publish_now_history":[],"rop_publish_now_status":"pending","_themeisle_gutenberg_block_has_review":false,"footnotes":""},"categories":[8,9],"tags":[],"class_list":["post-2063","post","type-post","status-publish","format-standard","has-post-thumbnail","hentry","category-kurbli","category-kurbli-filmklub"],"featured_image_src":"https:\/\/mladjxeqsxgv.i.optimole.com\/cb:B3zE.b136\/w:auto\/h:auto\/q:mauto\/f:best\/https:\/\/ctalker.org\/wp-content\/uploads\/2022\/06\/2890-valen.jpg","featured_image_src_square":"https:\/\/mladjxeqsxgv.i.optimole.com\/cb:B3zE.b136\/w:auto\/h:auto\/q:mauto\/f:best\/https:\/\/ctalker.org\/wp-content\/uploads\/2022\/06\/2890-valen.jpg","author_info":{"display_name":"Kari","author_link":"https:\/\/ctalker.org\/en\/author\/karina\/"},"_links":{"self":[{"href":"https:\/\/ctalker.org\/en\/wp-json\/wp\/v2\/posts\/2063","targetHints":{"allow":["GET"]}}],"collection":[{"href":"https:\/\/ctalker.org\/en\/wp-json\/wp\/v2\/posts"}],"about":[{"href":"https:\/\/ctalker.org\/en\/wp-json\/wp\/v2\/types\/post"}],"author":[{"embeddable":true,"href":"https:\/\/ctalker.org\/en\/wp-json\/wp\/v2\/users\/3"}],"replies":[{"embeddable":true,"href":"https:\/\/ctalker.org\/en\/wp-json\/wp\/v2\/comments?post=2063"}],"version-history":[{"count":4,"href":"https:\/\/ctalker.org\/en\/wp-json\/wp\/v2\/posts\/2063\/revisions"}],"predecessor-version":[{"id":2335,"href":"https:\/\/ctalker.org\/en\/wp-json\/wp\/v2\/posts\/2063\/revisions\/2335"}],"wp:featuredmedia":[{"embeddable":true,"href":"https:\/\/ctalker.org\/en\/wp-json\/wp\/v2\/media\/2071"}],"wp:attachment":[{"href":"https:\/\/ctalker.org\/en\/wp-json\/wp\/v2\/media?parent=2063"}],"wp:term":[{"taxonomy":"category","embeddable":true,"href":"https:\/\/ctalker.org\/en\/wp-json\/wp\/v2\/categories?post=2063"},{"taxonomy":"post_tag","embeddable":true,"href":"https:\/\/ctalker.org\/en\/wp-json\/wp\/v2\/tags?post=2063"}],"curies":[{"name":"wp","href":"https:\/\/api.w.org\/{rel}","templated":true}]}}