{"id":2044,"date":"2022-05-22T09:28:37","date_gmt":"2022-05-22T08:28:37","guid":{"rendered":"https:\/\/ctalker.org\/?p=2044"},"modified":"2022-08-17T17:25:15","modified_gmt":"2022-08-17T16:25:15","slug":"kurbli-filmklub-igor-es-ivan-buharov-melegvizek-orszaga","status":"publish","type":"post","link":"https:\/\/ctalker.org\/en\/2022\/05\/22\/kurbli-filmklub-igor-es-ivan-buharov-melegvizek-orszaga\/","title":{"rendered":"Kurbli Filmklub: Igor \u00e9s Ivan Buharov-Melegvizek orsz\u00e1ga"},"content":{"rendered":"\n<p>Szabadka\/2022.05.17.<\/p>\n\n\n\n<p>Hevesi N\u00e1ndor, Szil\u00e1gyi Korn\u00e9l: Melegvizek orsz\u00e1ga, 2021, magyar-szlov\u00e1k-norv\u00e9g-n\u00e9met sci-fi v\u00edgj\u00e1t\u00e9k, filmdr\u00e1ma, 82 perc<\/p>\n\n\n\n<p style=\"text-align: justify;\">&nbsp;<\/p>\n<p style=\"text-align: center;\">Az alkot\u00f3p\u00e1ros a 90-es \u00e9vekben kezdett Super 8-as technik\u00e1ra r\u00f6vidfilmeket \u00e9s j\u00e1t\u00e9kfilmeket k\u00e9sz\u00edteni. Tal\u00e1n B\u00f3dy G\u00e1bor vagy Jeles Andr\u00e1s ihletetts\u00e9g\u00e9t\u0151l sem mentesen, Buharov\u00e9knak \u201esiker\u00fclt valamit megragadniuk a k\u00f6z\u00e9p-kelet-eur\u00f3pai vid\u00e9k \u00e9s a poszt-k\u00e1d\u00e1ri \u00e9letvil\u00e1g leny\u0171g\u00f6z\u0151en bizarr \u00e9rtelmetlens\u00e9g\u00e9b\u0151l \u2013 ami ezen a sz\u0171r\u0151n kereszt\u00fcl egyszerre volt r\u00f6hejes, b\u00e1jos, l\u00edrai \u00e9s nyomaszt\u00f3.\u201d (Nagy V.)<\/p>\n<p>Rendhagy\u00f3 vet\u00edt\u00e9ssel szak\u00edtottuk meg line\u00e1ris programunkat, ugyanis egy 2022-ben bemutatott filmmel k\u00e9sz\u00fclt\u00fcnk! Az \u00e9lm\u00e9nyt fokozta, hogy a rendez\u0151p\u00e1ros szem\u00e9lyesen is r\u00e9szt vett a vet\u00edt\u00e9sen, \u00e9s a n\u00e9z\u0151kkel t\u00f6lt\u00f6tte az est h\u00e1tralev\u0151 r\u00e9sz\u00e9t. Az esem\u00e9ny, koprodukci\u00f3ban a Clara i Rosa civil egyes\u00fclet \u00e9s a Kort\u00e1rs Kultur\u00e1lis \u00e9s M\u0171v\u00e9szet K\u00f6zpont &#8220;t\u00e1rsadalmi v\u00e1ltoz\u00e1sok&#8221; programj\u00e1nak keret\u00e9n bel\u00fcl j\u00f6tt l\u00e9tre.&nbsp;<\/p>\n\n\n\n<figure class=\"wp-block-video\"><video height=\"1080\" style=\"aspect-ratio: 1920 \/ 1080;\" width=\"1920\" controls src=\"https:\/\/ctalker.org\/wp-content\/uploads\/2022\/05\/VID_20220520_170950.mp4\"><\/video><figcaption>Szil\u00e1gyi Korn\u00e9l \u00e9s Hevesi N\u00e1ndor a vet\u00edt\u00e9s el\u0151tt<\/figcaption><\/figure>\n\n\n\n<p style=\"text-align: justify;\">A magyarorsz\u00e1gi (neo)avantg\u00e1rd filmm\u0171v\u00e9szet legkarakteresebb \u00e9s szinte egyed\u00fcli kort\u00e1rs \u00e1t\u00f6r\u00f6k\u00edt\u0151i a 2010-es \u00e9vekt\u0151l hidat kezdtek \u00e9p\u00edteni a vajdas\u00e1gi kort\u00e1rs m\u0171v\u00e9szeti szc\u00e9na meghat\u00e1roz\u00f3 szerepl\u0151ivel is. Mondhatni, a&nbsp;<em>Buharov testv\u00e9rek<\/em>, a k\u00fcl\u00f6nb\u00f6z\u0151 gener\u00e1ci\u00f3hoz tartoz\u00f3 szerbiai magyar m\u0171v\u00e9szek er\u0151teljes figur\u00e1iban (legf\u0151k\u00e9pp, tal\u00e1n azok szabad intellektus\u00e1ban) \u00e9s alkot\u00e1saikban leltek utat, az \u00e1tlagost\u00f3l els\u0151 vagy m\u00e1sodik r\u00e1n\u00e9z\u00e9sre tot\u00e1lisan m\u00e1s, k\u00eds\u00e9rletez\u0151, \u00f6nreflex\u00edv filmnyelv\u00fck egyedi, bonyolult asszoci\u00e1ci\u00f3kat \u00e9breszt\u0151 \u00e9s humort \u00e1raszt\u00f3 filmvil\u00e1guk \u00e9p\u00edt\u00e9s\u00e9hez. \u201e2009-ben&nbsp;<em>Promenade&nbsp;<\/em>c\u00edmen k\u00e9sz\u00edtettek portr\u00e9filmet Kir\u00e1ly Ern\u0151 vajdas\u00e1gi zeneszerz\u0151r\u0151l, 2011-ben pedig Ladik Katalin performerr\u0151l (<em>Ladik Katalin portr\u00e9&nbsp;<\/em>c\u00edmen). 2012-ben Szil\u00e1gyi Korn\u00e9l hangj\u00e1t\u00e9kot rendezett Ladik Katalin m\u0171v\u00e9b\u0151l&nbsp;<em>\u00c9lhetek az arcodon?<\/em>&#8211;&nbsp;<em>Bevezet\u00e9s Ladik Katalin mag\u00e1nmitol\u00f3gi\u00e1j\u00e1ba&nbsp;<\/em>c\u00edmen, amelyhez Ivan Buharov egyik zenekara, a The Pastorz k\u00e9sz\u00edtett zen\u00e9t. 2011-ben k\u00e9sz\u00fclt&nbsp;<em>Korm\u00e1nyelt\u00f6r\u00e9sben&nbsp;<\/em>c\u00edm\u0171 filmj\u00fck Domonkos Istv\u00e1n 1971-es verse alapj\u00e1n, amelyben felt\u0171nik Tolnai Ott\u00f3 \u00e9s fia, Tolnai Szabolcs egy-egy r\u00f6vid jelenet erej\u00e9ig.\u201d (St\u0151hr) De a lelt\u00e1r itt m\u00e9g kor\u00e1ntsem teljes! Azt tudt\u00e1k-e p\u00e9ld\u00e1ul, hogy Sirbik Attila&nbsp;<em>St. Euphemia&nbsp;<\/em>c\u00edm\u0171 reg\u00e9ny\u00e9b\u0151l&nbsp;<em>Molytej&nbsp;<\/em>c\u00edmen Buharov\u00e9k r\u00f6vidfilmet k\u00e9sz\u00edtettek, ahol az \u00f6nreflex\u00edv csal\u00e1dt\u00f6rt\u00e9netben felt\u0171n\u0151 \u00e9desapa szerep\u00e9ben D\u00f6brei D\u00e9nes alak\u00edt? \u00c9s azt hallott\u00e1k, hogy a rendez\u0151k \u00e9l\u00e9nk \u00e9rdekl\u0151d\u00e9st mutattak a vajdas\u00e1gi eredet\u0171 Musk\u00e1tli zene mibenl\u00e9te ir\u00e1nt?!<\/p>\n\n\n\n<figure class=\"wp-block-image size-full\"><img data-opt-id=482376621  fetchpriority=\"high\" decoding=\"async\" width=\"1000\" height=\"563\" src=\"https:\/\/mladjxeqsxgv.i.optimole.com\/cb:B3zE.b136\/w:auto\/h:auto\/q:mauto\/f:best\/https:\/\/ctalker.org\/wp-content\/uploads\/2022\/05\/MV5BZWMxZDk3Y2ItNjFlNS00NWU0LWE1MmYtNWU3ZjRmZTRkNTc0XkEyXkFqcGdeQXVyMjI4NzM1NTM@._V1_FMjpg_UX1000_.jpg\" alt=\"\" class=\"wp-image-2047\" srcset=\"https:\/\/mladjxeqsxgv.i.optimole.com\/cb:B3zE.b136\/w:1000\/h:563\/q:mauto\/f:best\/https:\/\/ctalker.org\/wp-content\/uploads\/2022\/05\/MV5BZWMxZDk3Y2ItNjFlNS00NWU0LWE1MmYtNWU3ZjRmZTRkNTc0XkEyXkFqcGdeQXVyMjI4NzM1NTM@._V1_FMjpg_UX1000_.jpg 1000w, https:\/\/mladjxeqsxgv.i.optimole.com\/cb:B3zE.b136\/w:300\/h:169\/q:mauto\/f:best\/https:\/\/ctalker.org\/wp-content\/uploads\/2022\/05\/MV5BZWMxZDk3Y2ItNjFlNS00NWU0LWE1MmYtNWU3ZjRmZTRkNTc0XkEyXkFqcGdeQXVyMjI4NzM1NTM@._V1_FMjpg_UX1000_.jpg 300w, https:\/\/mladjxeqsxgv.i.optimole.com\/cb:B3zE.b136\/w:768\/h:432\/q:mauto\/f:best\/https:\/\/ctalker.org\/wp-content\/uploads\/2022\/05\/MV5BZWMxZDk3Y2ItNjFlNS00NWU0LWE1MmYtNWU3ZjRmZTRkNTc0XkEyXkFqcGdeQXVyMjI4NzM1NTM@._V1_FMjpg_UX1000_.jpg 768w, https:\/\/mladjxeqsxgv.i.optimole.com\/cb:B3zE.b136\/w:1000\/h:563\/q:mauto\/f:best\/dpr:2\/https:\/\/ctalker.org\/wp-content\/uploads\/2022\/05\/MV5BZWMxZDk3Y2ItNjFlNS00NWU0LWE1MmYtNWU3ZjRmZTRkNTc0XkEyXkFqcGdeQXVyMjI4NzM1NTM@._V1_FMjpg_UX1000_.jpg 2x\" sizes=\"(max-width: 1000px) 100vw, 1000px\" \/><figcaption>Melegvizek orsz\u00e1ga<\/figcaption><\/figure>\n\n\n\n<p style=\"text-align: justify;\">\u201e\u0150k a filmjeikben k\u00eds\u00e9rletet tesznek a t\u00f6rt\u00e9neten t\u00fali dolgoknak az \u00e1br\u00e1zol\u00e1s\u00e1ra, a t\u00f6rt\u00e9net olyan felfog\u00e1s\u00e1ra, ami t\u00f6bb, mint az egyszer\u0171 mesemond\u00e1s \u2026 a t\u00f6rt\u00e9netb\u0151l valamifajta kifel\u00e9 vezet\u0151, vil\u00e1gra utal\u00f3 nyilakat keresnek. \u2026 A Buharovok egy eg\u00e9sz vil\u00e1got teremtenek. Egy vad, lepusztult, nem l\u00e9tez\u0151 vagy nagyon is l\u00e9tez\u0151 tartom\u00e1nyt, ami az idegeinkb\u0151l, \u00e9s a tudatalattinkb\u00f3l ismer\u0151s. \u2026 El\u0151sz\u00f6r is l\u00edra. Pontosabban: az el\u00e9gedetlens\u00e9g \u00e9s a felh\u00e1borod\u00e1s l\u00edr\u00e1ja. Ez a l\u00edra azonban nem l\u00e1gy, nem \u201el\u00edrai\u201d, ink\u00e1bb expressz\u00edv moraj. Buharov\u00e9knak \u00fagy, ahogy van, nem tetszik ez a vil\u00e1g, \u2026 N\u00e1luk \u2026 az ember term\u00e9szetes l\u00e9nny\u00e9 v\u00e1ltozik. Izzad \u00e9s g\u00fanyol\u00f3dik. \u2026 A Buharovok olyan t\u00e1rsadalmi r\u00e9teget szerepeltetnek, juttatnak sz\u00f3hoz, id\u00e9znek meg, amelynek (f\u0151leg ilyen expressz\u00edv, indulati) megjelen\u00edt\u00e9se a polg\u00e1rok sz\u00e1m\u00e1ra zavarba ejt\u0151.\u201d (Grunwalsky)<\/p>\n\n\n\n<figure class=\"wp-block-video\"><video height=\"1080\" style=\"aspect-ratio: 1920 \/ 1080;\" width=\"1920\" controls src=\"https:\/\/ctalker.org\/wp-content\/uploads\/2022\/05\/VID_20220521_153038-1.mp4\"><\/video><figcaption>&#8230;\u00e9s a vet\u00edt\u00e9s v\u00e9g\u00e9n<\/figcaption><\/figure>\n\n\n\n<p class=\"has-text-align-right\">Sz\u00e1sz Csongor<\/p>\n\n\n\n<figure class=\"wp-block-image size-large\"><img data-opt-id=2087418457  fetchpriority=\"high\" decoding=\"async\" width=\"1024\" height=\"229\" src=\"https:\/\/mladjxeqsxgv.i.optimole.com\/cb:B3zE.b136\/w:1024\/h:229\/q:mauto\/f:best\/https:\/\/ctalker.org\/wp-content\/uploads\/2022\/08\/megvalosult_a_magyar_kormany_tamogatasaval_bga_alap-1.jpg\" alt=\"\" class=\"wp-image-2279\" srcset=\"https:\/\/mladjxeqsxgv.i.optimole.com\/cb:B3zE.b136\/w:1024\/h:229\/q:mauto\/f:best\/https:\/\/ctalker.org\/wp-content\/uploads\/2022\/08\/megvalosult_a_magyar_kormany_tamogatasaval_bga_alap-1.jpg 1024w, https:\/\/mladjxeqsxgv.i.optimole.com\/cb:B3zE.b136\/w:300\/h:67\/q:mauto\/f:best\/https:\/\/ctalker.org\/wp-content\/uploads\/2022\/08\/megvalosult_a_magyar_kormany_tamogatasaval_bga_alap-1.jpg 300w, https:\/\/mladjxeqsxgv.i.optimole.com\/cb:B3zE.b136\/w:768\/h:171\/q:mauto\/f:best\/https:\/\/ctalker.org\/wp-content\/uploads\/2022\/08\/megvalosult_a_magyar_kormany_tamogatasaval_bga_alap-1.jpg 768w, https:\/\/mladjxeqsxgv.i.optimole.com\/cb:B3zE.b136\/w:1536\/h:343\/q:mauto\/f:best\/https:\/\/ctalker.org\/wp-content\/uploads\/2022\/08\/megvalosult_a_magyar_kormany_tamogatasaval_bga_alap-1.jpg 1536w, https:\/\/mladjxeqsxgv.i.optimole.com\/cb:B3zE.b136\/w:1920\/h:428\/q:mauto\/f:best\/https:\/\/ctalker.org\/wp-content\/uploads\/2022\/08\/megvalosult_a_magyar_kormany_tamogatasaval_bga_alap-1.jpg 2048w, https:\/\/mladjxeqsxgv.i.optimole.com\/cb:B3zE.b136\/w:1920\/h:428\/q:mauto\/f:best\/dpr:2\/https:\/\/ctalker.org\/wp-content\/uploads\/2022\/08\/megvalosult_a_magyar_kormany_tamogatasaval_bga_alap-1.jpg 2x\" sizes=\"(max-width: 1000px) 100vw, 1000px\" \/><figcaption>Megval\u00f3sult a Magyar Korm\u00e1ny t\u00e1mogat\u00e1s\u00e1val<\/figcaption><\/figure>\n","protected":false},"excerpt":{"rendered":"<p>Szabadka\/2022.05.17. Hevesi N\u00e1ndor, Szil\u00e1gyi Korn\u00e9l: Melegvizek orsz\u00e1ga, 2021, magyar-szlov\u00e1k-norv\u00e9g-n\u00e9met sci-fi v\u00edgj\u00e1t\u00e9k, filmdr\u00e1ma, 82 perc &nbsp; Az alkot\u00f3p\u00e1ros a 90-es \u00e9vekben kezdett Super 8-as technik\u00e1ra r\u00f6vidfilmeket \u00e9s j\u00e1t\u00e9kfilmeket k\u00e9sz\u00edteni. Tal\u00e1n B\u00f3dy G\u00e1bor vagy Jeles Andr\u00e1s&#46;&#46;&#46;<\/p>\n","protected":false},"author":3,"featured_media":2051,"comment_status":"open","ping_status":"closed","sticky":false,"template":"","format":"standard","meta":{"rop_custom_images_group":[],"rop_custom_messages_group":[],"rop_publish_now":"initial","rop_publish_now_accounts":[],"rop_publish_now_history":[],"rop_publish_now_status":"pending","_themeisle_gutenberg_block_has_review":false,"footnotes":""},"categories":[8,9],"tags":[],"class_list":["post-2044","post","type-post","status-publish","format-standard","has-post-thumbnail","hentry","category-kurbli","category-kurbli-filmklub"],"featured_image_src":"https:\/\/mladjxeqsxgv.i.optimole.com\/cb:B3zE.b136\/w:auto\/h:auto\/q:mauto\/f:best\/https:\/\/ctalker.org\/wp-content\/uploads\/2022\/05\/281445444_10229238647812143_5216069646563501951_n.jpg","featured_image_src_square":"https:\/\/mladjxeqsxgv.i.optimole.com\/cb:B3zE.b136\/w:auto\/h:auto\/q:mauto\/f:best\/https:\/\/ctalker.org\/wp-content\/uploads\/2022\/05\/281445444_10229238647812143_5216069646563501951_n.jpg","author_info":{"display_name":"Kari","author_link":"https:\/\/ctalker.org\/en\/author\/karina\/"},"_links":{"self":[{"href":"https:\/\/ctalker.org\/en\/wp-json\/wp\/v2\/posts\/2044","targetHints":{"allow":["GET"]}}],"collection":[{"href":"https:\/\/ctalker.org\/en\/wp-json\/wp\/v2\/posts"}],"about":[{"href":"https:\/\/ctalker.org\/en\/wp-json\/wp\/v2\/types\/post"}],"author":[{"embeddable":true,"href":"https:\/\/ctalker.org\/en\/wp-json\/wp\/v2\/users\/3"}],"replies":[{"embeddable":true,"href":"https:\/\/ctalker.org\/en\/wp-json\/wp\/v2\/comments?post=2044"}],"version-history":[{"count":3,"href":"https:\/\/ctalker.org\/en\/wp-json\/wp\/v2\/posts\/2044\/revisions"}],"predecessor-version":[{"id":2319,"href":"https:\/\/ctalker.org\/en\/wp-json\/wp\/v2\/posts\/2044\/revisions\/2319"}],"wp:featuredmedia":[{"embeddable":true,"href":"https:\/\/ctalker.org\/en\/wp-json\/wp\/v2\/media\/2051"}],"wp:attachment":[{"href":"https:\/\/ctalker.org\/en\/wp-json\/wp\/v2\/media?parent=2044"}],"wp:term":[{"taxonomy":"category","embeddable":true,"href":"https:\/\/ctalker.org\/en\/wp-json\/wp\/v2\/categories?post=2044"},{"taxonomy":"post_tag","embeddable":true,"href":"https:\/\/ctalker.org\/en\/wp-json\/wp\/v2\/tags?post=2044"}],"curies":[{"name":"wp","href":"https:\/\/api.w.org\/{rel}","templated":true}]}}