{"id":1828,"date":"2022-02-06T12:09:29","date_gmt":"2022-02-06T11:09:29","guid":{"rendered":"https:\/\/ctalker.org\/?p=1828"},"modified":"2024-11-24T20:22:45","modified_gmt":"2024-11-24T19:22:45","slug":"kurbli-filmklub-hersko-janos-ket-emelet-boldogsag","status":"publish","type":"post","link":"https:\/\/ctalker.org\/en\/2022\/02\/06\/kurbli-filmklub-hersko-janos-ket-emelet-boldogsag\/","title":{"rendered":"Kurbli Filmklub: Hersk\u00f3 J\u00e1nos-K\u00e9t emelet boldogs\u00e1g"},"content":{"rendered":"\n<p>Szabadka\/2022.02.02<\/p>\n\n\n\n<p>Hersk\u00f3 J\u00e1nos: K\u00e9t emelet boldogs\u00e1g, magyar v\u00edgj\u00e1t\u00e9k, 96 p., 1960.<\/p>\n\n\n\n<p class=\"has-text-align-center\">&#8220;<em>Hersk\u00f3 nemcsak form\u00e1lisan, hanem szeml\u00e9letileg is a nemzed\u00e9ki anal\u00edziseket v\u00e9gz\u0151 szerz\u0151k sor\u00e1ba tartozik, mindenekel\u0151tt a modernizmust keretez\u0151&nbsp;P\u00e1rbesz\u00e9d&nbsp;(1963) \u00e9s&nbsp;N. N. a hal\u00e1l angyala&nbsp;(1970) c\u00edm\u0171 filmj\u00e9vel. <\/em>&#8220;(Gelencs\u00e9r)<\/p>\n\n\n\n<p style=\"text-align: justify;\">A k\u00e9t emelet boldogs\u00e1g, egy&nbsp;minden dr\u00e1mai s\u00falyt n\u00e9lk\u00fcl\u00f6z\u0151, habk\u00f6nny\u0171 v\u00edgj\u00e1t\u00e9knak sz\u00e1nt, t\u00e1rsadalmi \u00e9letk\u00e9peket bemutat\u00f3 korrajz, a budapesti szocialista lak\u00f3telepr\u0151l, 1960-b\u00f3l. Amit a maga kor\u00e1ban, \u00e1ll\u00edt\u00f3lag a Szab\u00f3 csal\u00e1d moziv\u00e1ltozat\u00e1nak tartottak. Hersk\u00f3 szatirikus filmje viszont m\u00e1r a sematikus K\u00e1d\u00e1ri rendszer enyh\u00fcl\u00e9s\u00e9t \u00e9s az 1956 ut\u00e1ni megb\u00e9k\u00e9l\u00e9st \u00e9s \u00f6sszefog\u00e1st vet\u00edti el\u0151, ahol a termel\u00e9s helyett a mag\u00e1n\u00e9let a t\u00e9ma, ahol a mag\u00e1n\u00e9let \u00e9s a panel\u00e9let \u201etechnik\u00e1in\u201d \u0151szint\u00e9bben lehet viccel\u0151dni. Persze ebben a fimben is dolgoznak a karakterek, de a film \u00fczenete m\u00e1r eg\u00e9szen m\u00e1s, mint amit a sztahanovista filmek hazudtak p\u00e1r \u00e9vvel kor\u00e1bban. Hersk\u00f3 felsz\u00ednes m\u0171v\u00e9szi f\u00fcllent\u00e9se m\u00e9gis, csup\u00e1n ir\u00e1nymutat\u00f3 marad. Ezzel viszont el\u00e9ri, hogy a magyar filmt\u00e9ma kibont\u00e1s\u00e1nak a fejl\u0151d\u00e9s\u00e9t nyomon k\u00f6vethess\u00fck \u00e9s a filmes korszakok k\u00f6z\u00f6tti \u201ep\u00e1rbesz\u00e9det\u201d is megalapozza. Filmj\u00e9ben a k\u00fcl\u00f6nb\u00f6z\u0151 t\u00e1rsadalmi st\u00e1tusz\u00fa \u00e9s csal\u00e1di h\u00e1tter\u0171 fiatal h\u00e1zasok szappanoper\u00e1ba ill\u0151 sablonjait vonultatja fel. Szocre\u00e1l b\u00fatorok \u00e9s divatok k\u00f6zt tobz\u00f3d\u00f3 optimista fiatalok \u0151k, akik m\u00e1r hars\u00e1ny nyugati zen\u00e9t hallgathatnak \u00e9s akikn\u00e9l hol ez romlik el, hol az. A filmen az olasz neorealista kom\u00e9diaf\u00fcz\u00e9rek frivols\u00e1ga \u00e9s a Kabos Gyula \u00f3ta kitaposott pesti kispolg\u00e1ri sors humora is \u00e1t\u00e9rezhet\u0151.<\/p>\n\n\n<div class=\"wp-block-image\">\n<figure class=\"aligncenter size-full\"><img data-opt-id=1350040560  fetchpriority=\"high\" decoding=\"async\" width=\"400\" height=\"279\" src=\"https:\/\/mladjxeqsxgv.i.optimole.com\/cb:B3zE.b136\/w:auto\/h:auto\/q:mauto\/f:best\/https:\/\/ctalker.org\/wp-content\/uploads\/2022\/02\/01f50fe7b2405e7fef50927d66448f9d026af94485.jpg\" alt=\"\" class=\"wp-image-1831\" srcset=\"https:\/\/mladjxeqsxgv.i.optimole.com\/cb:B3zE.b136\/w:400\/h:279\/q:mauto\/f:best\/https:\/\/ctalker.org\/wp-content\/uploads\/2022\/02\/01f50fe7b2405e7fef50927d66448f9d026af94485.jpg 400w, https:\/\/mladjxeqsxgv.i.optimole.com\/cb:B3zE.b136\/w:300\/h:209\/q:mauto\/f:best\/https:\/\/ctalker.org\/wp-content\/uploads\/2022\/02\/01f50fe7b2405e7fef50927d66448f9d026af94485.jpg 300w, https:\/\/mladjxeqsxgv.i.optimole.com\/cb:B3zE.b136\/w:400\/h:279\/q:mauto\/f:best\/dpr:2\/https:\/\/ctalker.org\/wp-content\/uploads\/2022\/02\/01f50fe7b2405e7fef50927d66448f9d026af94485.jpg 2x\" sizes=\"(max-width: 400px) 100vw, 400px\" \/><figcaption class=\"wp-element-caption\">K\u00f6z\u00e9pen: T\u00f6r\u0151csik Mari, mint Farsang Guszt\u00e1vn\u00e9 Kati<\/figcaption><\/figure>\n<\/div>\n\n\n<p style=\"text-align: justify;\">A s\u00falytalan romcom \u00e9s sitcom humorral \u00e1titatott film a mozip\u00e9nzt\u00e1rakn\u00e1l m\u00e9gis nagy sikert aratott. S\u0151t a m\u00e1b\u00f3l szeml\u00e9lve a korszakot \u00e9s Hersk\u00f3 intenci\u00f3it, a film eml\u00e9kezetesnek \u00e9s tanuls\u00e1gosnak is mondhat\u00f3. Ennek els\u0151dleges oka az \u00fcgyes sz\u00edn\u00e9szv\u00e1laszt\u00e1s \u00e9s a ki\u00fcres\u00edtett mesesz\u00f6v\u00e9s besz\u00e9desebb r\u00e9szletei. A n\u00e9pszer\u0171 szt\u00e1rok, mint Krencsey Marianne, T\u00f6r\u0151csik Mari, Garas Dezs\u0151, Kiss Manyi, Szab\u00f3 Ern\u0151 mellett \u00faj tehets\u00e9gek \u00fcd\u00edt\u0151 jelenl\u00e9te hatja \u00e1t a filmkock\u00e1kat. Els\u0151dlegesen a Domj\u00e1n Edit-Kal\u00f3 Fl\u00f3ri\u00e1n h\u00e1zasp\u00e1r felfedez\u00e9se bizonyul telital\u00e1latnak. De Szab\u00f3 Gyula, Cs\u0171r\u00f6s Karola, M\u00e9cs K\u00e1roly, Vetr\u00f3 Margit, Avar Istv\u00e1n is hat\u00e1sosak, nem besz\u00e9lve az ifj\u00fa Mendel\u00e9nyi Vilmosr\u00f3l, akinek szerepk\u00f6r\u00e9t \u00f6r\u00f6k \u00e9letre meghat\u00e1rozta a f\u00e9lszeg, szerelmes kamaszfi\u00fa felejthetetlen megform\u00e1l\u00e1sa. (Smal J\u00e1nos)<\/p>\n\n\n\n<figure class=\"wp-block-image size-full\"><img data-opt-id=1254185880  fetchpriority=\"high\" decoding=\"async\" width=\"960\" height=\"837\" src=\"https:\/\/mladjxeqsxgv.i.optimole.com\/cb:B3zE.b136\/w:auto\/h:auto\/q:mauto\/f:best\/https:\/\/ctalker.org\/wp-content\/uploads\/2022\/02\/MV5BMDVjM2E4MGQtM2NjZi00YTQwLTlkZWItMWE0NDljMzBlZWY5XkEyXkFqcGdeQXVyMzE4MzQ3Mw@@._V1_.jpg\" alt=\"\" class=\"wp-image-1832\" srcset=\"https:\/\/mladjxeqsxgv.i.optimole.com\/cb:B3zE.b136\/w:960\/h:837\/q:mauto\/f:best\/https:\/\/ctalker.org\/wp-content\/uploads\/2022\/02\/MV5BMDVjM2E4MGQtM2NjZi00YTQwLTlkZWItMWE0NDljMzBlZWY5XkEyXkFqcGdeQXVyMzE4MzQ3Mw@@._V1_.jpg 960w, https:\/\/mladjxeqsxgv.i.optimole.com\/cb:B3zE.b136\/w:300\/h:262\/q:mauto\/f:best\/https:\/\/ctalker.org\/wp-content\/uploads\/2022\/02\/MV5BMDVjM2E4MGQtM2NjZi00YTQwLTlkZWItMWE0NDljMzBlZWY5XkEyXkFqcGdeQXVyMzE4MzQ3Mw@@._V1_.jpg 300w, https:\/\/mladjxeqsxgv.i.optimole.com\/cb:B3zE.b136\/w:768\/h:670\/q:mauto\/f:best\/https:\/\/ctalker.org\/wp-content\/uploads\/2022\/02\/MV5BMDVjM2E4MGQtM2NjZi00YTQwLTlkZWItMWE0NDljMzBlZWY5XkEyXkFqcGdeQXVyMzE4MzQ3Mw@@._V1_.jpg 768w, https:\/\/mladjxeqsxgv.i.optimole.com\/cb:B3zE.b136\/w:960\/h:837\/q:mauto\/f:best\/dpr:2\/https:\/\/ctalker.org\/wp-content\/uploads\/2022\/02\/MV5BMDVjM2E4MGQtM2NjZi00YTQwLTlkZWItMWE0NDljMzBlZWY5XkEyXkFqcGdeQXVyMzE4MzQ3Mw@@._V1_.jpg 2x\" sizes=\"(max-width: 960px) 100vw, 960px\" \/><figcaption class=\"wp-element-caption\"><strong><em>Birk\u00e1s doktor azt szeretn\u00e9, ha feles\u00e9ge ink\u00e1bb otthon maradna, \u00e9s rendbe tartan\u00e1 a lak\u00e1st, \u00e9s f\u0151zne, p\u00e9ld\u00e1ul szilv\u00e1s gomb\u00f3cot, helyette.<\/em><\/strong>  Kal\u00f3 Fl\u00f3ri\u00e1n \u00e9s Domj\u00e1n Edit<\/figcaption><\/figure>\n\n\n\n\n\n<p style=\"text-align: justify;\">A filmszat\u00edra elej\u00e9n szerepl\u0151 riporter m\u00e1r k\u00edv\u00fclr\u0151l n\u00e9zi le a K\u00e1d\u00e1r-kor nyilv\u00e1noss\u00e1g\u00e1t. Hiszen tal\u00e1n \u00e9ppen lak\u00e1st\u00e9m\u00e1ban a legnyilv\u00e1nval\u00f3bb, hogy a m\u00e9dia k\u00f6zvet\u00edtette \u201enyilv\u00e1nos\u201d val\u00f3s\u00e1gk\u00e9p \u00e9s a kor \u201epriv\u00e1t\u201d val\u00f3s\u00e1ga k\u00f6z\u00f6tt ord\u00edt\u00f3 ellentmond\u00e1s fesz\u00fcl. Hersk\u00f3 b\u00e1tors\u00e1ga az, hogy meg meri mutatni, hogy ezt a k\u00fcl\u00f6nbs\u00e9get m\u00e1r nem tilos kibesz\u00e9lni. (Hirsch Tibor)<\/p>\n\n\n<div class=\"wp-block-image\">\n<figure class=\"aligncenter size-full\"><img data-opt-id=24504596  decoding=\"async\" width=\"248\" height=\"203\" src=\"https:\/\/mladjxeqsxgv.i.optimole.com\/cb:B3zE.b136\/w:auto\/h:auto\/q:mauto\/f:best\/https:\/\/ctalker.org\/wp-content\/uploads\/2022\/02\/images.jpg\" alt=\"\" class=\"wp-image-1833\" srcset=\"https:\/\/mladjxeqsxgv.i.optimole.com\/cb:B3zE.b136\/w:248\/h:203\/q:mauto\/f:best\/https:\/\/ctalker.org\/wp-content\/uploads\/2022\/02\/images.jpg 248w, https:\/\/mladjxeqsxgv.i.optimole.com\/cb:B3zE.b136\/w:248\/h:203\/q:mauto\/f:best\/dpr:2\/https:\/\/ctalker.org\/wp-content\/uploads\/2022\/02\/images.jpg 2x\" sizes=\"(max-width: 248px) 100vw, 248px\" \/><\/figure>\n<\/div>\n\n\n<p style=\"text-align: justify;\">Hersk\u00f3 J\u00e1nos \u201esz\u00fcletett demokrata\u201d, eur\u00f3pai sz\u00ednvonal\u00fa filmes, vagy ahogyan \u00f6nmag\u00e1t viccesen defini\u00e1lta, az \u201eutols\u00f3 szt\u00e1linista kult\u00farpolitikus\u201d. A magyar \u00fajhull\u00e1m aranykor\u00e1b\u00f3l Jancs\u00f3 mellett \u0151 az egyetlen, akire az \u00faj nemzed\u00e9k tagjai k\u00edv\u00e1ncsiak. Komplik\u00e1lt dramaturgia \u00e9s zs\u00fafolt, soksz\u00e1l\u00fa t\u00f6rt\u00e9netgabaly\u00edt\u00e1s jellemzi f\u0151 m\u0171veit. Hersk\u00f3 szerep\u00e9t a magyar filmben \u2013 els\u0151sorban f\u0151iskolai munk\u00e1j\u00e1nak szeml\u00e9letform\u00e1l\u00f3 ut\u00f3hat\u00e1saira utalva \u2013 Grunwalsky Ferenc fogalmazta meg legtal\u00e1l\u00f3bban: \u201e\u0150 ezt a k\u00f3kler mesters\u00e9get \u00e9rtelmis\u00e9gi foglalkoz\u00e1ss\u00e1 tette\u201d. A h\u00edres Hersk\u00f3-m\u00f3dszert pedig, L\u00e1nyi Andr\u00e1s foglalta \u00f6ssze legjobban. \u201eA Hersk\u00f3- m\u00f3dszernek nincs dogmatik\u00e1ja. V\u00e9gy egy tehets\u00e9ges embert, tudd meg, hogy \u0151 mit akar, \u00e9s seg\u00edts neki megcsin\u00e1lni, amit akar.\u201d Akik a h\u00e1rmas st\u00fadi\u00f3ban csin\u00e1lt\u00e1k annak idej\u00e9n els\u0151 filmj\u00fcket \u2013 Szab\u00f3 Istv\u00e1n, S\u00e1ra S\u00e1ndor, Kardos Ferenc, R\u00f3zsa J\u00e1nos, Sz\u00e1sz P\u00e9ter \u2013, s akik tan\u00edtv\u00e1nyai lehettek \u2013 S\u00e1ndor P\u00e1l, Gyarmathy L\u00edvia, Sim\u00f3 S\u00e1ndor, L\u00e1nyi Andr\u00e1s, Grunwalsky Ferenc, Szomjas Gy\u00f6rgy, Ember Judit, B\u00f6sz\u00f6rm\u00e9nyi G\u00e9za \u00e9s m\u00e1sok \u2013, val\u00f3sz\u00edn\u0171leg mind megkapt\u00e1k Hersk\u00f3t\u00f3l ezt a t\u00f6r\u0151d\u0151, felszabad\u00edt\u00f3 figyelmet.<\/p>\n<p style=\"text-align: right;\">Sz\u00e1sz Csongor<\/p>\n<div dir=\"auto\" style=\"text-align: center;\"><em>Tal\u00e1n nem t\u00falz\u00e1s azt \u00e1ll\u00edtani, Hersk\u00f3b\u00f3l fakadt a szociol\u00f3gia \u00e9s film rendk\u00edv\u00fcl term\u00e9keny h\u00e1zass\u00e1ga, olyan programad\u00f3 anyagok, mint a Szociol\u00f3giai Filmcsoportot!-ki\u00e1ltv\u00e1ny, D\u00e1rday, Szomjas, Ember Judit, Rag\u00e1lyi Elem\u00e9r val\u00f3s\u00e1gkutat\u00f3 munk\u00e1ss\u00e1ga vagy a progressz\u00edv Budapesti iskola. \u2026<\/em> (Muhi Kl\u00e1ra)<\/div>\n<div dir=\"auto\">\u00a0<\/div>\n<div dir=\"auto\">\u00a0<\/div>\n<div dir=\"auto\">\u00a0<\/div>\n<div dir=\"auto\">\u00a0<\/div>\n\n\n\n<figure class=\"wp-block-image size-large\"><img data-opt-id=2087418457  loading=\"lazy\" decoding=\"async\" width=\"1024\" height=\"229\" src=\"https:\/\/mladjxeqsxgv.i.optimole.com\/cb:B3zE.b136\/w:1024\/h:229\/q:mauto\/f:best\/https:\/\/ctalker.org\/wp-content\/uploads\/2022\/08\/megvalosult_a_magyar_kormany_tamogatasaval_bga_alap-1.jpg\" alt=\"\" class=\"wp-image-2279\" srcset=\"https:\/\/mladjxeqsxgv.i.optimole.com\/cb:B3zE.b136\/w:1024\/h:229\/q:mauto\/f:best\/https:\/\/ctalker.org\/wp-content\/uploads\/2022\/08\/megvalosult_a_magyar_kormany_tamogatasaval_bga_alap-1.jpg 1024w, https:\/\/mladjxeqsxgv.i.optimole.com\/cb:B3zE.b136\/w:300\/h:67\/q:mauto\/f:best\/https:\/\/ctalker.org\/wp-content\/uploads\/2022\/08\/megvalosult_a_magyar_kormany_tamogatasaval_bga_alap-1.jpg 300w, https:\/\/mladjxeqsxgv.i.optimole.com\/cb:B3zE.b136\/w:768\/h:171\/q:mauto\/f:best\/https:\/\/ctalker.org\/wp-content\/uploads\/2022\/08\/megvalosult_a_magyar_kormany_tamogatasaval_bga_alap-1.jpg 768w, https:\/\/mladjxeqsxgv.i.optimole.com\/cb:B3zE.b136\/w:1536\/h:343\/q:mauto\/f:best\/https:\/\/ctalker.org\/wp-content\/uploads\/2022\/08\/megvalosult_a_magyar_kormany_tamogatasaval_bga_alap-1.jpg 1536w, https:\/\/mladjxeqsxgv.i.optimole.com\/cb:B3zE.b136\/w:1920\/h:428\/q:mauto\/f:best\/https:\/\/ctalker.org\/wp-content\/uploads\/2022\/08\/megvalosult_a_magyar_kormany_tamogatasaval_bga_alap-1.jpg 2048w, https:\/\/mladjxeqsxgv.i.optimole.com\/cb:B3zE.b136\/w:1920\/h:428\/q:mauto\/f:best\/dpr:2\/https:\/\/ctalker.org\/wp-content\/uploads\/2022\/08\/megvalosult_a_magyar_kormany_tamogatasaval_bga_alap-1.jpg 2x\" sizes=\"(max-width: 1000px) 100vw, 1000px\" \/><figcaption class=\"wp-element-caption\">Megval\u00f3sult a Magyar Korm\u00e1ny t\u00e1mogat\u00e1s\u00e1val<\/figcaption><\/figure>\n","protected":false},"excerpt":{"rendered":"<p>Szabadka\/2022.02.02 Hersk\u00f3 J\u00e1nos: K\u00e9t emelet boldogs\u00e1g, magyar v\u00edgj\u00e1t\u00e9k, 96 p., 1960. &#8220;Hersk\u00f3 nemcsak form\u00e1lisan, hanem szeml\u00e9letileg is a nemzed\u00e9ki anal\u00edziseket v\u00e9gz\u0151 szerz\u0151k sor\u00e1ba tartozik, mindenekel\u0151tt a modernizmust keretez\u0151&nbsp;P\u00e1rbesz\u00e9d&nbsp;(1963) \u00e9s&nbsp;N. N. a hal\u00e1l angyala&nbsp;(1970) c\u00edm\u0171&#46;&#46;&#46;<\/p>\n","protected":false},"author":3,"featured_media":2042,"comment_status":"closed","ping_status":"closed","sticky":false,"template":"","format":"standard","meta":{"rop_custom_images_group":[],"rop_custom_messages_group":[],"rop_publish_now":"initial","rop_publish_now_accounts":[],"rop_publish_now_history":[],"rop_publish_now_status":"pending","_themeisle_gutenberg_block_has_review":false,"footnotes":""},"categories":[8,9],"tags":[],"class_list":["post-1828","post","type-post","status-publish","format-standard","has-post-thumbnail","hentry","category-kurbli","category-kurbli-filmklub"],"featured_image_src":"https:\/\/mladjxeqsxgv.i.optimole.com\/cb:B3zE.b136\/w:auto\/h:auto\/q:mauto\/f:best\/https:\/\/ctalker.org\/wp-content\/uploads\/2022\/02\/lead_097H624241.jpg","featured_image_src_square":"https:\/\/mladjxeqsxgv.i.optimole.com\/cb:B3zE.b136\/w:auto\/h:auto\/q:mauto\/f:best\/https:\/\/ctalker.org\/wp-content\/uploads\/2022\/02\/lead_097H624241.jpg","author_info":{"display_name":"Kari","author_link":"https:\/\/ctalker.org\/en\/author\/karina\/"},"_links":{"self":[{"href":"https:\/\/ctalker.org\/en\/wp-json\/wp\/v2\/posts\/1828","targetHints":{"allow":["GET"]}}],"collection":[{"href":"https:\/\/ctalker.org\/en\/wp-json\/wp\/v2\/posts"}],"about":[{"href":"https:\/\/ctalker.org\/en\/wp-json\/wp\/v2\/types\/post"}],"author":[{"embeddable":true,"href":"https:\/\/ctalker.org\/en\/wp-json\/wp\/v2\/users\/3"}],"replies":[{"embeddable":true,"href":"https:\/\/ctalker.org\/en\/wp-json\/wp\/v2\/comments?post=1828"}],"version-history":[{"count":7,"href":"https:\/\/ctalker.org\/en\/wp-json\/wp\/v2\/posts\/1828\/revisions"}],"predecessor-version":[{"id":3573,"href":"https:\/\/ctalker.org\/en\/wp-json\/wp\/v2\/posts\/1828\/revisions\/3573"}],"wp:featuredmedia":[{"embeddable":true,"href":"https:\/\/ctalker.org\/en\/wp-json\/wp\/v2\/media\/2042"}],"wp:attachment":[{"href":"https:\/\/ctalker.org\/en\/wp-json\/wp\/v2\/media?parent=1828"}],"wp:term":[{"taxonomy":"category","embeddable":true,"href":"https:\/\/ctalker.org\/en\/wp-json\/wp\/v2\/categories?post=1828"},{"taxonomy":"post_tag","embeddable":true,"href":"https:\/\/ctalker.org\/en\/wp-json\/wp\/v2\/tags?post=1828"}],"curies":[{"name":"wp","href":"https:\/\/api.w.org\/{rel}","templated":true}]}}