{"id":1751,"date":"2021-12-10T15:03:11","date_gmt":"2021-12-10T14:03:11","guid":{"rendered":"https:\/\/ctalker.org\/?p=1751"},"modified":"2021-12-10T15:03:13","modified_gmt":"2021-12-10T14:03:13","slug":"kurbli-filmklub-michelangelo-antonioni-az-ejszaka","status":"publish","type":"post","link":"https:\/\/ctalker.org\/en\/2021\/12\/10\/kurbli-filmklub-michelangelo-antonioni-az-ejszaka\/","title":{"rendered":"Kurbli Filmklub: Michelangelo Antonioni: Az \u00e9jszaka"},"content":{"rendered":"\n<p>Szabadka\/2021.12.08.<\/p>\n\n\n\n<p>1961, Michelangelo Antonioni: Az \u00e9jszaka (La notte), olasz filmdr\u00e1ma, 124 p.<\/p>\n\n\n\n<p class=\"has-text-align-center\">\u201cA boldogs\u00e1g olyan, mintha vizet akarn\u00e1l megtartani a tenyeredben.\u201d  ANTONIONI<\/p>\n\n\n\n<p style=\"text-align: justify;\">Antonioni k\u00f6zgazdas\u00e1gi tanulm\u00e1nyai ut\u00e1n R\u00f3m\u00e1ban lett filmkritikus, de a lap f\u0151szerkeszt\u0151j\u00e9vel, Benito Mussolini fasiszta dikt\u00e1tor fi\u00e1val t\u00e1madt vit\u00e1ja miatt elbocs\u00e1tott\u00e1k. Ezut\u00e1n Roberto Rossellini \u00e9s Luchino Visconti sz\u00e1m\u00e1ra \u00edrt forgat\u00f3k\u00f6nyveket. Rendez\u0151i p\u00e1lyafut\u00e1s\u00e1t a m\u00e1sodik vil\u00e1gh\u00e1bor\u00fa ut\u00e1n \u00e9lesen t\u00e1rsadalomkritikus dokumentumfilmekkel kezdte.<\/p>\n\n\n\n<div class=\"wp-block-cover has-background-dim\"><img data-opt-id=144068039  fetchpriority=\"high\" decoding=\"async\" width=\"600\" height=\"300\" class=\"wp-block-cover__image-background wp-image-1752\" alt=\"\" src=\"https:\/\/mladjxeqsxgv.i.optimole.com\/cb:B3zE.b136\/w:auto\/h:auto\/q:mauto\/f:best\/https:\/\/ctalker.org\/wp-content\/uploads\/2021\/12\/31cnd-antonioni1-600.jpg\" data-object-fit=\"cover\" srcset=\"https:\/\/mladjxeqsxgv.i.optimole.com\/cb:B3zE.b136\/w:600\/h:300\/q:mauto\/f:best\/https:\/\/ctalker.org\/wp-content\/uploads\/2021\/12\/31cnd-antonioni1-600.jpg 600w, https:\/\/mladjxeqsxgv.i.optimole.com\/cb:B3zE.b136\/w:300\/h:150\/q:mauto\/f:best\/https:\/\/ctalker.org\/wp-content\/uploads\/2021\/12\/31cnd-antonioni1-600.jpg 300w, https:\/\/mladjxeqsxgv.i.optimole.com\/cb:B3zE.b136\/w:600\/h:300\/q:mauto\/f:best\/dpr:2\/https:\/\/ctalker.org\/wp-content\/uploads\/2021\/12\/31cnd-antonioni1-600.jpg 2x\" sizes=\"(max-width: 600px) 100vw, 600px\" \/><div class=\"wp-block-cover__inner-container is-layout-flow wp-block-cover-is-layout-flow\">\n<p><\/p>\n\n\n\n<p><\/p>\n\n\n\n<p><\/p>\n\n\n\n<p><\/p>\n\n\n\n<p><\/p>\n\n\n\n<p><\/p>\n\n\n\n<p><\/p>\n\n\n\n<p><\/p>\n\n\n\n<p><\/p>\n\n\n\n<p class=\"has-text-align-left\">Antonioni, 94 \u00e9vesen halt meg New Yorkban, 2007-ben.<\/p>\n<\/div><\/div>\n\n\n\n<p style=\"text-align: justify;\">\u201cA boldogs\u00e1g olyan, mintha vizet akarn\u00e1l megtartani a tenyeredben.\u201d (ANTONIONI)<\/p>\n<p style=\"text-align: justify;\">Az nem k\u00e9rd\u00e9s, hogy voltunk-e m\u00e1r szerelmesek. Antonioni viszont azt \u00e1ll\u00edtja, hogy ennek a komplex \u00e9s nagy \u00e9rzelmi \u00e9s lelki hat\u00e1ssal egy\u00fctt j\u00e1r\u00f3 energia\u00e1raml\u00e1snak a zavara vagy a nagy f\u00e1jdalommal egy\u00fctt j\u00e1r\u00f3 teljes megsz\u0171n\u00e9se, a fesz\u00fclt nagyv\u00e1rosi mili\u0151ben \u00e9l\u0151 emberre jellemz\u0151bb \u00e9s r\u00e1ad\u00e1sul rosszabb hat\u00e1ssal is van, mint a spiritu\u00e1lis term\u00e9szeti k\u00f6rnyezetben, tradicion\u00e1lis keretek k\u00f6z\u00f6tt, v\u00e1rosi f\u00fcgg\u0151s\u00e9gek n\u00e9lk\u00fcl \u00e9l\u0151 ember sz\u00e1m\u00e1ra. Az \u00e9jszaka Michelangelo Antonioni 1962-es szerz\u0151i st\u00edlus\u00fa melodr\u00e1m\u00e1ja, ahol a modern v\u00e1rosban \u00e9l\u0151 egy\u00e9nt vizsg\u00e1lja \u2013 radik\u00e1lisan lass\u00fa, folyamatos kameramozg\u00e1ssal, elhanyagolhat\u00f3 cselekm\u00e9nnyel. A term\u00e9szetes spiritu\u00e1lis k\u00f6rnyezett\u0151l elszakadt \u00e9s ez\u00e1ltal \u00f6r\u00f6k\u00f6s \u00e9rzelmi v\u00e1ls\u00e1gban \u00e9s kicsinyes lelki f\u00fcgg\u00e9sekben \u00e9l\u0151 embert \u00e9s mesters\u00e9ges urb\u00e1nus k\u00f6rnyezet\u00e9nek egym\u00e1sra hat\u00e1s\u00e1t \u00e1br\u00e1zolja. Chatman szerint fontos kihangs\u00falyozni, hogy a t\u00e1j egyfajta lelki \u201efolytat\u00e1sa\u201d a szerepl\u0151k bels\u0151 vil\u00e1g\u00e1nak, a kett\u0151 k\u00f6z\u00f6tti kapcsolat metonimikus \u00e9s nem szimbolikus.<\/p>\n\n\n\n\n\n<figure class=\"wp-block-image size-large\"><img data-opt-id=365282302  fetchpriority=\"high\" decoding=\"async\" width=\"1024\" height=\"576\" src=\"https:\/\/mladjxeqsxgv.i.optimole.com\/cb:B3zE.b136\/w:1024\/h:576\/q:mauto\/f:best\/https:\/\/ctalker.org\/wp-content\/uploads\/2021\/12\/gKRcKTJ6T3Q7Z5mFoy2SrFWn7Af-1.jpg\" alt=\"\" class=\"wp-image-1754\" srcset=\"https:\/\/mladjxeqsxgv.i.optimole.com\/cb:B3zE.b136\/w:1024\/h:576\/q:mauto\/f:best\/https:\/\/ctalker.org\/wp-content\/uploads\/2021\/12\/gKRcKTJ6T3Q7Z5mFoy2SrFWn7Af-1.jpg 1024w, https:\/\/mladjxeqsxgv.i.optimole.com\/cb:B3zE.b136\/w:300\/h:169\/q:mauto\/f:best\/https:\/\/ctalker.org\/wp-content\/uploads\/2021\/12\/gKRcKTJ6T3Q7Z5mFoy2SrFWn7Af-1.jpg 300w, https:\/\/mladjxeqsxgv.i.optimole.com\/cb:B3zE.b136\/w:768\/h:432\/q:mauto\/f:best\/https:\/\/ctalker.org\/wp-content\/uploads\/2021\/12\/gKRcKTJ6T3Q7Z5mFoy2SrFWn7Af-1.jpg 768w, https:\/\/mladjxeqsxgv.i.optimole.com\/cb:B3zE.b136\/w:1280\/h:720\/q:mauto\/f:best\/https:\/\/ctalker.org\/wp-content\/uploads\/2021\/12\/gKRcKTJ6T3Q7Z5mFoy2SrFWn7Af-1.jpg 1280w, https:\/\/mladjxeqsxgv.i.optimole.com\/cb:B3zE.b136\/w:1280\/h:720\/q:mauto\/f:best\/dpr:2\/https:\/\/ctalker.org\/wp-content\/uploads\/2021\/12\/gKRcKTJ6T3Q7Z5mFoy2SrFWn7Af-1.jpg 2x\" sizes=\"(max-width: 1000px) 100vw, 1000px\" \/><\/figure>\n\n\n\n<figure class=\"wp-block-gallery columns-0 is-cropped wp-block-gallery-2 is-layout-flex wp-block-gallery-is-layout-flex\"><ul class=\"blocks-gallery-grid\"><\/ul><\/figure>\n\n\n\n<p style=\"text-align: justify;\">A rendez\u0151 \u00fajhull\u00e1mos minimalista tetral\u00f3gi\u00e1j\u00e1nak m\u00e1sodik filmj\u00e9ben a fels\u0151 k\u00f6z\u00e9poszt\u00e1lybeli ki\u00fcresedett karakterek egyre ridegebb vil\u00e1g\u00e1t \u00e9p\u00edti, de Az \u00e9jszaka m\u00e9g nem mentes n\u00e9mi szenved\u00e9lyt\u0151l sem. T\u00e9m\u00e1j\u00e1nak k\u00f6z\u00e9ppontj\u00e1ban az &#8220;\u00e9rzelmek betegs\u00e9g\u00e9nek&#8221; k\u00f6vetkezt\u00e9ben a ki\u00fcresedett, elveszett l\u00e9lek &#8220;szerelemrombol\u00f3&#8221; hat\u00e1sa \u00e1ll. M\u00e9g igazabb azt gondolni err\u0151l a filmr\u0151l, hogy egy szerelem elm\u00fal\u00e1s\u00e1nak intellektu\u00e1lis filmes megfogalmaz\u00e1sa. Ahol a szerelemesek \u00e9rzelmeinek k\u00f6lcs\u00f6n\u00f6s kih\u00fany\u00e1sa miatt, a term\u00e9szetes \u00e9s term\u00e9keny f\u00fcgg\u0151s\u00e9g\u00fck \u2013 k\u00fcls\u0151 \u00e9s bels\u0151 \u2013 t\u00e1rgy\u00e1nak hi\u00e1ny\u00e1t\u00f3l szenved\u0151 p\u00e1r, f\u00e1jdalmas, zavart lelki \u00e1llapota miatt l\u00e1ttatja Antonioni ki\u00fcresedettnek a val\u00f3s\u00e1got.<\/p>\n\n\n\n<figure class=\"wp-block-gallery columns-3 is-cropped wp-block-gallery-3 is-layout-flex wp-block-gallery-is-layout-flex\"><ul class=\"blocks-gallery-grid\"><li class=\"blocks-gallery-item\"><figure><img data-opt-id=1193446836  decoding=\"async\" width=\"463\" height=\"550\" src=\"https:\/\/mladjxeqsxgv.i.optimole.com\/cb:B3zE.b136\/w:auto\/h:auto\/q:mauto\/f:best\/https:\/\/ctalker.org\/wp-content\/uploads\/2021\/12\/ejszaka9-1.jpg\" alt=\"\" data-id=\"1756\" data-link=\"https:\/\/ctalker.org\/?attachment_id=1756\" class=\"wp-image-1756\" srcset=\"https:\/\/mladjxeqsxgv.i.optimole.com\/cb:B3zE.b136\/w:463\/h:550\/q:mauto\/f:best\/https:\/\/ctalker.org\/wp-content\/uploads\/2021\/12\/ejszaka9-1.jpg 463w, https:\/\/mladjxeqsxgv.i.optimole.com\/cb:B3zE.b136\/w:253\/h:300\/q:mauto\/f:best\/https:\/\/ctalker.org\/wp-content\/uploads\/2021\/12\/ejszaka9-1.jpg 253w, https:\/\/mladjxeqsxgv.i.optimole.com\/cb:B3zE.b136\/w:463\/h:550\/q:mauto\/f:best\/dpr:2\/https:\/\/ctalker.org\/wp-content\/uploads\/2021\/12\/ejszaka9-1.jpg 2x\" sizes=\"(max-width: 463px) 100vw, 463px\" \/><\/figure><\/li><li class=\"blocks-gallery-item\"><figure><img data-opt-id=1287662736  loading=\"lazy\" decoding=\"async\" width=\"300\" height=\"168\" src=\"https:\/\/mladjxeqsxgv.i.optimole.com\/cb:B3zE.b136\/w:auto\/h:auto\/q:mauto\/f:best\/https:\/\/ctalker.org\/wp-content\/uploads\/2021\/12\/images-6.jpg\" alt=\"\" data-id=\"1757\" data-link=\"https:\/\/ctalker.org\/?attachment_id=1757\" class=\"wp-image-1757\" srcset=\"https:\/\/mladjxeqsxgv.i.optimole.com\/cb:B3zE.b136\/w:300\/h:168\/q:mauto\/f:best\/https:\/\/ctalker.org\/wp-content\/uploads\/2021\/12\/images-6.jpg 300w, https:\/\/mladjxeqsxgv.i.optimole.com\/cb:B3zE.b136\/w:300\/h:168\/q:mauto\/f:best\/dpr:2\/https:\/\/ctalker.org\/wp-content\/uploads\/2021\/12\/images-6.jpg 2x\" sizes=\"(max-width: 300px) 100vw, 300px\" \/><\/figure><\/li><li class=\"blocks-gallery-item\"><figure><img data-opt-id=1652733701  loading=\"lazy\" decoding=\"async\" width=\"626\" height=\"373\" src=\"https:\/\/mladjxeqsxgv.i.optimole.com\/cb:B3zE.b136\/w:auto\/h:auto\/q:mauto\/f:best\/https:\/\/ctalker.org\/wp-content\/uploads\/2021\/12\/La-Notte-10.jpg\" alt=\"\" data-id=\"1758\" data-full-url=\"https:\/\/mladjxeqsxgv.i.optimole.com\/cb:B3zE.b136\/w:auto\/h:auto\/q:mauto\/f:best\/https:\/\/ctalker.org\/wp-content\/uploads\/2021\/12\/La-Notte-10.jpg\" data-link=\"https:\/\/ctalker.org\/?attachment_id=1758\" class=\"wp-image-1758\" srcset=\"https:\/\/mladjxeqsxgv.i.optimole.com\/cb:B3zE.b136\/w:626\/h:373\/q:mauto\/f:best\/https:\/\/ctalker.org\/wp-content\/uploads\/2021\/12\/La-Notte-10.jpg 626w, https:\/\/mladjxeqsxgv.i.optimole.com\/cb:B3zE.b136\/w:300\/h:179\/q:mauto\/f:best\/https:\/\/ctalker.org\/wp-content\/uploads\/2021\/12\/La-Notte-10.jpg 300w, https:\/\/mladjxeqsxgv.i.optimole.com\/cb:B3zE.b136\/w:626\/h:373\/q:mauto\/f:best\/dpr:2\/https:\/\/ctalker.org\/wp-content\/uploads\/2021\/12\/La-Notte-10.jpg 2x\" sizes=\"(max-width: 626px) 100vw, 626px\" \/><\/figure><\/li><\/ul><\/figure>\n\n\n\n<p style=\"text-align: justify;\">(A k\u00fcls\u0151 \u00e9s a bels\u0151, \u00e9s az audiovizu\u00e1lis text\u00fara \u00e9s a film bels\u0151 narr\u00e1ci\u00f3ja egym\u00e1st k\u00f6lcs\u00f6n\u00f6sen \u00e9p\u00edtik, ez\u00e9rt mindk\u00e9t ir\u00e1nyb\u00f3l t\u00f6rt\u00e9n\u0151 megk\u00f6zel\u00edt\u00e9s igaz.) \u201eHogyan lehet a hi\u00e1nyt megmutatni \u2013 vizualiz\u00e1lni azt, ami nincs, illetve \u00e1t\u00e9lhet\u0151v\u00e9 tenni a semmit? Antonioni sz\u00ednre l\u00e9p\u00e9s\u00e9ig mindez a lehetetlennel hat\u00e1ros v\u00e1llalkoz\u00e1snak tetszett a filmm\u0171v\u00e9szetben.\u201d (P\u00c1PAI)-Sz\u00e1sz Csongor<\/p>\n","protected":false},"excerpt":{"rendered":"<p>Szabadka\/2021.12.08. 1961, Michelangelo Antonioni: Az \u00e9jszaka (La notte), olasz filmdr\u00e1ma, 124 p. \u201cA boldogs\u00e1g olyan, mintha vizet akarn\u00e1l megtartani a tenyeredben.\u201d ANTONIONI Antonioni k\u00f6zgazdas\u00e1gi tanulm\u00e1nyai ut\u00e1n R\u00f3m\u00e1ban lett filmkritikus, de a lap f\u0151szerkeszt\u0151j\u00e9vel, Benito&#46;&#46;&#46;<\/p>\n","protected":false},"author":3,"featured_media":1765,"comment_status":"open","ping_status":"closed","sticky":false,"template":"","format":"standard","meta":{"rop_custom_images_group":[],"rop_custom_messages_group":[],"rop_publish_now":"initial","rop_publish_now_accounts":[],"rop_publish_now_history":[],"rop_publish_now_status":"pending","_themeisle_gutenberg_block_has_review":false,"footnotes":""},"categories":[6,8,9],"tags":[],"class_list":["post-1751","post","type-post","status-publish","format-standard","has-post-thumbnail","hentry","category-filmvetites","category-kurbli","category-kurbli-filmklub"],"featured_image_src":"https:\/\/mladjxeqsxgv.i.optimole.com\/cb:B3zE.b136\/w:auto\/h:auto\/q:mauto\/f:best\/https:\/\/ctalker.org\/wp-content\/uploads\/2021\/12\/264358212_10228314679113503_4807808078009388805_n.jpg","featured_image_src_square":"https:\/\/mladjxeqsxgv.i.optimole.com\/cb:B3zE.b136\/w:auto\/h:auto\/q:mauto\/f:best\/https:\/\/ctalker.org\/wp-content\/uploads\/2021\/12\/264358212_10228314679113503_4807808078009388805_n.jpg","author_info":{"display_name":"Kari","author_link":"https:\/\/ctalker.org\/en\/author\/karina\/"},"_links":{"self":[{"href":"https:\/\/ctalker.org\/en\/wp-json\/wp\/v2\/posts\/1751","targetHints":{"allow":["GET"]}}],"collection":[{"href":"https:\/\/ctalker.org\/en\/wp-json\/wp\/v2\/posts"}],"about":[{"href":"https:\/\/ctalker.org\/en\/wp-json\/wp\/v2\/types\/post"}],"author":[{"embeddable":true,"href":"https:\/\/ctalker.org\/en\/wp-json\/wp\/v2\/users\/3"}],"replies":[{"embeddable":true,"href":"https:\/\/ctalker.org\/en\/wp-json\/wp\/v2\/comments?post=1751"}],"version-history":[{"count":6,"href":"https:\/\/ctalker.org\/en\/wp-json\/wp\/v2\/posts\/1751\/revisions"}],"predecessor-version":[{"id":1764,"href":"https:\/\/ctalker.org\/en\/wp-json\/wp\/v2\/posts\/1751\/revisions\/1764"}],"wp:featuredmedia":[{"embeddable":true,"href":"https:\/\/ctalker.org\/en\/wp-json\/wp\/v2\/media\/1765"}],"wp:attachment":[{"href":"https:\/\/ctalker.org\/en\/wp-json\/wp\/v2\/media?parent=1751"}],"wp:term":[{"taxonomy":"category","embeddable":true,"href":"https:\/\/ctalker.org\/en\/wp-json\/wp\/v2\/categories?post=1751"},{"taxonomy":"post_tag","embeddable":true,"href":"https:\/\/ctalker.org\/en\/wp-json\/wp\/v2\/tags?post=1751"}],"curies":[{"name":"wp","href":"https:\/\/api.w.org\/{rel}","templated":true}]}}