{"id":1441,"date":"2021-09-27T08:52:02","date_gmt":"2021-09-27T07:52:02","guid":{"rendered":"https:\/\/ctalker.org\/?p=1441"},"modified":"2021-09-27T08:52:03","modified_gmt":"2021-09-27T07:52:03","slug":"online-dokumentumfilm-sorozat","status":"publish","type":"post","link":"https:\/\/ctalker.org\/en\/2021\/09\/27\/online-dokumentumfilm-sorozat\/","title":{"rendered":"Online dokumentumfilm-sorozat"},"content":{"rendered":"\n<p>Online dokumentumfilm-sorozat a Csantav\u00e9r-i Bell\u00e1nyi Ferencr\u0151l. A filmben a 99 \u00e9ves k\u00e9s\u00e9lez\u0151 mester \u00e9s m\u0171k\u00f6sz\u00f6r\u0171s, valamint aut\u00f3s oktat\u00f3, sof\u0151r \u00e9s motoros mes\u00e9l \u00e9vsz\u00e1zados Vajdas\u00e1g-i \u00e9let\u00e9r\u0151l, a gyermekkor\u00e1t\u00f3l napjainkig. A XX. sz\u00e1zadot \u00e1tsz\u00f6v\u0151 t\u00f6rt\u00e9netek visszany\u00falnak az els\u0151 vil\u00e1gh\u00e1bor\u00faig. A Csantav\u00e9rre telep\u00fclt Bell\u00e1nyi csal\u00e1d lesz\u00e1rmazottja, Ferenc a motoroz\u00e1s \u00fatt\u00f6r\u0151j\u00e9nek sz\u00e1m\u00edtott a faluban. A h\u00e9tr\u0151l-h\u00e9tre megjelen\u0151 \u00fajabb epiz\u00f3dok a ctalker.org honlapon visszan\u00e9zhet\u0151ek.<\/p>\n\n\n\n<figure class=\"wp-block-embed is-type-wp-embed is-provider-ctalker wp-block-embed-ctalker\"><div class=\"wp-block-embed__wrapper\">\n<blockquote class=\"wp-embedded-content\" data-secret=\"csHzPvkv1s\"><a href=\"https:\/\/ctalker.org\/?page_id=461\">WEBTV<\/a><\/blockquote><iframe class=\"wp-embedded-content\" sandbox=\"allow-scripts\" security=\"restricted\" style=\"position: absolute; clip: rect(1px, 1px, 1px, 1px);\" title=\"&#8220;WEBTV&#8221; &#8212; Ctalker\" src=\"https:\/\/ctalker.org\/?page_id=461&#038;embed=true#?secret=yfFwhqsCvj#?secret=csHzPvkv1s\" data-secret=\"csHzPvkv1s\" width=\"500\" height=\"282\" frameborder=\"0\" marginwidth=\"0\" marginheight=\"0\" scrolling=\"no\"><\/iframe>\n<\/div><\/figure>\n","protected":false},"excerpt":{"rendered":"<p>Online dokumentumfilm-sorozat a Csantav\u00e9r-i Bell\u00e1nyi Ferencr\u0151l. A filmben a 99 \u00e9ves k\u00e9s\u00e9lez\u0151 mester \u00e9s m\u0171k\u00f6sz\u00f6r\u0171s, valamint aut\u00f3s oktat\u00f3, sof\u0151r \u00e9s motoros mes\u00e9l \u00e9vsz\u00e1zados Vajdas\u00e1g-i \u00e9let\u00e9r\u0151l, a gyermekkor\u00e1t\u00f3l napjainkig. A XX. sz\u00e1zadot \u00e1tsz\u00f6v\u0151 t\u00f6rt\u00e9netek visszany\u00falnak&#46;&#46;&#46;<\/p>\n","protected":false},"author":1,"featured_media":659,"comment_status":"open","ping_status":"closed","sticky":false,"template":"","format":"standard","meta":{"rop_custom_images_group":[],"rop_custom_messages_group":[],"rop_publish_now":"initial","rop_publish_now_accounts":[],"rop_publish_now_history":[],"rop_publish_now_status":"pending","_themeisle_gutenberg_block_has_review":false,"footnotes":""},"categories":[1],"tags":[],"class_list":["post-1441","post","type-post","status-publish","format-standard","has-post-thumbnail","hentry","category-uncategorized"],"featured_image_src":"https:\/\/mladjxeqsxgv.i.optimole.com\/cb:B3zE.b136\/w:auto\/h:auto\/q:mauto\/f:best\/https:\/\/ctalker.org\/wp-content\/uploads\/2020\/01\/146056994_227340872385989_7787523797470853934_n.jpg","featured_image_src_square":"https:\/\/mladjxeqsxgv.i.optimole.com\/cb:B3zE.b136\/w:auto\/h:auto\/q:mauto\/f:best\/https:\/\/ctalker.org\/wp-content\/uploads\/2020\/01\/146056994_227340872385989_7787523797470853934_n.jpg","author_info":{"display_name":"kriszti\u0430n","author_link":"https:\/\/ctalker.org\/en\/author\/krs\/"},"_links":{"self":[{"href":"https:\/\/ctalker.org\/en\/wp-json\/wp\/v2\/posts\/1441","targetHints":{"allow":["GET"]}}],"collection":[{"href":"https:\/\/ctalker.org\/en\/wp-json\/wp\/v2\/posts"}],"about":[{"href":"https:\/\/ctalker.org\/en\/wp-json\/wp\/v2\/types\/post"}],"author":[{"embeddable":true,"href":"https:\/\/ctalker.org\/en\/wp-json\/wp\/v2\/users\/1"}],"replies":[{"embeddable":true,"href":"https:\/\/ctalker.org\/en\/wp-json\/wp\/v2\/comments?post=1441"}],"version-history":[{"count":1,"href":"https:\/\/ctalker.org\/en\/wp-json\/wp\/v2\/posts\/1441\/revisions"}],"predecessor-version":[{"id":1442,"href":"https:\/\/ctalker.org\/en\/wp-json\/wp\/v2\/posts\/1441\/revisions\/1442"}],"wp:featuredmedia":[{"embeddable":true,"href":"https:\/\/ctalker.org\/en\/wp-json\/wp\/v2\/media\/659"}],"wp:attachment":[{"href":"https:\/\/ctalker.org\/en\/wp-json\/wp\/v2\/media?parent=1441"}],"wp:term":[{"taxonomy":"category","embeddable":true,"href":"https:\/\/ctalker.org\/en\/wp-json\/wp\/v2\/categories?post=1441"},{"taxonomy":"post_tag","embeddable":true,"href":"https:\/\/ctalker.org\/en\/wp-json\/wp\/v2\/tags?post=1441"}],"curies":[{"name":"wp","href":"https:\/\/api.w.org\/{rel}","templated":true}]}}