{"id":1201,"date":"2021-04-15T06:33:14","date_gmt":"2021-04-15T05:33:14","guid":{"rendered":"https:\/\/ctalker.org\/?p=1201"},"modified":"2024-12-08T20:35:39","modified_gmt":"2024-12-08T19:35:39","slug":"muskatli-a-vajdasag-viragai-a-nepkor-magyar-muvelodesi-kozpontban","status":"publish","type":"post","link":"https:\/\/ctalker.org\/en\/2021\/04\/15\/muskatli-a-vajdasag-viragai-a-nepkor-magyar-muvelodesi-kozpontban\/","title":{"rendered":"MUSK\u00c1TLI, a Vajdas\u00e1g vir\u00e1gai &#8211; a N\u00e9pk\u00f6r Magyar M\u0171vel\u0151d\u00e9si K\u00f6zpontban"},"content":{"rendered":"\n<p>2021. \u00e1prilis 16. <\/p>\n\n\n\n<p>18 \u00f3r\u00e1t\u00f3l<\/p>\n\n\n\n<p>Helyfoglal\u00e1s: info@nepkor.rs 024\/557-033 telefonsz\u00e1mon (9:00 \u00f3r\u00e1t\u00f3l 13:00 \u00f3r\u00e1ig). Korl\u00e1tozott sz\u00e1m\u00fa k\u00f6z\u00f6ns\u00e9g el\u0151tt, a biztons\u00e1gi el\u0151\u00edr\u00e1sok betart\u00e1s\u00e1val, szervezz\u00fck rendezv\u00e9ny\u00fcnket. B\u00edzunk abban, hogy sokaknak lesz b\u00e1tors\u00e1ga \u00e9s ideje, \u00faj film\u00e9lm\u00e9nnyel ismerkedni.<\/p>\n\n\n\n<p>Musk\u00e1tli, a Vajdas\u00e1g vir\u00e1gai<br>Zen\u00e9s dokumentumfilm 76 percben.Az est moder\u00e1tora Siflis Zolt\u00e1n, Bal\u00e1zs B\u00e9la d\u00edjas dokumentumfilm rendez\u0151.A film t\u00e9m\u00e1j\u00e1nak k\u00f6z\u00e9ppontj\u00e1ban az 1986-ban kivir\u00e1gz\u00f3, majd 1991-ig t\u00f6retlen\u00fcl sikeres, vajdas\u00e1gi eredet\u0171 \u201eMusk\u00e1tli\u201d zene kultur\u00e1lis jelens\u00e9ge \u00e1ll. Arch\u00edv felv\u00e9telekb\u0151l, valamint a zen\u00e9szek, a szakemberek \u00e9s a m\u0171faj kedvel\u0151i elbesz\u00e9l\u00e9s\u00e9b\u0151l kider\u00fcl, hogyan alakult \u00e1t a magyar mulat\u00f3s n\u00e9pzenei st\u00edlus Musk\u00e1tli form\u00e1v\u00e1 \u00e9s a kultur\u00e1lis ellen\u00e1ll\u00e1s dac\u00e1ra, mi\u00e9rt olyan n\u00e9pszer\u0171 az ir\u00e1nyzat, m\u00e9g napjainkban is.<br><\/p>\n\n\n\n<p><a href=\"https:\/\/www.facebook.com\/N%C3%A9pk%C3%B6r-Magyar-M%C5%B1vel%C5%91d%C3%A9si-K%C3%B6zpont-386069981473879\/\">https:\/\/www.facebook.com\/N%C3%A9pk%C3%B6r-Magyar-M%C5%B1vel%C5%91d%C3%A9si-K%C3%B6zpont-386069981473879\/<\/a><\/p>\n\n\n\n<p><a href=\"https:\/\/pannonrtv.com\/rovatok\/kultura\/ujrano-muskatli-most-szabadkai-nepkorben?fbclid=IwAR2B5QHX5n-NEkwcxiCOfoLA3x7z81r7zYXf0CVUvCXl2kkiyzt0vC1DbqM\">https:\/\/pannonrtv.com\/rovatok\/kultura\/ujrano-muskatli-most-szabadkai-nepkorben?fbclid=IwAR2B5QHX5n-NEkwcxiCOfoLA3x7z81r7zYXf0CVUvCXl2kkiyzt0vC1DbqM<\/a><\/p>\n","protected":false},"excerpt":{"rendered":"<p>2021. \u00e1prilis 16. 18 \u00f3r\u00e1t\u00f3l Helyfoglal\u00e1s: info@nepkor.rs 024\/557-033 telefonsz\u00e1mon (9:00 \u00f3r\u00e1t\u00f3l 13:00 \u00f3r\u00e1ig). Korl\u00e1tozott sz\u00e1m\u00fa k\u00f6z\u00f6ns\u00e9g el\u0151tt, a biztons\u00e1gi el\u0151\u00edr\u00e1sok betart\u00e1s\u00e1val, szervezz\u00fck rendezv\u00e9ny\u00fcnket. B\u00edzunk abban, hogy sokaknak lesz b\u00e1tors\u00e1ga \u00e9s ideje, \u00faj film\u00e9lm\u00e9nnyel ismerkedni.&#46;&#46;&#46;<\/p>\n","protected":false},"author":1,"featured_media":1203,"comment_status":"closed","ping_status":"closed","sticky":false,"template":"elementor_theme","format":"standard","meta":{"rop_custom_images_group":[],"rop_custom_messages_group":[],"rop_publish_now":"initial","rop_publish_now_accounts":[],"rop_publish_now_history":[],"rop_publish_now_status":"pending","_themeisle_gutenberg_block_has_review":false,"footnotes":""},"categories":[6,36,33],"tags":[],"class_list":["post-1201","post","type-post","status-publish","format-standard","has-post-thumbnail","hentry","category-filmvetites","category-muskatli","category-szerzoi-est"],"featured_image_src":"https:\/\/mladjxeqsxgv.i.optimole.com\/cb:B3zE.b136\/w:auto\/h:auto\/q:mauto\/f:best\/https:\/\/ctalker.org\/wp-content\/uploads\/2021\/04\/173963145_258346909296582_1429980042640434999_n-e1618465157362.jpg","featured_image_src_square":"https:\/\/mladjxeqsxgv.i.optimole.com\/cb:B3zE.b136\/w:auto\/h:auto\/q:mauto\/f:best\/https:\/\/ctalker.org\/wp-content\/uploads\/2021\/04\/173963145_258346909296582_1429980042640434999_n-e1618465157362.jpg","author_info":{"display_name":"kriszti\u0430n","author_link":"https:\/\/ctalker.org\/en\/author\/krs\/"},"_links":{"self":[{"href":"https:\/\/ctalker.org\/en\/wp-json\/wp\/v2\/posts\/1201","targetHints":{"allow":["GET"]}}],"collection":[{"href":"https:\/\/ctalker.org\/en\/wp-json\/wp\/v2\/posts"}],"about":[{"href":"https:\/\/ctalker.org\/en\/wp-json\/wp\/v2\/types\/post"}],"author":[{"embeddable":true,"href":"https:\/\/ctalker.org\/en\/wp-json\/wp\/v2\/users\/1"}],"replies":[{"embeddable":true,"href":"https:\/\/ctalker.org\/en\/wp-json\/wp\/v2\/comments?post=1201"}],"version-history":[{"count":6,"href":"https:\/\/ctalker.org\/en\/wp-json\/wp\/v2\/posts\/1201\/revisions"}],"predecessor-version":[{"id":3982,"href":"https:\/\/ctalker.org\/en\/wp-json\/wp\/v2\/posts\/1201\/revisions\/3982"}],"wp:featuredmedia":[{"embeddable":true,"href":"https:\/\/ctalker.org\/en\/wp-json\/wp\/v2\/media\/1203"}],"wp:attachment":[{"href":"https:\/\/ctalker.org\/en\/wp-json\/wp\/v2\/media?parent=1201"}],"wp:term":[{"taxonomy":"category","embeddable":true,"href":"https:\/\/ctalker.org\/en\/wp-json\/wp\/v2\/categories?post=1201"},{"taxonomy":"post_tag","embeddable":true,"href":"https:\/\/ctalker.org\/en\/wp-json\/wp\/v2\/tags?post=1201"}],"curies":[{"name":"wp","href":"https:\/\/api.w.org\/{rel}","templated":true}]}}